{"id":539670,"date":"2022-11-30T07:12:22","date_gmt":"2022-11-30T04:12:22","guid":{"rendered":"https:\/\/arantv.az\/?p=539670"},"modified":"2022-11-30T07:12:22","modified_gmt":"2022-11-30T04:12:22","slug":"n%c9%99-q%c9%99d%c9%99r-ki-ikili-standartlar-var","status":"publish","type":"post","link":"https:\/\/arantv.az\/?p=539670","title":{"rendered":"N\u0259 q\u0259d\u0259r ki ikili standartlar var\u2026"},"content":{"rendered":"<p>Erm\u0259nistan\u0131n i\u015f\u011fal\u00e7\u0131l\u0131q siyas\u0259ti n\u0259tic\u0259sind\u0259 Az\u0259rbaycan xalq\u0131na m\u0259xsus \u00e7ox\u0259srlik q\u0259dim tarixi-dini abid\u0259l\u0259r da\u011f\u0131d\u0131laraq yerl\u0259-yeksan edilmi\u015f, onlar\u0131n bir qismi is\u0259 saxtala\u015fd\u0131r\u0131laraq erm\u0259nil\u0259\u015fdirilmi\u015fdir. T\u0259cav\u00fczkar d\u00f6vl\u0259tin bu c\u00fcr vandal \u0259m\u0259ll\u0259r\u0259 \u0259l atmaqda \u0259sas m\u0259qs\u0259di bizim minillikl\u0259r \u0259rzind\u0259 ya\u015fad\u0131\u011f\u0131m\u0131z torpaqlarda h\u0259m tarixi ke\u00e7mi\u015fimizi, h\u0259m d\u0259 m\u0259n\u0259vi yadda\u015f\u0131m\u0131z\u0131 m\u0259hv etm\u0259k olub. Az\u0259rbaycan xalq\u0131na m\u0259xsus tarixi-dini abid\u0259l\u0259r\u0259 qar\u015f\u0131 t\u0259cav\u00fcz m\u00fcxt\u0259lif istiqam\u0259tl\u0259rd\u0259 apar\u0131l\u0131b. Bel\u0259 ki, milli m\u0259nsubiyy\u0259ti v\u0259 dini \u0259n\u0259n\u0259l\u0259ri \u00f6z\u00fcnd\u0259 \u0259ks etdir\u0259n abid\u0259l\u0259r tamamil\u0259 da\u011f\u0131d\u0131l\u0131b v\u0259 ya erm\u0259nil\u0259\u015fdirilm\u0259sin\u0259, \u00f6zg\u0259l\u0259\u015fdirilib d\u0259yi\u015fdirilm\u0259sin\u0259 c\u0259hdl\u0259r edilib. \u0130\u015f\u011fal alt\u0131ndak\u0131 m\u00fcs\u0259lman dini kimliyin\u0259 aid olan abid\u0259l\u0259r, o c\u00fcml\u0259d\u0259n dig\u0259r m\u0259d\u0259niyy\u0259t n\u00fcmun\u0259l\u0259ri da\u011f\u0131d\u0131lmaqla yana\u015f\u0131, h\u0259m d\u0259 t\u0259hqir olunub. M\u0259scidl\u0259rd\u0259 donuz, mal-qara v\u0259 dig\u0259r heyvanlar\u0131n saxlan\u0131lmas\u0131 fakt\u0131 Q\u0259rb \u00f6lk\u0259l\u0259rinin fotom\u00fcxbirl\u0259ri t\u0259r\u0259find\u0259n d\u0259 lent\u0259 al\u0131nm\u0131\u015f v\u0259 b\u00fct\u00fcn d\u00fcnya ictimaiyy\u0259ti bu kadrlarla tan\u0131\u015f olmu\u015fdur. Bundan ba\u015fqa, Qafqaz Albaniyas\u0131na m\u0259xsus m\u0259b\u0259dl\u0259r erm\u0259nil\u0259\u015fdiril\u0259r\u0259k qriqoryanla\u015fd\u0131r\u0131lm\u0131\u015fd\u0131r. Bu g\u00fcn Qaraba\u011f b\u00f6lg\u0259sind\u0259 v\u0259 \u0259traf rayonlarda Az\u0259rbaycan\u0131n milli m\u0259d\u0259niyy\u0259t ocaqlar\u0131na erm\u0259ni t\u0259cav\u00fczkarlar\u0131n\u0131n vurduqlar\u0131 ziyan\u0131 d\u0259qiq hesablamaq m\u00fcmk\u00fcn deyildir. \u00c7\u00fcnki talan v\u0259 m\u0259hv edilmi\u015f s\u0259rv\u0259tl\u0259r n\u0259inki Az\u0259rbaycan\u0131n, h\u0259m d\u0259 b\u00fct\u00fcn d\u00fcnya sivilizasiyas\u0131n\u0131n misilsiz m\u0259d\u0259niyy\u0259t n\u00fcmun\u0259l\u0259ridir.<\/p>\n<p>Bir ne\u00e7\u0259 il \u00f6nc\u0259 erm\u0259ni arxeoloqlar o zaman i\u015f\u011fal alt\u0131nda olan A\u011fdam\u0131n \u015eahbulaq qalas\u0131nda qanunsuz qaz\u0131nt\u0131 i\u015fl\u0259ri aparm\u0131\u015fd\u0131. Arxeoloji ekspedisiyan\u0131n r\u0259hb\u0259ri Hamlet Petrosyan qalada qaz\u0131nt\u0131 i\u015fl\u0259ri apar\u0131lan zaman q\u0131z\u0131l m\u0259mulatlar\u0131ndan ibar\u0259t z\u0259rg\u0259rlik qal\u0131qlar\u0131n\u0131n tap\u0131ld\u0131\u011f\u0131n\u0131 demi\u015fdi. Qaz\u0131nt\u0131lar n\u0259tic\u0259sind\u0259 a\u015fkar edil\u0259n Az\u0259rbaycan memarl\u0131\u011f\u0131na aid q\u00fcll\u0259l\u0259r, bir s\u0131ra abid\u0259l\u0259r Erm\u0259nistana g\u00f6nd\u0259rilmi\u015fdi. H.Petrosyan\u0131n s\u00f6zl\u0259rin\u0259 g\u00f6r\u0259, 150 hektar sah\u0259y\u0259 s\u0259p\u0259l\u0259nmi\u015f \u015eahbulaq qalas\u0131n\u0131n \u0259traf\u0131nda orta \u0259srl\u0259r\u0259 m\u0259xsus tikilil\u0259r, yeralt\u0131 s\u0259rdab\u0259l\u0259r v\u0259 s. a\u015fkarlan\u0131bm\u0131\u015f. 44 g\u00fcnl\u00fck V\u0259t\u0259n m\u00fcharib\u0259si zaman\u0131 A\u011fdam muzeyinin eksponatlar\u0131 \u0130r\u0259vana da\u015f\u0131n\u0131b. 10 noyabr B\u0259yanat\u0131 imzaland\u0131qdan sonra 20 noyabra q\u0259d\u0259r A\u011fdam\u0131 bo\u015faltmal\u0131 olan erm\u0259nil\u0259r veril\u0259n zamandan istifad\u0259 edib qanunsuz qaz\u0131nt\u0131lar n\u0259tic\u0259sind\u0259 \u0259ld\u0259 olunan Az\u0259rbaycana m\u0259xsus arxeoloji materiallar\u0131 Erm\u0259nistana da\u015f\u0131y\u0131blar. Erm\u0259nil\u0259r t\u0259r\u0259find\u0259n qar\u0259t olunan muzey eksponatlar\u0131n\u0131n bir qismi ayr\u0131-ayr\u0131 Erm\u0259nistan d\u00f6vl\u0259t n\u00fcmay\u0259nd\u0259l\u0259rinin \u0259lin\u0259 ke\u00e7ib, bir qismi is\u0259 xarici \u00f6lk\u0259 v\u0259t\u0259nda\u015flar\u0131na sat\u0131l\u0131b.<\/p>\n<p>B\u0259z\u0259n is\u0259 erm\u0259nil\u0259r vaxtil\u0259 i\u015f\u011fal etdikl\u0259ri \u0259razil\u0259rd\u0259 yerl\u0259\u015f\u0259n m\u0259scidl\u0259rin Az\u0259rbaycan xalq\u0131na deyil, ba\u015fqa d\u00f6vl\u0259tl\u0259r\u0259 m\u0259xsus oldu\u011funu iddia edir v\u0259 bu niyy\u0259tl\u0259 m\u0259krli add\u0131mlar at\u0131rlar. Erm\u0259nil\u0259rin bu c\u00fcr vandal \u0259m\u0259ll\u0259rin\u0259 Erm\u0259nistandak\u0131 tarixi Az\u0259rbaycan \u0259razil\u0259rind\u0259 yerl\u0259\u015f\u0259n dini abid\u0259l\u0259r d\u0259 m\u0259ruz qalm\u0131\u015fd\u0131r. \u0130r\u0259van \u015eah Abbas m\u0259scidi, D\u0259mirbulaq m\u0259scidi, Hac\u0131 Novruz \u018fli m\u0259scidi, S\u0259rdar m\u0259scidi, Bu\u011fakar ziyar\u0259tgah\u0131, A\u011fad\u0259d\u0259 ziyar\u0259tgah\u0131 v\u0259 dig\u0259r m\u00fcq\u0259dd\u0259s yerl\u0259ri erm\u0259nil\u0259r tamamil\u0259 u\u00e7urmu\u015f, G\u00f6y m\u0259scidin is\u0259 memarl\u0131q x\u00fcsusiyy\u0259tl\u0259ri d\u0259yi\u015fdiril\u0259r\u0259k onun \u0130ran abid\u0259si oldu\u011fu iddia edilmi\u015fdir. Dini abid\u0259l\u0259rimiz\u0259 qar\u015f\u0131 erm\u0259ni t\u0259cav\u00fcz\u00fc bu g\u00fcn d\u0259 davam edir. \u0130\u015f\u011fal\u00e7\u0131 Erm\u0259nistan\u0131n tarixi-dini abid\u0259l\u0259rimiz\u0259 vurdu\u011fu ziyan davam etm\u0259kd\u0259dir. H\u0259rb c\u0259bh\u0259sind\u0259 u\u011fursuzlu\u011fa m\u0259ruz qalan erm\u0259ni silahl\u0131 birl\u0259\u015fm\u0259l\u0259ri m\u00fclki ya\u015fay\u0131\u015f yerl\u0259rin\u0259, o c\u00fcml\u0259d\u0259n tarixi abid\u0259l\u0259r\u0259, q\u0259biristanl\u0131qlara, ziyar\u0259t yerl\u0259rin\u0259 at\u0259\u015f a\u00e7maqdad\u0131rlar.<\/p>\n<p>G\u00f6r\u00fcnd\u00fcy\u00fc kimi, Az\u0259rbaycan\u0131n tarixi-m\u0259d\u0259ni irsinin m\u0259hv edilm\u0259si b\u00fct\u00fcn d\u00fcnyan\u0131n g\u00f6z\u00fc qar\u015f\u0131s\u0131nda ba\u015f verib. D\u00fcnya erm\u0259ni v\u0259h\u015filiyinin \u00f6l\u00e7\u00fcy\u0259g\u0259lm\u0259z d\u0259r\u0259c\u0259y\u0259 y\u00fcks\u0259lm\u0259sinin f\u0259rqind\u0259dir. Qaraba\u011f\u0131n i\u015f\u011faldan azad edilm\u0259sind\u0259n sonra apar\u0131lan monitorinql\u0259r v\u0259ziyy\u0259tin n\u0259 d\u0259r\u0259c\u0259d\u0259 ac\u0131nacaql\u0131 oldu\u011funu bir daha g\u00f6st\u0259rir. Amma \u00e7ox t\u0259\u0259ss\u00fcfl\u0259r olsun ki, yen\u0259 d\u0259 erm\u0259nil\u0259rin bu vandalizm \u0259m\u0259ll\u0259rin\u0259 g\u00f6z yummaqda davam edir. Beyn\u0259lxalq t\u0259\u015fkilatlar, o c\u00fcml\u0259d\u0259n UNESCO qar\u015f\u0131s\u0131nda qald\u0131r\u0131lan \u0259sas m\u0259s\u0259l\u0259l\u0259rd\u0259n biri d\u0259 m\u0259hz bununla ba\u011fl\u0131d\u0131r. Lakin t\u0259qdim edil\u0259n faktlara\u00a0 baxmayaraq, n\u0259 i\u015f\u011fal d\u00f6vr\u00fcnd\u0259, n\u0259 d\u0259 son 2 illik postm\u00fcharib\u0259 d\u00f6vr\u00fcnd\u0259 Az\u0259rbaycan\u0131n m\u0259d\u0259ni irsin\u0259 30 ild\u0259 Erm\u0259nistan t\u0259r\u0259find\u0259n vurulmu\u015f ziyan\u0131n qiym\u0259tl\u0259ndirilm\u0259si \u00fc\u00e7\u00fcn Qaraba\u011fa he\u00e7 bir missiya g\u00f6nd\u0259rm\u0259yib.<\/p>\n<p>2022-ci il 10 mart tarixind\u0259 Avropa Parlamenti t\u0259r\u0259find\u0259n q\u0259bul olunan Qaraba\u011fda erm\u0259ni m\u0259d\u0259ni irsinin m\u0259hv edilm\u0259si il\u0259 ba\u011fl\u0131 q\u0259tnam\u0259 erm\u0259ni lobbisinin \u0259lind\u0259 al\u0259t olan beyn\u0259lxalq v\u0259 regional t\u0259\u015fkilatlar\u0131n riyakar v\u0259 iki\u00fczl\u00fc siyas\u0259tinin t\u0259zah\u00fcr\u00fcd\u00fcr. Erm\u0259ni i\u015f\u011fal\u00e7\u0131lar\u0131n\u0131n \u00f6zba\u015f\u0131nal\u0131\u011f\u0131 n\u0259tic\u0259sind\u0259 tarix v\u0259 m\u0259d\u0259niyy\u0259t abid\u0259l\u0259rimizin da\u011f\u0131d\u0131lmas\u0131 v\u0259 q\u0259sd\u0259n korlanmas\u0131 &#8220;Silahl\u0131 m\u00fcnaqi\u015f\u0259 ba\u015f verdikd\u0259 m\u0259d\u0259ni d\u0259y\u0259rl\u0259rin qorunmas\u0131 haqq\u0131nda&#8221; 1954-c\u00fc il Haaqa Konvensiyas\u0131na, &#8220;Arxeoloji irsin m\u00fchafiz\u0259si haqq\u0131nda&#8221; 1992-ci il Avropa Konvensiyas\u0131na, &#8220;\u00dcmumd\u00fcnya m\u0259d\u0259ni v\u0259 t\u0259bii irsin m\u00fchafiz\u0259si haqq\u0131nda&#8221; UNESCO-nun 1972-ci il konvensiyas\u0131na zidd olmas\u0131na baxmayaraq bu m\u0259s\u0259l\u0259 il\u0259 ba\u011fl\u0131 Erm\u0259nistana h\u0259l\u0259 d\u0259 beyn\u0259lxalq t\u0259zyiq g\u00f6st\u0259rilm\u0259yib. Bu da beyn\u0259lxalq birliyin ikili standartlar\u0131n\u0131n n\u00f6vb\u0259ti bariz t\u0259c\u0259ss\u00fcm\u00fcd\u00fcr.<\/p>\n","protected":false},"excerpt":{"rendered":"<p>Erm\u0259nistan\u0131n i\u015f\u011fal\u00e7\u0131l\u0131q siyas\u0259ti n\u0259tic\u0259sind\u0259 Az\u0259rbaycan xalq\u0131na m\u0259xsus \u00e7ox\u0259srlik q\u0259dim tarixi-dini abid\u0259l\u0259r da\u011f\u0131d\u0131laraq yerl\u0259-yeksan edilmi\u015f, onlar\u0131n bir qismi is\u0259 saxtala\u015fd\u0131r\u0131laraq erm\u0259nil\u0259\u015fdirilmi\u015fdir. T\u0259cav\u00fczkar d\u00f6vl\u0259tin bu c\u00fcr vandal \u0259m\u0259ll\u0259r\u0259 \u0259l atmaqda \u0259sas m\u0259qs\u0259di bizim minillikl\u0259r \u0259rzind\u0259 ya\u015fad\u0131\u011f\u0131m\u0131z torpaqlarda h\u0259m tarixi ke\u00e7mi\u015fimizi, h\u0259m d\u0259 m\u0259n\u0259vi yadda\u015f\u0131m\u0131z\u0131 m\u0259hv etm\u0259k olub. Az\u0259rbaycan xalq\u0131na m\u0259xsus tarixi-dini abid\u0259l\u0259r\u0259 qar\u015f\u0131 t\u0259cav\u00fcz m\u00fcxt\u0259lif istiqam\u0259tl\u0259rd\u0259 apar\u0131l\u0131b. Bel\u0259 ki, milli m\u0259nsubiyy\u0259ti v\u0259 dini \u0259n\u0259n\u0259l\u0259ri \u00f6z\u00fcnd\u0259 \u0259ks etdir\u0259n abid\u0259l\u0259r tamamil\u0259 da\u011f\u0131d\u0131l\u0131b v\u0259 ya erm\u0259nil\u0259\u015fdirilm\u0259sin\u0259, \u00f6zg\u0259l\u0259\u015fdirilib d\u0259yi\u015fdirilm\u0259sin\u0259 c\u0259hdl\u0259r edilib. \u0130\u015f\u011fal alt\u0131ndak\u0131 m\u00fcs\u0259lman dini kimliyin\u0259 aid olan abid\u0259l\u0259r, o c\u00fcml\u0259d\u0259n dig\u0259r m\u0259d\u0259niyy\u0259t n\u00fcmun\u0259l\u0259ri da\u011f\u0131d\u0131lmaqla yana\u015f\u0131,&hellip;<\/p>\n","protected":false},"author":2,"featured_media":539671,"comment_status":"closed","ping_status":"closed","sticky":false,"template":"","format":"standard","meta":{"om_disable_all_campaigns":false,"_monsterinsights_skip_tracking":false,"_monsterinsights_sitenote_active":false,"_monsterinsights_sitenote_note":"","_monsterinsights_sitenote_category":0},"categories":[1],"tags":[],"aioseo_notices":[],"gutentor_comment":0,"rttpg_featured_image_url":{"full":["https:\/\/arantv.az\/wp-content\/uploads\/2022\/11\/f21e255f166972815086343189410391615.jpg",975,540,false],"landscape":["https:\/\/arantv.az\/wp-content\/uploads\/2022\/11\/f21e255f166972815086343189410391615.jpg",975,540,false],"portraits":["https:\/\/arantv.az\/wp-content\/uploads\/2022\/11\/f21e255f166972815086343189410391615.jpg",975,540,false],"thumbnail":["https:\/\/arantv.az\/wp-content\/uploads\/2022\/11\/f21e255f166972815086343189410391615-500x280.jpg",500,280,true],"medium":["https:\/\/arantv.az\/wp-content\/uploads\/2022\/11\/f21e255f166972815086343189410391615-660x365.jpg",660,365,true],"large":["https:\/\/arantv.az\/wp-content\/uploads\/2022\/11\/f21e255f166972815086343189410391615-840x465.jpg",640,354,true],"1536x1536":["https:\/\/arantv.az\/wp-content\/uploads\/2022\/11\/f21e255f166972815086343189410391615.jpg",975,540,false],"2048x2048":["https:\/\/arantv.az\/wp-content\/uploads\/2022\/11\/f21e255f166972815086343189410391615.jpg",975,540,false],"post-thumbnail":["https:\/\/arantv.az\/wp-content\/uploads\/2022\/11\/f21e255f166972815086343189410391615-240x172.jpg",240,172,true],"advps-thumb-one":["https:\/\/arantv.az\/wp-content\/uploads\/2022\/11\/f21e255f166972815086343189410391615.jpg",975,540,false]},"rttpg_author":{"display_name":"V\u00fcsal Rafiqo\u011flu","author_link":"https:\/\/arantv.az\/?author=2"},"rttpg_comment":0,"rttpg_category":"<a href=\"https:\/\/arantv.az\/?cat=1\" rel=\"category\">C\u0259miyy\u0259t<\/a>","rttpg_excerpt":"Erm\u0259nistan\u0131n i\u015f\u011fal\u00e7\u0131l\u0131q siyas\u0259ti n\u0259tic\u0259sind\u0259 Az\u0259rbaycan xalq\u0131na m\u0259xsus \u00e7ox\u0259srlik q\u0259dim tarixi-dini abid\u0259l\u0259r da\u011f\u0131d\u0131laraq yerl\u0259-yeksan edilmi\u015f, onlar\u0131n bir qismi is\u0259 saxtala\u015fd\u0131r\u0131laraq erm\u0259nil\u0259\u015fdirilmi\u015fdir. T\u0259cav\u00fczkar d\u00f6vl\u0259tin bu c\u00fcr vandal \u0259m\u0259ll\u0259r\u0259 \u0259l atmaqda \u0259sas m\u0259qs\u0259di bizim minillikl\u0259r \u0259rzind\u0259 ya\u015fad\u0131\u011f\u0131m\u0131z torpaqlarda h\u0259m tarixi ke\u00e7mi\u015fimizi, h\u0259m d\u0259 m\u0259n\u0259vi yadda\u015f\u0131m\u0131z\u0131 m\u0259hv etm\u0259k olub. Az\u0259rbaycan xalq\u0131na m\u0259xsus tarixi-dini abid\u0259l\u0259r\u0259 qar\u015f\u0131 t\u0259cav\u00fcz m\u00fcxt\u0259lif istiqam\u0259tl\u0259rd\u0259 apar\u0131l\u0131b.&hellip;","_links":{"self":[{"href":"https:\/\/arantv.az\/index.php?rest_route=\/wp\/v2\/posts\/539670"}],"collection":[{"href":"https:\/\/arantv.az\/index.php?rest_route=\/wp\/v2\/posts"}],"about":[{"href":"https:\/\/arantv.az\/index.php?rest_route=\/wp\/v2\/types\/post"}],"author":[{"embeddable":true,"href":"https:\/\/arantv.az\/index.php?rest_route=\/wp\/v2\/users\/2"}],"replies":[{"embeddable":true,"href":"https:\/\/arantv.az\/index.php?rest_route=%2Fwp%2Fv2%2Fcomments&post=539670"}],"version-history":[{"count":0,"href":"https:\/\/arantv.az\/index.php?rest_route=\/wp\/v2\/posts\/539670\/revisions"}],"wp:featuredmedia":[{"embeddable":true,"href":"https:\/\/arantv.az\/index.php?rest_route=\/wp\/v2\/media\/539671"}],"wp:attachment":[{"href":"https:\/\/arantv.az\/index.php?rest_route=%2Fwp%2Fv2%2Fmedia&parent=539670"}],"wp:term":[{"taxonomy":"category","embeddable":true,"href":"https:\/\/arantv.az\/index.php?rest_route=%2Fwp%2Fv2%2Fcategories&post=539670"},{"taxonomy":"post_tag","embeddable":true,"href":"https:\/\/arantv.az\/index.php?rest_route=%2Fwp%2Fv2%2Ftags&post=539670"}],"curies":[{"name":"wp","href":"https:\/\/api.w.org\/{rel}","templated":true}]}}