{"id":539676,"date":"2022-11-30T07:16:43","date_gmt":"2022-11-30T04:16:43","guid":{"rendered":"https:\/\/arantv.az\/?p=539676"},"modified":"2022-11-30T07:16:43","modified_gmt":"2022-11-30T04:16:43","slug":"muasir-az%c9%99rbaycan-ulu-ond%c9%99r-heyd%c9%99r-%c9%99liyevin-h%c9%99yat-amalinin-t%c9%99nt%c9%99n%c9%99sidir","status":"publish","type":"post","link":"https:\/\/arantv.az\/?p=539676","title":{"rendered":"M\u00fcasir Az\u0259rbaycan ulu \u00f6nd\u0259r Heyd\u0259r \u018fliyevin h\u0259yat amal\u0131n\u0131n t\u0259nt\u0259n\u0259sidir"},"content":{"rendered":"<p><em><strong>\u00abHeyd\u0259r \u018fliyev \u0130li\u00bbnin t\u0259sis edilm\u0259si, h\u0259m\u00e7inin T\u0259dbirl\u0259r Plan\u0131n\u0131n t\u0259sdiql\u0259nm\u0259si dahi \u015f\u0259xsiyy\u0259tin d\u00f6vl\u0259timiz, xalq\u0131m\u0131z qar\u015f\u0131s\u0131nda xidm\u0259tl\u0259rinin \u00e7ox\u015fax\u0259liliyini, miqyas\u0131n\u0131n b\u00f6y\u00fckl\u00fcy\u00fcn\u00fc t\u0259sdiql\u0259yir<\/strong><\/em><\/p>\n<p>Prezident \u0130lham \u018fliyevin 29 sentyabr 2022-ci il tarixli S\u0259r\u0259ncam\u0131 il\u0259 2023-c\u00fc il \u00f6lk\u0259mizd\u0259 \u201cHeyd\u0259r \u018fliyev \u0130li\u201d elan edildi. \u00d6lk\u0259 Prezidentinin 28 noyabr 2022-ci il tarixli S\u0259r\u0259ncam\u0131 il\u0259 18 m\u00fcdd\u0259adan ibar\u0259t \u00abAz\u0259rbaycan Respublikas\u0131nda 2023-c\u00fc ilin \u201cHeyd\u0259r \u018fliyev \u0130li\u201d elan edilm\u0259si il\u0259 ba\u011fl\u0131 T\u0259dbirl\u0259r plan\u0131 t\u0259sdiql\u0259ndi. 2023-c\u00fc il \u00e7\u0259r\u00e7iv\u0259sind\u0259 g\u00f6r\u00fcl\u0259c\u0259k i\u015fl\u0259r bunlardan ibar\u0259tdir: Heyd\u0259r \u018fliyev \u0130li\u201d il\u0259 ba\u011fl\u0131 yerli v\u0259 beyn\u0259lxalq \u0259h\u0259miyy\u0259tli forum, konfrans, simpozium, d\u0259yirmi masa v\u0259 seminarlar\u0131n ke\u00e7irilm\u0259si; yerli v\u0259 xarici mediada \u00fcmummilli lider Heyd\u0259r \u018fliyevin h\u0259yat v\u0259 f\u0259aliyy\u0259tini \u0259ks etdir\u0259n verili\u015f, s\u0259n\u0259dli film v\u0259 video\u00e7arxlar\u0131n n\u00fcmayi\u015f etdirilm\u0259si, m\u00fcsahib\u0259 v\u0259 m\u0259qal\u0259l\u0259rin d\u0259rc edilm\u0259si; Az\u0259rbaycan Respublikas\u0131n\u0131n \u015f\u0259h\u0259r v\u0259 rayonlar\u0131nda elm v\u0259 m\u0259d\u0259niyy\u0259t xadiml\u0259rinin, tan\u0131nm\u0131\u015f ziyal\u0131lar\u0131n i\u015ftirak\u0131 il\u0259 \u00fcmummilli lider Heyd\u0259r \u018fliyevin 100 illiyin\u0259 h\u0259sr olunmu\u015f t\u0259dbirl\u0259r ke\u00e7irilm\u0259si; Az\u0259rbaycan Respublikas\u0131n\u0131n \u015f\u0259h\u0259r v\u0259 rayonlar\u0131nda \u201cHeyd\u0259r \u018fliyev \u0130li\u201dn\u0259 h\u0259sr olunmu\u015f m\u00fcxt\u0259lif m\u00fcsabiq\u0259l\u0259rin, s\u0259rgi, festival v\u0259 d\u00fc\u015f\u0259rg\u0259l\u0259rin, konsert v\u0259 tama\u015falar\u0131n t\u0259\u015fkili; Az\u0259rbaycan Respublikas\u0131n\u0131n diplomatik n\u00fcmay\u0259nd\u0259likl\u0259ri t\u0259r\u0259find\u0259n \u201cHeyd\u0259r \u018fliyev \u0130li\u201d il\u0259 ba\u011fl\u0131 t\u0259dbirl\u0259r ke\u00e7irilm\u0259si; Az\u0259rbaycan diaspor t\u0259\u015fkilatlar\u0131, koordinasiya \u015furalar\u0131, Az\u0259rbaycan Evl\u0259ri v\u0259 h\u0259ft\u0259sonu m\u0259kt\u0259bl\u0259rind\u0259 \u201cHeyd\u0259r \u018fliyev \u0130li\u201dn\u0259 h\u0259sr olunmu\u015f t\u0259dbirl\u0259r ke\u00e7irilm\u0259si; Az\u0259rbaycan Respublikas\u0131n\u0131n \u00fczv oldu\u011fu beyn\u0259lxalq t\u0259\u015fkilatlarda \u201cHeyd\u0259r \u018fliyev \u0130li\u201d il\u0259 \u0259laq\u0259dar t\u0259dbirl\u0259rin t\u0259\u015fkili; \u201cHeyd\u0259r \u018fliyev \u0130li\u201d \u00e7\u0259r\u00e7iv\u0259sind\u0259 idman yar\u0131\u015flar\u0131n\u0131n v\u0259 beyn\u0259lxalq turnirl\u0259rin t\u0259\u015fkili, \u201cHeyd\u0259r \u018fliyev \u0130li\u201d il\u0259 \u0259laq\u0259dar \u00f6lk\u0259 \u0259razisind\u0259 m\u00fcvafiq poster v\u0259 bannerl\u0259rin yerl\u0259\u015fdirilm\u0259si, r\u0259q\u0259mli bilbordlarda v\u0259 monitorlarda video\u00e7arxlar\u0131n n\u00fcmayi\u015f etdirilm\u0259si; Ulu \u00d6nd\u0259rin irsin\u0259 h\u0259sr olunmu\u015f \u0259s\u0259rl\u0259rin, kitablar\u0131n v\u0259 monoqrafiyalar\u0131n n\u0259\u015fri; Ali t\u0259hsild\u0259 y\u00fcks\u0259k akademik g\u00f6st\u0259ricil\u0259ri olan t\u0259l\u0259b\u0259l\u0259r \u00fc\u00e7\u00fcn \u201cHeyd\u0259r \u018fliyev t\u0259qa\u00fcd\u00fc\u201dn\u00fcn t\u0259sis edilm\u0259si; T\u0259hsil m\u00fc\u0259ssis\u0259l\u0259rind\u0259 \u201cHeyd\u0259r \u018fliyev d\u0259rsl\u0259ri\u201dnin ke\u00e7irilm\u0259si; \u00abHeyd\u0259r \u018fliyev \u0130li\u00bb \u00e7\u0259r\u00e7iv\u0259sind\u0259 sosial d\u0259st\u0259k t\u0259dbirl\u0259rinin v\u0259 xeyriyy\u0259 aksiyalar\u0131n\u0131n ke\u00e7irilm\u0259si; Az\u0259rbaycan Respublikas\u0131n\u0131n \u015f\u0259h\u0259r v\u0259 rayonlar\u0131nda \u00fcmummilli lider Heyd\u0259r \u018fliyevin 100 illiyin\u0259 h\u0259sr olunmu\u015f a\u011fac\u0259km\u0259 aksiyalar\u0131n\u0131n ke\u00e7irilm\u0259si v\u0259 abadl\u0131q i\u015fl\u0259rinin apar\u0131lmas\u0131; Az\u0259rbaycan Respublikas\u0131n\u0131n \u201cHeyd\u0259r \u018fliyev \u2013 100\u201d yubiley medal\u0131n\u0131n t\u0259sis edilm\u0259si; Az\u0259rbaycan xalq\u0131n\u0131n \u00fcmummilli lideri Heyd\u0259r \u018fliyevin 100 illik yubileyin\u0259 h\u0259sr olunmu\u015f po\u00e7t markalar\u0131n\u0131n v\u0259 xatir\u0259 ni\u015fanlar\u0131n\u0131n burax\u0131lmas\u0131; Az\u0259rbaycan xalq\u0131n\u0131n \u00fcmummilli lideri Heyd\u0259r \u018fliyevin 100 illik yubileyin\u0259 h\u0259sr olunmu\u015f q\u0131z\u0131l sikk\u0259l\u0259rin haz\u0131rlanmas\u0131, Heyd\u0259r \u018fliyev M\u00fckafat\u0131n\u0131n t\u0259qdimat m\u0259rasiminin ke\u00e7irilm\u0259si.<\/p>\n<p>\u00abHeyd\u0259r \u018fliyev \u0130li\u00bbnin t\u0259sis edilm\u0259si, h\u0259m\u00e7inin T\u0259dbirl\u0259r Plan\u0131n\u0131n t\u0259sdiql\u0259nm\u0259si dahi \u015f\u0259xsiyy\u0259tin d\u00f6vl\u0259timiz, xalq\u0131m\u0131z qar\u015f\u0131s\u0131nda xidm\u0259tl\u0259rinin \u00e7ox\u015fax\u0259liliyini, miqyas\u0131n\u0131n b\u00f6y\u00fckl\u00fcy\u00fcn\u00fc t\u0259sdiql\u0259yir. M\u00fcasir m\u00fcst\u0259qil Az\u0259rbaycan ulu \u00f6nd\u0259r Heyd\u0259r \u018fliyevin \u015fah \u0259s\u0259ridir. Bu fikir \u00f6z\u00fcnd\u0259 b\u00fct\u00fcn m\u0259qamlar\u0131 ehtiva edir. \u00dcmummilli Lider 1993-c\u00fc ild\u0259 xalq\u0131n t\u0259kidli t\u0259l\u0259bi \u0259sas\u0131nda hakimiyy\u0259t\u0259 qay\u0131d\u0131\u015f\u0131 il\u0259 xilaskarl\u0131q missiyas\u0131n\u0131 u\u011furla yerin\u0259 yetir\u0259r\u0259k Az\u0259rbaycan\u0131 xaosdan, anarxiyadan, \u00f6zba\u015f\u0131nal\u0131qdan, iqtisadi b\u00f6hrandan xilas etdi. Torpaqlar\u0131m\u0131z\u0131n i\u015f\u011fal\u0131n\u0131n qar\u015f\u0131s\u0131n\u0131 ald\u0131. 1994-c\u00fc ild\u0259 dahi \u015f\u0259xsiyy\u0259tin s\u0259yl\u0259ri n\u0259tic\u0259sind\u0259 c\u0259bh\u0259 x\u0259ttind\u0259 at\u0259\u015fk\u0259sin \u0259ld\u0259 olunmas\u0131 \u00f6lk\u0259mizd\u0259 sabitliyin m\u00f6hk\u0259ml\u0259ndirilm\u0259sind\u0259 \u00f6z s\u00f6z\u00fcn\u00fc dedi. Sabitlik b\u00fct\u00fcn inki\u015faf\u0131n \u0259sas\u0131d\u0131r. Az\u0259rbaycan yenid\u0259n quruldu. D\u00f6vl\u0259t\u00e7iliyin \u0259saslar\u0131 yarad\u0131ld\u0131.<\/p>\n<p>\u00abHeyd\u0259r \u018fliyev \u0130li\u00bb dahi \u015f\u0259xsiyy\u0259tin m\u00fcasir m\u00fcst\u0259qil Az\u0259rbaycan Respublikas\u0131n\u0131n, d\u00f6vl\u0259t\u00e7iliyimizin bug\u00fcnk\u00fc t\u0259r\u0259qqisind\u0259, \u0259n \u0259sas\u0131 qalib \u00f6lk\u0259 kimi beyn\u0259lxalq al\u0259md\u0259 tan\u0131nmas\u0131nda rolunu v\u0259 xidm\u0259tl\u0259rini \u00fcmumil\u0259\u015fdirir. Bug\u00fcnk\u00fc qalib Az\u0259rbaycan ulu \u00f6nd\u0259r Heyd\u0259r \u018fliyev siyas\u0259tinin t\u0259nt\u0259n\u0259sidir. Lakin 2023-c\u00fc ilin \u00fcmumilikd\u0259 \u201cHeyd\u0259r \u018fliyev \u0130li\u201d elan edilm\u0259si bu dahi \u015f\u0259xsiyy\u0259tin f\u0259aliyy\u0259tinin ayr\u0131-ayr\u0131 istiqam\u0259tl\u0259rinin daha d\u0259rind\u0259n ara\u015fd\u0131r\u0131lmas\u0131na, bu g\u00fcn\u0259d\u0259k \u00e7ap olunan elmi \u0259s\u0259rl\u0259rin, kitablar\u0131n s\u0131ras\u0131na yenil\u0259rinin \u0259lav\u0259 olunmas\u0131na geni\u015f imkanlar yaradacaq. T\u0259dbirl\u0259r Plan\u0131nda da bu kimi m\u00fcdd\u0259alar \u00f6z \u0259ksini tap\u0131r. Onun f\u0259aliyy\u0259tinin h\u0259r bir m\u0259rh\u0259l\u0259si &#8211; ist\u0259r Az\u0259rbaycanda hakimiyy\u0259tinin birinci d\u00f6vr\u00fc (1969-1982), ist\u0259r Nax\u00e7\u0131van m\u0259rh\u0259l\u0259si, ist\u0259rs\u0259 d\u0259 m\u00fcst\u0259qilliyimizin b\u0259rpas\u0131ndan sonrak\u0131 d\u00f6vr ayr\u0131-ayr\u0131l\u0131qda t\u0259dqiqat m\u00f6vzusudur.<\/p>\n<p>S\u0259r\u0259ncamda da qeyd edildiyi kimi, ulu \u00f6nd\u0259r Heyd\u0259r \u018fliyev \u00f6z xalq\u0131n\u0131 zaman\u0131n m\u00fcr\u0259kk\u0259b tarixi-siyasi s\u0131naqlar\u0131ndan u\u011furla \u00e7\u0131xarm\u0131\u015f v\u0259 ard\u0131c\u0131l m\u00fcbariz\u0259 apararaq onu m\u00fcst\u0259qilliy\u0259 qovu\u015fdurmu\u015f q\u00fcdr\u0259tli \u015f\u0259xsiyy\u0259tdir. Davaml\u0131 y\u00fcks\u0259li\u015f yolunda inamla ir\u0259lil\u0259y\u0259n m\u00fcasir Az\u0259rbaycan ulu \u00f6nd\u0259r Heyd\u0259r \u018fliyevin h\u0259yat amal\u0131n\u0131n t\u0259nt\u0259n\u0259sidir. Dahi \u015f\u0259xsiyy\u0259t h\u0259l\u0259 hakimiyy\u0259tinin birinci d\u00f6vr\u00fcnd\u0259 Az\u0259rbaycan\u0131n m\u00fcst\u0259qil g\u0259l\u0259c\u0259yini d\u00fc\u015f\u00fcn\u0259r\u0259k biri-birind\u0259n m\u00fch\u00fcm add\u0131mlar atm\u0131\u015fd\u0131r. Bu fikir h\u0259r zaman \u00f6n\u0259 \u00e7\u0259kilir ki, ulu \u00f6nd\u0259r Heyd\u0259r \u018fliyev hakimiyy\u0259tinin birinci d\u00f6vr\u00fcnd\u0259 Az\u0259rbaycan\u0131 ke\u00e7mi\u015f \u0130ttifaq\u0131n \u0259n gerid\u0259 qalm\u0131\u015f respublikas\u0131ndan qabaqc\u0131l \u00f6lk\u0259y\u0259 \u00e7evirdiyi kimi, hakimiyy\u0259tinin ikinci m\u0259rh\u0259l\u0259sind\u0259 d\u0259 m\u00fcst\u0259qilliyimizin xilaskar\u0131 kimi ad\u0131n\u0131 tarix\u0259 q\u0131z\u0131l h\u0259rfl\u0259rl\u0259 yazd\u0131. 1969-1982-ci ill\u0259rd\u0259 qoyulan m\u00f6hk\u0259m iqtisadi t\u0259m\u0259l bug\u00fcn\u00fcm\u00fcz \u00fc\u00e7\u00fcn \u0259sas oldu. Ulu \u00f6nd\u0259r Heyd\u0259r \u018fliyev 1993-c\u00fc ild\u0259 xalq\u0131n t\u0259kidli t\u0259l\u0259bi il\u0259 hakimiyy\u0259t\u0259 qay\u0131d\u0131\u015fandan sonra m\u00fcst\u0259qilliyimizin ilk ill\u0259rind\u0259 Az\u0259rbaycan\u0131n ya\u015fad\u0131\u011f\u0131 \u00e7\u0259tinlikl\u0259r fonunda hakimiyy\u0259tinin birinci d\u00f6vr\u00fcn\u00fc bel\u0259 xarakteriz\u0259 edirdi ki, o d\u00f6vrl\u0259rd\u0259 yaranm\u0131\u015f iqtisadi potensial bizim b\u00f6y\u00fck s\u0259rv\u0259timizdir. Bu s\u0259rv\u0259t d\u0259 Az\u0259rbaycan\u0131n tam s\u0259rb\u0259st, he\u00e7 bir d\u00f6vl\u0259td\u0259n as\u0131l\u0131 olmayaraq ya\u015famas\u0131na imkan verir. Biz m\u00fcst\u0259qilliyimizi tam b\u0259rpa etdikd\u0259n v\u0259 qar\u015f\u0131da duran v\u0259zif\u0259l\u0259ri h\u0259yata ke\u00e7irdikd\u0259n sonra \u00f6lk\u0259mizin bu iqtisadi potensial\u0131n\u0131n b\u0259hr\u0259l\u0259rini Az\u0259rbaycan\u0131n h\u0259r bir v\u0259t\u0259nda\u015f\u0131 g\u00f6r\u0259c\u0259k v\u0259 bunun say\u0259sind\u0259 \u015f\u0259n, firavan ya\u015fayacaqlar.<\/p>\n<p>Az\u0259rbaycan d\u00f6vl\u0259t m\u00fcst\u0259qilliyini b\u0259rpa etdikd\u0259n, daha d\u0259qiq des\u0259k, ulu \u00f6nd\u0259r Heyd\u0259r \u018fliyevin xalq\u0131n t\u0259kidli t\u0259l\u0259bi il\u0259 hakimiyy\u0259t\u0259 qay\u0131d\u0131\u015f\u0131ndan sonra \u00f6lk\u0259mizin iqtisadi inki\u015faf dinamikas\u0131na diqq\u0259t yetirm\u0259k kifay\u0259tdir ki, \u00dcmummilli Liderin bu fikirl\u0259rinin reall\u0131qda \u00f6z t\u0259sdiqini tapd\u0131\u011f\u0131n\u0131 \u0259minlikl\u0259 qeyd ed\u0259k. Az\u0259rbaycana r\u0259hb\u0259rliyinin birinci d\u00f6vr\u00fcnd\u0259 Heyd\u0259r \u018fliyev \u00f6z\u00fcn\u00fcn b\u00f6y\u00fck idar\u0259\u00e7ilik bacar\u0131\u011f\u0131, polad irad\u0259si v\u0259 y\u00fcks\u0259k v\u0259t\u0259np\u0259rv\u0259rliyi say\u0259sind\u0259, uzaqg\u00f6r\u0259n v\u0259 m\u0259qs\u0259dy\u00f6nl\u00fc q\u0259rarlar\u0131 il\u0259 \u00e7ox q\u0131sa m\u00fcdd\u0259td\u0259 respublikam\u0131zda sosial-iqtisadi, elmi-texniki v\u0259 m\u0259d\u0259ni sah\u0259l\u0259rin inki\u015faf\u0131nda b\u00f6y\u00fck s\u0131\u00e7ray\u0131\u015fa nail olub. Tariximizin gedi\u015fat\u0131n\u0131n v\u0259 h\u0259yat\u0131m\u0131z\u0131n ah\u0259nginin k\u00f6kl\u00fc sur\u0259td\u0259 d\u0259yi\u015fdiyi, azadl\u0131q v\u0259 m\u00fcst\u0259qillik duy\u011fular\u0131n\u0131n milli d\u00fc\u015f\u00fcnc\u0259mizd\u0259 \u00fcst\u00fcnl\u00fck t\u0259\u015fkil etm\u0259y\u0259 ba\u015flad\u0131\u011f\u0131 bu ill\u0259r Az\u0259rbaycan\u0131n quruculuq salnam\u0259sinin \u0259n parlaq s\u0259hif\u0259l\u0259ridir. Ulu \u00d6nd\u0259rin xalq\u0131n yarad\u0131c\u0131l\u0131q enerjisini bir m\u0259qs\u0259d\u0259 y\u00f6n\u0259ltm\u0259kl\u0259 tarixi yadda\u015f\u0131n b\u0259rpas\u0131 istiqam\u0259tind\u04d9 atd\u0131\u011f\u0131 q\u0259tiyy\u0259tli add\u0131mlar o d\u00f6vrd\u0259 milli ruhun canlanmas\u0131na xidm\u0259t g\u00f6st\u0259rmi\u015f, \u00f6z\u00fcn\u00fcd\u0259rki v\u0259 soyk\u00f6k\u0259 qay\u0131d\u0131\u015f\u0131 t\u0259min etmi\u015f, m\u00fcst\u0259qil d\u00f6vl\u0259t quruculu\u011funa aparan yolun t\u0259m\u0259l da\u015f\u0131na \u00e7evrilmi\u015fdir. \u00dcmummilli Lider bildirirdi ki, milli azadl\u0131\u011fa nail olmaq \u00fc\u00e7\u00fcn x\u00fcsus\u0259n xalq\u0131m\u0131zda milli oyan\u0131\u015f, milli dir\u00e7\u0259li\u015f, milli ruhun canlanmas\u0131 laz\u0131md\u0131r.<\/p>\n<p>B\u00f6y\u00fck siyasi irad\u0259y\u0259, sars\u0131lmaz \u0259qid\u0259y\u0259 malik olan ulu \u00f6nd\u0259r Heyd\u0259r \u018fliyevin t\u00fck\u0259nm\u0259z d\u00f6vl\u0259t idar\u0259\u00e7iliyi istedad\u0131 onun SSR\u0130-nin r\u0259hb\u0259rl\u0259rind\u0259n biri kimi \u00e7al\u0131\u015fd\u0131\u011f\u0131 v\u0259 irimiqyasl\u0131 layih\u0259l\u0259r h\u0259yata ke\u00e7irdiyi ill\u0259rd\u0259 \u00f6z\u00fcn\u00fc bir daha parlaq sur\u0259td\u0259 t\u0259zah\u00fcr etdirmi\u015fdir. \u00dcmummilli Lider b\u00fct\u00fcn varl\u0131\u011f\u0131 il\u0259 sevdiyi v\u0259 can\u0131ndan \u0259ziz bildiyi do\u011fma xalq\u0131n\u0131n m\u0259nafel\u0259rini daim \u00f6n\u0259 \u00e7\u0259kmi\u015f, respublikam\u0131z\u0131n malik oldu\u011fu b\u00fct\u00fcn imkanlardan onun inki\u015faf\u0131 \u00fc\u00e7\u00fcn istifad\u0259 etmi\u015fdir.<\/p>\n<p>\u018fvv\u0259ld\u0259 d\u0259 qeyd etdiyimiz kimi, zaman\u0131n h\u00f6km\u00fc il\u0259 \u00f6t\u0259n \u0259srin 90-c\u0131 ill\u0259rin ba\u015flan\u011f\u0131c\u0131nda d\u00f6vl\u0259t m\u00fcst\u0259qilliyini b\u0259rpa ed\u0259n Az\u0259rbaycan Erm\u0259nistan\u0131n t\u0259cav\u00fcz\u00fc, xarici t\u0259zyiql\u0259r v\u0259 daxili \u00e7\u0259ki\u015fm\u0259l\u0259r \u00fcz\u00fcnd\u0259n d\u00fcnyan\u0131n siyasi x\u0259rit\u0259sind\u0259n silinm\u0259k v\u0259 d\u00f6vl\u0259t\u00e7iliyini tamamil\u0259 itirm\u0259k t\u0259hl\u00fck\u0259si il\u0259 qar\u015f\u0131la\u015fd\u0131. Taleyimizin h\u0259ll olundu\u011fu a\u011f\u0131r bir zamanda xalq\u0131n t\u0259kidli t\u0259l\u0259bin\u0259 s\u0259s ver\u0259r\u0259k yenid\u0259n hakimiyy\u0259t\u0259 qay\u0131dan ulu \u00f6nd\u0259r Heyd\u0259r \u018fliyev do\u011fma V\u0259t\u0259nin xilas\u0131 namin\u0259 misilsiz f\u0259dakarl\u0131q n\u00fcmayi\u015f etdirdi, d\u00fc\u015f\u00fcn\u00fclm\u00fc\u015f v\u0259 m\u0259qs\u0259dy\u00f6nl\u00fc siyas\u0259ti n\u0259tic\u0259sind\u0259 \u00f6lk\u0259mizi ictimai-siyasi p\u0259rak\u0259nd\u0259liyin v\u0259 anarxiyan\u0131n m\u0259ng\u0259n\u0259sind\u0259n qurtard\u0131, b\u00fct\u00fcn sah\u0259l\u0259rd\u0259 m\u00fc\u015fahid\u0259 olunan d\u0259rin t\u0259n\u0259zz\u00fcl\u00fcn qar\u015f\u0131s\u0131n\u0131 ald\u0131, yenid\u0259n qurdu\u011fu v\u0259 h\u0259r c\u00fcr q\u0259sdl\u0259rd\u0259n qorudu\u011fu d\u00f6vl\u0259tin dayan\u0131ql\u0131 inki\u015faf yolunu m\u00fc\u0259yy\u0259n etdi.<\/p>\n<p>Ulu \u00f6nd\u0259r Heyd\u0259r \u018fliyevin z\u0259ngin h\u0259yat yolu v\u0259 m\u00fcst\u0259sna f\u0259aliyy\u0259tinin b\u00fct\u00fcn m\u0259rh\u0259l\u0259l\u0259ri bir-birini tamamlay\u0131r, d\u00f6vl\u0259tin\u0259, xalq\u0131na s\u0131x ba\u011fl\u0131l\u0131\u011f\u0131n, milli d\u00f6vl\u04d9t\u00e7ilik m\u0259fkur\u0259sin\u0259 sadiqliyin \u0259yani t\u0259c\u0259ss\u00fcm\u00fcd\u00fcr. H\u0259r bir \u00f6lk\u0259nin inki\u015faf\u0131nda iqtisadi amilin rolunu \u00f6n\u0259 \u00e7\u0259k\u0259r\u0259k ir\u0259li s\u00fcrd\u00fcy\u00fc \u201c\u0130qtisadiyyat\u0131 g\u00fccl\u00fc olan d\u00f6vl\u0259t h\u0259r \u015fey\u0259 qadirdir\u201d tezisini atd\u0131\u011f\u0131 add\u0131mlar\u0131 il\u0259 t\u0259sdiql\u0259y\u0259n ulu \u00f6nd\u0259r Heyd\u0259r \u018fliyevin m\u00fc\u0259llifi oldu\u011fu neft strategiyas\u0131 Az\u0259rbaycana biri-birind\u0259n \u0259h\u0259miyy\u0259tli u\u011furlar qazand\u0131rd\u0131. Milli neft strategiyas\u0131n\u0131n u\u011furla realla\u015fd\u0131r\u0131lmas\u0131 n\u0259tic\u0259sind\u0259 xalq\u0131m\u0131z \u00f6z t\u0259bii s\u0259rv\u0259tl\u0259rinin tam sahibin\u0259 \u00e7evrildi v\u0259 q\u0131sa m\u00fcdd\u0259td\u0259 \u00f6lk\u0259mizin inki\u015faf\u0131na g\u00fccl\u00fc t\u0259kan ver\u0259n resurslar \u0259ld\u0259 edildi. Tarix\u0259 \u201c\u018fsrin m\u00fcqavil\u0259si\u201d kimi daxil olan neft sazi\u015finin imzalanmas\u0131n\u0131n 23-c\u00fc ilind\u0259 \u201cYeni \u0259srin m\u00fcqavil\u0259si\u201dnin imzalanmas\u0131 Az\u0259rbaycan\u0131n iqtisadi v\u0259 siyasi m\u00f6vqeyinin m\u00f6hk\u0259ml\u0259nm\u0259sinin t\u0259qdimat\u0131 oldu. \u00c7oxlar\u0131na \u0259fsan\u0259 kimi g\u00f6r\u00fcn\u0259n BTC v\u0259 BT\u018f neft-qaz k\u0259m\u0259rl\u0259rinin reall\u0131\u011fa \u00e7evrilm\u0259si il\u0259 Az\u0259rbaycan regional inki\u015faf\u0131n apar\u0131c\u0131 q\u00fcvv\u0259sin\u0259 \u00e7evrildi. \u0130ll\u0259r ke\u00e7dikc\u0259 Az\u0259rbaycan\u0131n enerji sektorunda qazand\u0131\u011f\u0131 u\u011furlar, i\u015ftirak\u00e7\u0131s\u0131 v\u0259 t\u0259\u015f\u0259bb\u00fcs\u00e7\u00fcs\u00fc oldu\u011fu enerji layih\u0259l\u0259rinin u\u011furlu icras\u0131 \u00f6lk\u0259mizin d\u00fcnyan\u0131n enerji t\u0259hl\u00fck\u0259sizliyinin t\u0259minat\u0131nda rolunu art\u0131rd\u0131. 2014-c\u00fc ild\u0259 t\u0259m\u0259li qoyulan v\u0259 2018-ci ild\u0259 r\u0259smi a\u00e7\u0131l\u0131\u015f m\u0259rasimi ke\u00e7iril\u0259n C\u0259nub Qaz D\u0259hlizi Az\u0259rbaycan\u0131n etibarl\u0131 t\u0259r\u0259fda\u015f kimi m\u00f6vqeyinin m\u00f6hk\u0259ml\u0259nm\u0259sinin t\u0259qdimat\u0131 oldu. 2018-ci ilin iyununda C\u0259nub Qaz D\u0259hlizinin \u0259sas t\u0259rkib hiss\u0259l\u0259rind\u0259n olan TANAP, 2020-ci ilin dekabr\u0131nda is\u0259 TAP istifad\u0259y\u0259 verildi. \u00d6t\u0259n bu ill\u0259r \u0259rzind\u0259 Az\u0259rbaycan\u0131n enerji sektorunda qazand\u0131\u011f\u0131 u\u011furlar qeyri-neft sektoru sah\u0259sind\u0259 d\u0259 m\u00fch\u00fcm add\u0131mlar\u0131n at\u0131lmas\u0131n\u0131 \u015f\u0259rtl\u0259ndirdi. 2003-c\u00fc ild\u0259n iqtisadi art\u0131m\u0131n qeyri-neft sektorunun hesab\u0131na olmas\u0131 \u0259sas m\u0259s\u0259l\u0259 kimi \u00f6n\u0259 \u00e7\u0259kildi. Az\u0259rbaycan\u0131n iqtisadi inki\u015faf\u0131 beyn\u0259lxalq s\u0259viyy\u0259d\u0259 m\u00f6c\u00fcz\u0259 kimi d\u0259y\u0259rl\u0259ndirilir. Eyni zamanda, \u00f6lk\u0259miz beyn\u0259lxalq maliyy\u0259 qurumlar\u0131n\u0131n hesabatlar\u0131nda \u0259n islahat\u00e7\u0131 \u00f6lk\u0259 kimi q\u0259rarla\u015f\u0131r.<\/p>\n<p>\u00dcmummilli Liderin d\u00f6vl\u0259timiz, xalq\u0131m\u0131z qar\u015f\u0131s\u0131ndak\u0131 xidm\u0259tl\u0259rini bir yaz\u0131da \u0259hat\u0259 etm\u0259k m\u00fcmk\u00fcn deyil. Bu g\u00fcn \u00f6lk\u0259mizin ictimai-siyasi h\u0259yat\u0131nda apar\u0131c\u0131 rol oynayan, bu g\u00fcnl\u0259rd\u0259 30 illik yubileyini qeyd ed\u0259n Yeni Az\u0259rbaycan Partiyas\u0131n\u0131n yarad\u0131lmas\u0131 da dahi r\u0259hb\u0259rin f\u0259aliyy\u0259tinin Nax\u00e7\u0131van m\u0259rh\u0259l\u0259sinin \u0259sas t\u0259rkib hiss\u0259l\u0259rind\u0259n biridir. Bu bax\u0131mdan ki, partiyan\u0131n hans\u0131 d\u00f6vrd\u0259, hans\u0131 \u015f\u0259raitd\u0259 yarad\u0131ld\u0131\u011f\u0131 m\u0259lumdur. Prezident \u0130lham \u018fliyevin partiyan\u0131n yarad\u0131lmas\u0131n\u0131n 30 illiyin\u0259 h\u0259sr olunan t\u0259dbird\u0259, h\u0259m\u00e7inin \u00f6t\u0259n il YAP-\u0131n VII qurultay\u0131nda qeyd etdiyi kimi, faktiki olaraq 1992-ci ilin noyabr ay\u0131 g\u0259nc \u00f6lk\u0259mizin h\u0259yat\u0131nda yeni bir m\u0259rh\u0259l\u0259y\u0259 yol a\u00e7d\u0131. Ondan sonra he\u00e7 bir il ke\u00e7m\u0259mi\u015f &#8211; 1993-c\u00fc ilin oktyabr ay\u0131nda Heyd\u0259r \u018fliyevin xalq\u0131n m\u00fctl\u0259q \u0259ks\u0259riyy\u0259tinin d\u0259st\u0259yi il\u0259 Prezident se\u00e7ilm\u0259si il\u0259 \u00f6lk\u0259mizin b\u00f6hrandan \u00e7\u0131xma prosesi ba\u015flanm\u0131\u015f oldu. Biz bu tarixi he\u00e7 vaxt unutmamal\u0131y\u0131q. O tarixi ya\u015famayanlar is\u0259 bunu \u00f6yr\u0259nm\u0259lidirl\u0259r. Bizim d\u0259rslikl\u0259rd\u0259 bu tarixl\u0259 ba\u011fl\u0131 geni\u015f m\u0259lumat verilm\u0259lidir. O tarixin canl\u0131 \u015fahidl\u0259ri \u00f6z xatir\u0259l\u0259rini b\u00f6l\u00fc\u015fm\u0259lidirl\u0259r ki, bu tarix \u0259b\u0259di ya\u015fas\u0131n. Bu m\u00fcst\u0259qillik tariximiz m\u0259hz ondan ba\u015flad\u0131.<\/p>\n<p>Ulu \u00f6nd\u0259r Heyd\u0259r \u018fliyevin d\u00f6vl\u0259timiz, xalq\u0131m\u0131z qar\u015f\u0131s\u0131nda \u0259n b\u00f6y\u00fck xidm\u0259tl\u0259rind\u0259n biri 2003-c\u00fc ild\u0259 xalqa m\u00fcraci\u0259tind\u0259 qar\u015f\u0131dak\u0131 d\u00f6vrd\u0259 Az\u0259rbaycan\u0131 m\u00f6hk\u0259m t\u0259m\u0259l \u00fcz\u0259rind\u0259 u\u011furla inki\u015faf etdirm\u0259y\u0259 qadir \u00fcnvan\u0131 g\u00f6st\u0259rm\u0259si oldu. 2003-c\u00fc ild\u0259 xalq\u0131n b\u00f6y\u00fck \u0259ks\u0259riyy\u0259tinin s\u0259sini qazanaraq Prezident se\u00e7il\u0259n d\u00f6vl\u0259timizin ba\u015f\u00e7\u0131s\u0131 \u0130lham \u018fliyev son 19 ild\u0259n ulu \u00f6nd\u0259r Heyd\u0259r \u018fliyevin siyasi kursunu b\u00fct\u00fcn istiqam\u0259tl\u0259rd\u0259 u\u011furla davam etdirir. Bu g\u00fcn Prezident \u0130lham \u018fliyevin g\u00f6rd\u00fcy\u00fc i\u015fl\u0259rin zirv\u0259sind\u0259 \u0259razi b\u00fct\u00f6vl\u00fcy\u00fcm\u00fcz\u00fc b\u0259rpa etm\u0259kl\u0259 Ata v\u0259siyy\u0259tini yerin\u0259 yetirm\u0259si dayan\u0131r. \u00dcmummilli Lider qeyd olunan m\u00fcraci\u0259tind\u0259 ax\u0131ra \u00e7atd\u0131ra bilm\u0259diyi i\u015fl\u0259rin Prezident \u0130lham \u018fliyevin xalq\u0131n d\u0259st\u0259yi il\u0259 h\u0259yata ke\u00e7ir\u0259c\u0259yin\u0259 b\u00f6y\u00fck inam\u0131n\u0131 ifad\u0259 etmi\u015fdi. Ulu \u00d6nd\u0259r \u201cOna \u00d6z\u00fcm q\u0259d\u0259r inan\u0131ram\u201d s\u00f6yl\u0259m\u0259kl\u0259 g\u0259l\u0259c\u0259k inki\u015faf\u0131n ayd\u0131n m\u0259nz\u0259r\u0259sini t\u0259qdim etmi\u015fdi. Prezident \u0130lham \u018fliyev bu m\u00fcdd\u0259t \u0259rzind\u0259 torpaqlar\u0131m\u0131z\u0131n i\u015f\u011faldan azad edilm\u0259sin\u0259 haz\u0131rl\u0131q i\u015fl\u0259ri \u00e7\u0259r\u00e7iv\u0259sind\u0259 b\u00fct\u00fcn z\u0259ruri add\u0131mlar\u0131n at\u0131lmas\u0131na nail oldu. Az\u0259rbaycan\u0131n iqtisadi imkanlar\u0131 daha da geni\u015fl\u0259ndi. Beyn\u0259lxalq m\u00fcnasib\u0259tl\u0259r sistemind\u0259 rolu artd\u0131. M\u00fcnaqi\u015f\u0259nin h\u0259lli \u00fc\u00e7\u00fcn m\u00f6hk\u0259m h\u00fcquqi baza formala\u015fd\u0131. Ordu quruculu\u011fu prioritet sah\u0259 kimi \u00f6nd\u0259 oldu. D\u00f6vl\u0259timizin q\u0259tiyy\u0259ti, Prezident \u0130lham \u018fliyevin r\u0259hb\u0259rliyi il\u0259 r\u0259\u015fad\u0259tli ordumuzun g\u00fcc\u00fc, q\u00fcdr\u0259ti, xalq\u0131m\u0131z\u0131n birliyi say\u0259sind\u0259 Ulu \u00d6nd\u0259rin \u015fah \u0259s\u0259ri olan g\u00fccl\u00fc Az\u0259rbaycan d\u00f6vl\u0259ti \u00f6z suverenliyini, m\u00fcst\u0259qilliyini qoruma\u011fa qadir oldu. 44 g\u00fcnl\u00fck V\u0259t\u0259n m\u00fcharib\u0259sind\u0259 \u015fanl\u0131 Z\u0259f\u0259rimiz Az\u0259rbaycan\u0131n qar\u015f\u0131s\u0131nda yeni imkanlar yarad\u0131r. \u00dcmumil\u0259\u015fdirilmi\u015f \u015f\u0259kild\u0259 qeyd ets\u0259k, \u00fcmummilli lider Heyd\u0259r \u018fliyev m\u00fcst\u0259qilliyimizin, Prezident \u0130lham \u018fliyev is\u0259 torpaqlar\u0131m\u0131z\u0131n xilaskar\u0131 kimi adlar\u0131n\u0131 tarix\u0259 q\u0131z\u0131l h\u0259rfl\u0259rl\u0259 yazd\u0131lar.<\/p>\n<p>\u201cHeyd\u0259r \u018fliyev \u0130li\u201d \u00e7\u0259r\u00e7iv\u0259sind\u0259 dahi \u015f\u0259xsiyy\u0259tin irsinin t\u0259bli\u011fi m\u0259qs\u0259dil\u0259 yarad\u0131lan Heyd\u0259r \u018fliyev Fondunun g\u00f6r\u0259c\u0259yi i\u015fl\u0259r, ger\u00e7\u0259kl\u0259\u015fdir\u0259c\u0259yi layih\u0259l\u0259r h\u0259d\u0259fl\u0259r\u0259 \u00e7atma\u011fa \u00f6z t\u00f6hf\u0259sini ver\u0259c\u0259k. \u00c7ox\u015fax\u0259li f\u0259aliyy\u0259ti il\u0259 Az\u0259rbaycan d\u00f6vl\u0259tinin daha da q\u00fcdr\u0259tl\u0259nm\u0259sin\u0259 \u00f6z t\u00f6hf\u0259l\u0259rini ver\u0259n Heyd\u0259r \u018fliyev Fondunun \u00f6lk\u0259 daxilind\u0259, eyni zamanda, xaricind\u0259 h\u0259yata ke\u00e7irdiyi layih\u0259l\u0259r ictimaiyy\u0259t t\u0259r\u0259find\u0259n b\u00f6y\u00fck r\u0259\u011fb\u0259tl\u0259 qar\u015f\u0131lan\u0131r. Mehriban xan\u0131m \u018fliyevan\u0131n Az\u0259rbaycan\u0131n Birinci vitse-prezidenti kimi t\u0259qdimat\u0131 m\u0259rasimind\u0259 d\u00f6vl\u0259t ba\u015f\u00e7\u0131s\u0131 \u0130lham \u018fliyev onun Heyd\u0259r \u018fliyev Fondunun r\u0259hb\u0259ri kimi g\u00f6rd\u00fcy\u00fc i\u015fl\u0259ri y\u00fcks\u0259k d\u0259y\u0259rl\u0259ndir\u0259r\u0259k bildirmi\u015fdir ki, bu \u00e7ox\u015fax\u0259li f\u0259aliyy\u0259t q\u0259bul etdiyim q\u0259rarda \u0259sas rol oynad\u0131.<\/p>\n<p>Heyd\u0259r \u018fliyev yolu bundan sonra da Az\u0259rbaycana daha m\u00f6ht\u0259\u015f\u0259m u\u011furlar qazand\u0131racaq. Qalib Az\u0259rbaycan \u00dcmummilli Liderin g\u00f6rm\u0259k ist\u0259diyi Az\u0259rbaycan kimi s\u00f6z\u00fcn\u00fcn imzas\u0131 q\u0259d\u0259r \u0259h\u0259miyy\u0259tini t\u0259kmil inki\u015faf modeli il\u0259 bir daha t\u0259sdiql\u0259y\u0259c\u0259k. H\u0259yat\u0131n\u0131n yeni d\u00f6vr\u00fcn\u00fc ya\u015fayan Az\u0259rbaycana bu g\u00fcn beyn\u0259lxalq bax\u0131\u015f \u0259n y\u00fcks\u0259k s\u0259viyy\u0259d\u0259dir. Tarixi \u0259dal\u0259ti b\u0259rpa ed\u0259n Az\u0259rbaycan d\u00fcnyaya \u00e7atd\u0131rd\u0131 ki, beyn\u0259lxalq h\u00fcquq \u0259sasd\u0131r. D\u00f6vl\u0259tl\u0259raras\u0131 m\u00fcnasib\u0259tl\u0259rd\u0259 etimad m\u00fchitinin yarad\u0131lmas\u0131nda bu faktorun rolu b\u00f6y\u00fckd\u00fcr. Az\u0259rbaycan tarixi Z\u0259f\u0259rimizin fonunda g\u0259l\u0259c\u0259y\u0259 do\u011fru b\u00f6y\u00fck inamla add\u0131mlay\u0131r.<\/p>\n","protected":false},"excerpt":{"rendered":"<p>\u00abHeyd\u0259r \u018fliyev \u0130li\u00bbnin t\u0259sis edilm\u0259si, h\u0259m\u00e7inin T\u0259dbirl\u0259r Plan\u0131n\u0131n t\u0259sdiql\u0259nm\u0259si dahi \u015f\u0259xsiyy\u0259tin d\u00f6vl\u0259timiz, xalq\u0131m\u0131z qar\u015f\u0131s\u0131nda xidm\u0259tl\u0259rinin \u00e7ox\u015fax\u0259liliyini, miqyas\u0131n\u0131n b\u00f6y\u00fckl\u00fcy\u00fcn\u00fc t\u0259sdiql\u0259yir Prezident \u0130lham \u018fliyevin 29 sentyabr 2022-ci il tarixli S\u0259r\u0259ncam\u0131 il\u0259 2023-c\u00fc il \u00f6lk\u0259mizd\u0259 \u201cHeyd\u0259r \u018fliyev \u0130li\u201d elan edildi. \u00d6lk\u0259 Prezidentinin 28 noyabr 2022-ci il tarixli S\u0259r\u0259ncam\u0131 il\u0259 18 m\u00fcdd\u0259adan ibar\u0259t \u00abAz\u0259rbaycan Respublikas\u0131nda 2023-c\u00fc ilin \u201cHeyd\u0259r \u018fliyev \u0130li\u201d elan edilm\u0259si il\u0259 ba\u011fl\u0131 T\u0259dbirl\u0259r plan\u0131 t\u0259sdiql\u0259ndi. 2023-c\u00fc il \u00e7\u0259r\u00e7iv\u0259sind\u0259 g\u00f6r\u00fcl\u0259c\u0259k i\u015fl\u0259r bunlardan ibar\u0259tdir: Heyd\u0259r \u018fliyev \u0130li\u201d il\u0259 ba\u011fl\u0131 yerli v\u0259 beyn\u0259lxalq \u0259h\u0259miyy\u0259tli forum, konfrans, simpozium, d\u0259yirmi masa v\u0259 seminarlar\u0131n ke\u00e7irilm\u0259si; yerli v\u0259 xarici&hellip;<\/p>\n","protected":false},"author":2,"featured_media":539677,"comment_status":"closed","ping_status":"closed","sticky":false,"template":"","format":"standard","meta":{"om_disable_all_campaigns":false,"_monsterinsights_skip_tracking":false,"_monsterinsights_sitenote_active":false,"_monsterinsights_sitenote_note":"","_monsterinsights_sitenote_category":0},"categories":[19],"tags":[],"aioseo_notices":[],"gutentor_comment":0,"rttpg_featured_image_url":{"full":["https:\/\/arantv.az\/wp-content\/uploads\/2022\/11\/b93e78c6160775244782658852110123796-1.jpg",975,540,false],"landscape":["https:\/\/arantv.az\/wp-content\/uploads\/2022\/11\/b93e78c6160775244782658852110123796-1.jpg",975,540,false],"portraits":["https:\/\/arantv.az\/wp-content\/uploads\/2022\/11\/b93e78c6160775244782658852110123796-1.jpg",975,540,false],"thumbnail":["https:\/\/arantv.az\/wp-content\/uploads\/2022\/11\/b93e78c6160775244782658852110123796-1-500x280.jpg",500,280,true],"medium":["https:\/\/arantv.az\/wp-content\/uploads\/2022\/11\/b93e78c6160775244782658852110123796-1-660x365.jpg",660,365,true],"large":["https:\/\/arantv.az\/wp-content\/uploads\/2022\/11\/b93e78c6160775244782658852110123796-1-840x465.jpg",640,354,true],"1536x1536":["https:\/\/arantv.az\/wp-content\/uploads\/2022\/11\/b93e78c6160775244782658852110123796-1.jpg",975,540,false],"2048x2048":["https:\/\/arantv.az\/wp-content\/uploads\/2022\/11\/b93e78c6160775244782658852110123796-1.jpg",975,540,false],"post-thumbnail":["https:\/\/arantv.az\/wp-content\/uploads\/2022\/11\/b93e78c6160775244782658852110123796-1-240x172.jpg",240,172,true],"advps-thumb-one":["https:\/\/arantv.az\/wp-content\/uploads\/2022\/11\/b93e78c6160775244782658852110123796-1.jpg",975,540,false]},"rttpg_author":{"display_name":"V\u00fcsal Rafiqo\u011flu","author_link":"https:\/\/arantv.az\/?author=2"},"rttpg_comment":0,"rttpg_category":"<a href=\"https:\/\/arantv.az\/?cat=19\" rel=\"category\">G\u00fcnd\u0259m<\/a>","rttpg_excerpt":"\u00abHeyd\u0259r \u018fliyev \u0130li\u00bbnin t\u0259sis edilm\u0259si, h\u0259m\u00e7inin T\u0259dbirl\u0259r Plan\u0131n\u0131n t\u0259sdiql\u0259nm\u0259si dahi \u015f\u0259xsiyy\u0259tin d\u00f6vl\u0259timiz, xalq\u0131m\u0131z qar\u015f\u0131s\u0131nda xidm\u0259tl\u0259rinin \u00e7ox\u015fax\u0259liliyini, miqyas\u0131n\u0131n b\u00f6y\u00fckl\u00fcy\u00fcn\u00fc t\u0259sdiql\u0259yir Prezident \u0130lham \u018fliyevin 29 sentyabr 2022-ci il tarixli S\u0259r\u0259ncam\u0131 il\u0259 2023-c\u00fc il \u00f6lk\u0259mizd\u0259 \u201cHeyd\u0259r \u018fliyev \u0130li\u201d elan edildi. \u00d6lk\u0259 Prezidentinin 28 noyabr 2022-ci il tarixli S\u0259r\u0259ncam\u0131 il\u0259 18 m\u00fcdd\u0259adan ibar\u0259t \u00abAz\u0259rbaycan Respublikas\u0131nda 2023-c\u00fc ilin \u201cHeyd\u0259r \u018fliyev&hellip;","_links":{"self":[{"href":"https:\/\/arantv.az\/index.php?rest_route=\/wp\/v2\/posts\/539676"}],"collection":[{"href":"https:\/\/arantv.az\/index.php?rest_route=\/wp\/v2\/posts"}],"about":[{"href":"https:\/\/arantv.az\/index.php?rest_route=\/wp\/v2\/types\/post"}],"author":[{"embeddable":true,"href":"https:\/\/arantv.az\/index.php?rest_route=\/wp\/v2\/users\/2"}],"replies":[{"embeddable":true,"href":"https:\/\/arantv.az\/index.php?rest_route=%2Fwp%2Fv2%2Fcomments&post=539676"}],"version-history":[{"count":0,"href":"https:\/\/arantv.az\/index.php?rest_route=\/wp\/v2\/posts\/539676\/revisions"}],"wp:featuredmedia":[{"embeddable":true,"href":"https:\/\/arantv.az\/index.php?rest_route=\/wp\/v2\/media\/539677"}],"wp:attachment":[{"href":"https:\/\/arantv.az\/index.php?rest_route=%2Fwp%2Fv2%2Fmedia&parent=539676"}],"wp:term":[{"taxonomy":"category","embeddable":true,"href":"https:\/\/arantv.az\/index.php?rest_route=%2Fwp%2Fv2%2Fcategories&post=539676"},{"taxonomy":"post_tag","embeddable":true,"href":"https:\/\/arantv.az\/index.php?rest_route=%2Fwp%2Fv2%2Ftags&post=539676"}],"curies":[{"name":"wp","href":"https:\/\/api.w.org\/{rel}","templated":true}]}}