{"id":539679,"date":"2022-11-30T07:17:37","date_gmt":"2022-11-30T04:17:37","guid":{"rendered":"https:\/\/arantv.az\/?p=539679"},"modified":"2022-11-30T07:17:37","modified_gmt":"2022-11-30T04:17:37","slug":"agilli-s%c9%99h%c9%99r-v%c9%99-agilli-k%c9%99nd-konsepsiyalari-n%c9%99l%c9%99r-v%c9%99d-edir","status":"publish","type":"post","link":"https:\/\/arantv.az\/?p=539679","title":{"rendered":"\u201cA\u011f\u0131ll\u0131 \u015f\u0259h\u0259r\u201d v\u0259 \u201cA\u011f\u0131ll\u0131 k\u0259nd\u201d konsepsiyalar\u0131 n\u0259l\u0259r v\u0259d edir?"},"content":{"rendered":"<p>Art\u0131q iki ildir ki, \u00f6lk\u0259 ba\u015f\u00e7\u0131s\u0131 \u0130lham \u018fliyevin r\u0259hb\u0259rliyi il\u0259 Qaraba\u011f v\u0259 \u015e\u0259rqi Z\u0259ng\u0259zur iqtisadi rayonlar\u0131nda \u00e7ox\u015fax\u0259li abadl\u0131q quruculuq i\u015fl\u0259ri apar\u0131l\u0131r, erm\u0259ni vandalizmi, barbarl\u0131\u011f\u0131 n\u0259tic\u0259sind\u0259 m\u0259hv edil\u0259n \u0259razil\u0259r, el\u0259c\u0259 d\u0259 oradan did\u0259rgin d\u00fc\u015fm\u00fc\u015f soyda\u015flar\u0131m\u0131z\u0131n do\u011fma yurdlar\u0131na qay\u0131d\u0131\u015f\u0131 \u00fc\u00e7\u00fcn b\u00fct\u00fcn z\u0259ruri t\u0259dbirl\u0259r h\u0259yata ke\u00e7irilir. \u00a0H\u0259min \u0259razil\u0259rd\u0259 tamamil\u0259 yeni v\u0259 m\u00fcasir iqtisadi, texnoloji innovasiyalar t\u0259tbiq olunur, standartlara cavab ver\u0259n infrastruktur \u00a0yarad\u0131l\u0131r.<\/p>\n<p>D\u00f6vl\u0259timizin ba\u015f\u00e7\u0131s\u0131 i\u015f\u011faldan azad olunmu\u015f torpaqlara \u00e7oxsayl\u0131 s\u0259f\u0259rl\u0259ri zaman\u0131 d\u0259f\u0259l\u0259rl\u0259 vur\u011fulay\u0131b ki, erm\u0259ni i\u015f\u011fal\u00e7\u0131lar\u0131 t\u0259r\u0259find\u0259n da\u011f\u0131d\u0131lm\u0131\u015f \u015f\u0259h\u0259r v\u0259 k\u0259ndl\u0259rimiz \u0259n m\u00fcasir texnologiyalara \u0259saslanan\u00a0 \u201cA\u011f\u0131ll\u0131 k\u0259nd\u201d, \u201cA\u011f\u0131ll\u0131 \u015f\u0259h\u0259r\u201d konsepsiyalar\u0131 \u0259sas\u0131nda b\u0259rpa olunacaq.<\/p>\n<p>Prezident \u0130lham \u018fliyev noyabr\u0131n 25-d\u0259 Bak\u0131da, ADA Universitetind\u0259 ke\u00e7iril\u0259n \u201cOrta D\u0259hliz boyunca: geosiyas\u0259t, t\u0259hl\u00fck\u0259sizlik v\u0259 iqtisadiyyat\u201d m\u00f6vzusunda beyn\u0259lxalq konfransdak\u0131 nitqind\u0259 d\u0259 b\u0259hs edil\u0259n m\u0259s\u0259l\u0259y\u0259 diqq\u0259t \u00e7\u0259k\u0259r\u0259k bir daha b\u0259yan etdi ki, biz azad edilmi\u015f \u0259razil\u0259rd\u0259 \u0259n son texnologiyalardan istifad\u0259 edirik: \u201c\u0130ki il \u0259vv\u0259l, m\u00fcharib\u0259 bit\u0259nd\u0259n d\u0259rhal sonra m\u0259n \u201cQaraba\u011f\u0131 yenid\u0259n quraca\u011f\u0131q v\u0259 yenid\u0259nqurman\u0131n yax\u015f\u0131 n\u00fcmun\u0259sini n\u00fcmayi\u015f etdir\u0259c\u0259yik\u201d dey\u0259nd\u0259 eynil\u0259 bunu n\u0259z\u0259rd\u0259 tutmu\u015fdum. \u0130ndi bu, h\u0259yata ke\u00e7ir. Biz \u015f\u0259h\u0259rl\u0259rimizi v\u0259 k\u0259ndl\u0259rimizi smart texnologiya platformas\u0131na \u0259saslanaraq tikirik v\u0259 yenid\u0259n qururuq. A\u011fal\u0131da ilk k\u0259nd art\u0131q m\u0259skunla\u015fd\u0131r\u0131l\u0131b. Oraya ged\u0259n h\u0259r k\u0259s Qaraba\u011f\u0131n yenid\u0259n qurulmas\u0131 modelinin nec\u0259 olaca\u011f\u0131n\u0131 g\u00f6r\u0259 bil\u0259r. \u00c7\u00fcnki bu, t\u0259kc\u0259 30 il \u0259rzind\u0259 erm\u0259ni i\u015f\u011fal\u0131ndan \u0259ziyy\u0259t \u00e7\u0259kmi\u015f, layiqli h\u0259yat ya\u015fama\u011fa, tam qorunma\u011fa layiq ke\u00e7mi\u015f m\u0259cburi k\u00f6\u00e7k\u00fcnl\u0259r qar\u015f\u0131s\u0131nda bizim m\u0259n\u0259vi borcumuzun bir n\u00f6v n\u00fcmayi\u015fi olmamal\u0131d\u0131r, h\u0259m\u00e7inin biz Qaraba\u011f\u0131n v\u0259 Z\u0259ng\u0259zurun yenid\u0259n qurulmas\u0131n\u0131 b\u00fct\u00fcn \u00f6lk\u0259 \u00fc\u00e7\u00fcn n\u00fcmun\u0259 hesab edirik. Onda biz, b\u0259lk\u0259 d\u0259 art\u0131q indi davaml\u0131 olaraq texnoloji t\u0259cr\u00fcb\u0259y\u0259, el\u0259c\u0259 d\u0259 inzibati idar\u0259\u00e7iliy\u0259 ke\u00e7\u0259c\u0259yik\u201d.<\/p>\n<p>S\u00f6z\u00fcged\u0259n konfransda \u00f6lk\u0259 ba\u015f\u00e7\u0131s\u0131 vur\u011fulay\u0131b ki, azad edilmi\u015f \u0259razil\u0259rd\u0259 \u00f6lk\u0259nin dig\u0259r yerl\u0259rind\u0259n f\u0259rqli inzibati strukturlar\u0131m\u0131z var: \u201cPrezidentin x\u00fcsusi n\u00fcmay\u0259nd\u0259si institutu \u00fc\u00e7 \u0259razid\u0259 art\u0131q qurulub v\u0259 s\u0259m\u0259r\u0259liliyi s\u00fcbut olunub. Bel\u0259likl\u0259, biz texnoloji inki\u015faf modelini s\u0131naqdan ke\u00e7irm\u0259kl\u0259 yana\u015f\u0131, h\u0259m d\u0259 idar\u0259\u00e7ilik modelini s\u0131naqdan ke\u00e7iririk. Ona g\u00f6r\u0259 d\u0259 biz r\u0259q\u0259msal inki\u015fafa \u00e7ox diqq\u0259tl\u0259 v\u0259 \u0259zml\u0259 yana\u015faca\u011f\u0131q, xalq\u0131m\u0131za uy\u011fun olan \u0259n yax\u015f\u0131 se\u00e7imi ed\u0259c\u0259yik\u201d.<\/p>\n<p>Xat\u0131rladaq ki, Az\u0259rbaycan \u0259razisind\u0259 \u201cA\u011f\u0131ll\u0131 k\u0259nd\u201d konsepsiyas\u0131n\u0131n t\u0259tbiqi Prezident \u0130lham \u018fliyevin imzalad\u0131\u011f\u0131 S\u0259r\u0259ncamla t\u0259sdiql\u0259n\u0259n \u201cA\u00e7\u0131q h\u00f6kum\u0259tin t\u0259\u015fviqin\u0259 dair 2020-2022-ci ill\u0259r \u00fc\u00e7\u00fcn Milli F\u0259aliyy\u0259t Plan\u0131\u201dnda \u00f6z \u0259ksini tap\u0131b. \u201cA\u011f\u0131ll\u0131 k\u0259nd\u201dl\u0259rd\u0259 t\u0259tbiq olunan elektron v\u0259 texniki imkanlar m\u0259lumatlar\u0131n bir araya toplanmas\u0131n\u0131 v\u0259 analizini asanla\u015fd\u0131r\u0131r. N\u0259tic\u0259d\u0259 bu m\u0259lumatlar resurslar\u0131n s\u0259m\u0259r\u0259li istifad\u0259sin\u0259 y\u00f6n\u0259ldilir. M\u0259s\u0259l\u0259n, n\u0259zar\u0259t kameralar\u0131, yaxud naqilsiz sensor \u015f\u0259b\u0259k\u0259l\u0259ri vasit\u0259sil\u0259 k\u0259nd \u0259razisind\u0259 \u00e7irkl\u0259nm\u0259ni elektron x\u0259rit\u0259 \u00fcz\u0259rind\u0259n m\u00fc\u015fahid\u0259 etm\u0259k m\u00fcmk\u00fcn olur v\u0259 n\u0259tic\u0259d\u0259 problem\u0259 vaxt\u0131nda m\u00fcdaxil\u0259 etm\u0259k imkan\u0131 yaran\u0131r.<\/p>\n<p>Noyabr\u0131n 21-d\u0259 Bak\u0131da R\u0259q\u0259msal \u0130nki\u015faf v\u0259 N\u0259qliyyat, K\u0259nd T\u0259s\u0259rr\u00fcfat\u0131 Nazirlikl\u0259ri t\u0259r\u0259find\u0259n ke\u00e7iril\u0259n \u201cA\u011f\u0131ll\u0131 k\u0259ndl\u0259r: k\u0259nd yerl\u0259rinin inki\u015faf\u0131na innovativ yana\u015fma\u201d m\u00f6vzusunda beyn\u0259lxalq konfrans\u0131nda D\u00fcnya Bank\u0131n\u0131n \u00f6lk\u0259 \u00fczr\u0259 meneceri Sara Maykl bildirib ki, D\u00fcnya Bank\u0131 Az\u0259rbaycan h\u00f6kum\u0259tin\u0259 \u201cA\u011f\u0131ll\u0131 k\u0259nd\u201d konsepsiyas\u0131n\u0131n t\u0259tbiqi il\u0259 ba\u011fl\u0131 \u00e7\u0259r\u00e7iv\u0259ni, qlobal n\u00fcmun\u0259l\u0259ri, h\u0259m\u00e7inin bu konsepsiyan\u0131n t\u0259tbiqi il\u0259 ba\u011fl\u0131 \u201cYol x\u0259rit\u0259si\u201dnin ilkin konturlar\u0131n\u0131 t\u0259qdim edib. O, qeyd edib ki,\u00a0 biz Az\u0259rbaycan h\u00f6kum\u0259tin\u0259 \u00e7ox vacib v\u0259 innovativ t\u0259\u015f\u0259bb\u00fcsl\u0259rin realla\u015fd\u0131r\u0131lmas\u0131nda d\u0259st\u0259yimizi davam etdiririk. Beyn\u0259lxalq konfrans\u0131nda \u00e7\u0131x\u0131\u015f\u0131 zaman\u0131 Az\u0259rbaycan\u0131n r\u0259q\u0259msal inki\u015faf v\u0259 n\u0259qliyyat naziri R\u0259\u015fad N\u0259biyev bildirib ki, yax\u0131n 5 il \u0259rzind\u0259 \u201ca\u011f\u0131ll\u0131 \u015f\u0259h\u0259r v\u0259 k\u0259nd\u201d modell\u0259rinin d\u00fcnyada yaradaca\u011f\u0131 \u0259lav\u0259 iqtisadi d\u0259y\u0259r 2,5 trilyon dollar olacaq.<\/p>\n","protected":false},"excerpt":{"rendered":"<p>Art\u0131q iki ildir ki, \u00f6lk\u0259 ba\u015f\u00e7\u0131s\u0131 \u0130lham \u018fliyevin r\u0259hb\u0259rliyi il\u0259 Qaraba\u011f v\u0259 \u015e\u0259rqi Z\u0259ng\u0259zur iqtisadi rayonlar\u0131nda \u00e7ox\u015fax\u0259li abadl\u0131q quruculuq i\u015fl\u0259ri apar\u0131l\u0131r, erm\u0259ni vandalizmi, barbarl\u0131\u011f\u0131 n\u0259tic\u0259sind\u0259 m\u0259hv edil\u0259n \u0259razil\u0259r, el\u0259c\u0259 d\u0259 oradan did\u0259rgin d\u00fc\u015fm\u00fc\u015f soyda\u015flar\u0131m\u0131z\u0131n do\u011fma yurdlar\u0131na qay\u0131d\u0131\u015f\u0131 \u00fc\u00e7\u00fcn b\u00fct\u00fcn z\u0259ruri t\u0259dbirl\u0259r h\u0259yata ke\u00e7irilir. \u00a0H\u0259min \u0259razil\u0259rd\u0259 tamamil\u0259 yeni v\u0259 m\u00fcasir iqtisadi, texnoloji innovasiyalar t\u0259tbiq olunur, standartlara cavab ver\u0259n infrastruktur \u00a0yarad\u0131l\u0131r. D\u00f6vl\u0259timizin ba\u015f\u00e7\u0131s\u0131 i\u015f\u011faldan azad olunmu\u015f torpaqlara \u00e7oxsayl\u0131 s\u0259f\u0259rl\u0259ri zaman\u0131 d\u0259f\u0259l\u0259rl\u0259 vur\u011fulay\u0131b ki, erm\u0259ni i\u015f\u011fal\u00e7\u0131lar\u0131 t\u0259r\u0259find\u0259n da\u011f\u0131d\u0131lm\u0131\u015f \u015f\u0259h\u0259r v\u0259 k\u0259ndl\u0259rimiz \u0259n m\u00fcasir texnologiyalara \u0259saslanan\u00a0 \u201cA\u011f\u0131ll\u0131 k\u0259nd\u201d, \u201cA\u011f\u0131ll\u0131 \u015f\u0259h\u0259r\u201d konsepsiyalar\u0131 \u0259sas\u0131nda b\u0259rpa olunacaq.&hellip;<\/p>\n","protected":false},"author":2,"featured_media":539680,"comment_status":"closed","ping_status":"closed","sticky":false,"template":"","format":"standard","meta":{"om_disable_all_campaigns":false,"_monsterinsights_skip_tracking":false,"_monsterinsights_sitenote_active":false,"_monsterinsights_sitenote_note":"","_monsterinsights_sitenote_category":0},"categories":[26],"tags":[],"aioseo_notices":[],"gutentor_comment":0,"rttpg_featured_image_url":{"full":["https:\/\/arantv.az\/wp-content\/uploads\/2022\/11\/51beafc3165383228312371887810482535-1.jpg",975,540,false],"landscape":["https:\/\/arantv.az\/wp-content\/uploads\/2022\/11\/51beafc3165383228312371887810482535-1.jpg",975,540,false],"portraits":["https:\/\/arantv.az\/wp-content\/uploads\/2022\/11\/51beafc3165383228312371887810482535-1.jpg",975,540,false],"thumbnail":["https:\/\/arantv.az\/wp-content\/uploads\/2022\/11\/51beafc3165383228312371887810482535-1-500x280.jpg",500,280,true],"medium":["https:\/\/arantv.az\/wp-content\/uploads\/2022\/11\/51beafc3165383228312371887810482535-1-660x365.jpg",660,365,true],"large":["https:\/\/arantv.az\/wp-content\/uploads\/2022\/11\/51beafc3165383228312371887810482535-1-840x465.jpg",640,354,true],"1536x1536":["https:\/\/arantv.az\/wp-content\/uploads\/2022\/11\/51beafc3165383228312371887810482535-1.jpg",975,540,false],"2048x2048":["https:\/\/arantv.az\/wp-content\/uploads\/2022\/11\/51beafc3165383228312371887810482535-1.jpg",975,540,false],"post-thumbnail":["https:\/\/arantv.az\/wp-content\/uploads\/2022\/11\/51beafc3165383228312371887810482535-1-240x172.jpg",240,172,true],"advps-thumb-one":["https:\/\/arantv.az\/wp-content\/uploads\/2022\/11\/51beafc3165383228312371887810482535-1.jpg",975,540,false]},"rttpg_author":{"display_name":"V\u00fcsal Rafiqo\u011flu","author_link":"https:\/\/arantv.az\/?author=2"},"rttpg_comment":0,"rttpg_category":"<a href=\"https:\/\/arantv.az\/?cat=26\" rel=\"category\">Sosial<\/a>","rttpg_excerpt":"Art\u0131q iki ildir ki, \u00f6lk\u0259 ba\u015f\u00e7\u0131s\u0131 \u0130lham \u018fliyevin r\u0259hb\u0259rliyi il\u0259 Qaraba\u011f v\u0259 \u015e\u0259rqi Z\u0259ng\u0259zur iqtisadi rayonlar\u0131nda \u00e7ox\u015fax\u0259li abadl\u0131q quruculuq i\u015fl\u0259ri apar\u0131l\u0131r, erm\u0259ni vandalizmi, barbarl\u0131\u011f\u0131 n\u0259tic\u0259sind\u0259 m\u0259hv edil\u0259n \u0259razil\u0259r, el\u0259c\u0259 d\u0259 oradan did\u0259rgin d\u00fc\u015fm\u00fc\u015f soyda\u015flar\u0131m\u0131z\u0131n do\u011fma yurdlar\u0131na qay\u0131d\u0131\u015f\u0131 \u00fc\u00e7\u00fcn b\u00fct\u00fcn z\u0259ruri t\u0259dbirl\u0259r h\u0259yata ke\u00e7irilir. \u00a0H\u0259min \u0259razil\u0259rd\u0259 tamamil\u0259 yeni v\u0259 m\u00fcasir iqtisadi, texnoloji innovasiyalar t\u0259tbiq olunur, standartlara&hellip;","_links":{"self":[{"href":"https:\/\/arantv.az\/index.php?rest_route=\/wp\/v2\/posts\/539679"}],"collection":[{"href":"https:\/\/arantv.az\/index.php?rest_route=\/wp\/v2\/posts"}],"about":[{"href":"https:\/\/arantv.az\/index.php?rest_route=\/wp\/v2\/types\/post"}],"author":[{"embeddable":true,"href":"https:\/\/arantv.az\/index.php?rest_route=\/wp\/v2\/users\/2"}],"replies":[{"embeddable":true,"href":"https:\/\/arantv.az\/index.php?rest_route=%2Fwp%2Fv2%2Fcomments&post=539679"}],"version-history":[{"count":0,"href":"https:\/\/arantv.az\/index.php?rest_route=\/wp\/v2\/posts\/539679\/revisions"}],"wp:featuredmedia":[{"embeddable":true,"href":"https:\/\/arantv.az\/index.php?rest_route=\/wp\/v2\/media\/539680"}],"wp:attachment":[{"href":"https:\/\/arantv.az\/index.php?rest_route=%2Fwp%2Fv2%2Fmedia&parent=539679"}],"wp:term":[{"taxonomy":"category","embeddable":true,"href":"https:\/\/arantv.az\/index.php?rest_route=%2Fwp%2Fv2%2Fcategories&post=539679"},{"taxonomy":"post_tag","embeddable":true,"href":"https:\/\/arantv.az\/index.php?rest_route=%2Fwp%2Fv2%2Ftags&post=539679"}],"curies":[{"name":"wp","href":"https:\/\/api.w.org\/{rel}","templated":true}]}}