{"id":539691,"date":"2022-11-30T07:21:14","date_gmt":"2022-11-30T04:21:14","guid":{"rendered":"https:\/\/arantv.az\/?p=539691"},"modified":"2022-11-30T07:21:14","modified_gmt":"2022-11-30T04:21:14","slug":"q%c9%99tl%c9%99-yetiril%c9%99n-idmancinin-atasi-oglumun-basi-desik-desik-idi-video","status":"publish","type":"post","link":"https:\/\/arantv.az\/?p=539691","title":{"rendered":"Q\u0259tl\u0259 yetiril\u0259n idman\u00e7\u0131n\u0131n atas\u0131: &#8220;O\u011flumun ba\u015f\u0131 de\u015fik-de\u015fik idi&#8221; &#8211; V\u0130DEO"},"content":{"rendered":"<p>\u015ea\u011fan Olimpiya \u0130dman Kompleksind\u0259 q\u0259tl\u0259 yetiril\u0259n XI sinif \u015fagirdi, 2006-c\u0131 il t\u0259v\u0259ll\u00fcdl\u00fc Turan R\u00fcst\u0259movun atas\u0131 dan\u0131\u015f\u0131b.<\/p>\n<p>BAKU.TV-y\u0259 dan\u0131\u015fan m\u0259rhumun atas\u0131 Z\u0259ka R\u00fcst\u0259mov, Turan\u0131n onun ikinci \u00f6vlad\u0131 oldu\u011funu bildirib.<\/p>\n<div class=\"AdviadNativeVideo\"><\/div>\n<p>&#8220;8-9 ildir c\u00fcdo il\u0259 m\u0259\u015f\u011ful olurdu. Dostlar\u0131 m\u0259n\u0259 deyib ki, yar\u0131\u015fdan \u00e7\u0131xd\u0131qdan sonra yolda\u015f\u0131 ondan ayaqqab\u0131lar\u0131n\u0131 ist\u0259yib.<\/p>\n<p>Turan ayaqyal\u0131n oldu\u011fu \u00fc\u00e7\u00fcn aya\u011flar\u0131n\u0131 stolun \u00fcz\u0259rin\u0259 qoyub. Q\u0259tl\u0259 yetir\u0259n \u015f\u0259xs Turana aya\u011f\u0131n\u0131 a\u015fa\u011f\u0131 salmas\u0131n\u0131 dey\u0259r\u0259k t\u0259hqir edib. Ba\u015f\u0131na 3-4 b\u0131\u00e7aq girib. O\u011flumun ba\u015f\u0131 de\u015fik-de\u015fik idi&#8221;, &#8211; dey\u0259 Z.R\u00fcst\u0259mov qeyd edib.<\/p>\n<div class=\"embed-responsive embed-responsive-16by9\"><iframe loading=\"lazy\" id=\"nmqembedid\" class=\"embed-responsive-item\" title=\"video player\" src=\"https:\/\/www.youtube.com\/embed\/d8XunqhKqrQ?rel=0&amp;wmode=transparent\" width=\"600\" height=\"340\" frameborder=\"0\" scrolling=\"no\" allowfullscreen=\"allowfullscreen\" data-mce-fragment=\"1\"><\/iframe><\/div>\n","protected":false},"excerpt":{"rendered":"<p>\u015ea\u011fan Olimpiya \u0130dman Kompleksind\u0259 q\u0259tl\u0259 yetiril\u0259n XI sinif \u015fagirdi, 2006-c\u0131 il t\u0259v\u0259ll\u00fcdl\u00fc Turan R\u00fcst\u0259movun atas\u0131 dan\u0131\u015f\u0131b. BAKU.TV-y\u0259 dan\u0131\u015fan m\u0259rhumun atas\u0131 Z\u0259ka R\u00fcst\u0259mov, Turan\u0131n onun ikinci \u00f6vlad\u0131 oldu\u011funu bildirib. &#8220;8-9 ildir c\u00fcdo il\u0259 m\u0259\u015f\u011ful olurdu. Dostlar\u0131 m\u0259n\u0259 deyib ki, yar\u0131\u015fdan \u00e7\u0131xd\u0131qdan sonra yolda\u015f\u0131 ondan ayaqqab\u0131lar\u0131n\u0131 ist\u0259yib. Turan ayaqyal\u0131n oldu\u011fu \u00fc\u00e7\u00fcn aya\u011flar\u0131n\u0131 stolun \u00fcz\u0259rin\u0259 qoyub. Q\u0259tl\u0259 yetir\u0259n \u015f\u0259xs Turana aya\u011f\u0131n\u0131 a\u015fa\u011f\u0131 salmas\u0131n\u0131 dey\u0259r\u0259k t\u0259hqir edib. Ba\u015f\u0131na 3-4 b\u0131\u00e7aq girib. O\u011flumun ba\u015f\u0131 de\u015fik-de\u015fik idi&#8221;, &#8211; dey\u0259 Z.R\u00fcst\u0259mov qeyd edib.<\/p>\n","protected":false},"author":2,"featured_media":539692,"comment_status":"closed","ping_status":"closed","sticky":false,"template":"","format":"standard","meta":{"om_disable_all_campaigns":false,"_monsterinsights_skip_tracking":false,"_monsterinsights_sitenote_active":false,"_monsterinsights_sitenote_note":"","_monsterinsights_sitenote_category":0},"categories":[1],"tags":[],"aioseo_notices":[],"gutentor_comment":0,"rttpg_featured_image_url":{"full":["https:\/\/arantv.az\/wp-content\/uploads\/2022\/11\/h1_31669742975.jpg",650,495,false],"landscape":["https:\/\/arantv.az\/wp-content\/uploads\/2022\/11\/h1_31669742975.jpg",650,495,false],"portraits":["https:\/\/arantv.az\/wp-content\/uploads\/2022\/11\/h1_31669742975.jpg",650,495,false],"thumbnail":["https:\/\/arantv.az\/wp-content\/uploads\/2022\/11\/h1_31669742975-500x280.jpg",500,280,true],"medium":["https:\/\/arantv.az\/wp-content\/uploads\/2022\/11\/h1_31669742975-479x365.jpg",479,365,true],"large":["https:\/\/arantv.az\/wp-content\/uploads\/2022\/11\/h1_31669742975.jpg",640,487,false],"1536x1536":["https:\/\/arantv.az\/wp-content\/uploads\/2022\/11\/h1_31669742975.jpg",650,495,false],"2048x2048":["https:\/\/arantv.az\/wp-content\/uploads\/2022\/11\/h1_31669742975.jpg",650,495,false],"post-thumbnail":["https:\/\/arantv.az\/wp-content\/uploads\/2022\/11\/h1_31669742975-240x172.jpg",240,172,true],"advps-thumb-one":["https:\/\/arantv.az\/wp-content\/uploads\/2022\/11\/h1_31669742975.jpg",650,495,false]},"rttpg_author":{"display_name":"V\u00fcsal Rafiqo\u011flu","author_link":"https:\/\/arantv.az\/?author=2"},"rttpg_comment":0,"rttpg_category":"<a href=\"https:\/\/arantv.az\/?cat=1\" rel=\"category\">C\u0259miyy\u0259t<\/a>","rttpg_excerpt":"\u015ea\u011fan Olimpiya \u0130dman Kompleksind\u0259 q\u0259tl\u0259 yetiril\u0259n XI sinif \u015fagirdi, 2006-c\u0131 il t\u0259v\u0259ll\u00fcdl\u00fc Turan R\u00fcst\u0259movun atas\u0131 dan\u0131\u015f\u0131b. BAKU.TV-y\u0259 dan\u0131\u015fan m\u0259rhumun atas\u0131 Z\u0259ka R\u00fcst\u0259mov, Turan\u0131n onun ikinci \u00f6vlad\u0131 oldu\u011funu bildirib. &#8220;8-9 ildir c\u00fcdo il\u0259 m\u0259\u015f\u011ful olurdu. Dostlar\u0131 m\u0259n\u0259 deyib ki, yar\u0131\u015fdan \u00e7\u0131xd\u0131qdan sonra yolda\u015f\u0131 ondan ayaqqab\u0131lar\u0131n\u0131 ist\u0259yib. Turan ayaqyal\u0131n oldu\u011fu \u00fc\u00e7\u00fcn aya\u011flar\u0131n\u0131 stolun \u00fcz\u0259rin\u0259 qoyub. Q\u0259tl\u0259 yetir\u0259n&hellip;","_links":{"self":[{"href":"https:\/\/arantv.az\/index.php?rest_route=\/wp\/v2\/posts\/539691"}],"collection":[{"href":"https:\/\/arantv.az\/index.php?rest_route=\/wp\/v2\/posts"}],"about":[{"href":"https:\/\/arantv.az\/index.php?rest_route=\/wp\/v2\/types\/post"}],"author":[{"embeddable":true,"href":"https:\/\/arantv.az\/index.php?rest_route=\/wp\/v2\/users\/2"}],"replies":[{"embeddable":true,"href":"https:\/\/arantv.az\/index.php?rest_route=%2Fwp%2Fv2%2Fcomments&post=539691"}],"version-history":[{"count":0,"href":"https:\/\/arantv.az\/index.php?rest_route=\/wp\/v2\/posts\/539691\/revisions"}],"wp:featuredmedia":[{"embeddable":true,"href":"https:\/\/arantv.az\/index.php?rest_route=\/wp\/v2\/media\/539692"}],"wp:attachment":[{"href":"https:\/\/arantv.az\/index.php?rest_route=%2Fwp%2Fv2%2Fmedia&parent=539691"}],"wp:term":[{"taxonomy":"category","embeddable":true,"href":"https:\/\/arantv.az\/index.php?rest_route=%2Fwp%2Fv2%2Fcategories&post=539691"},{"taxonomy":"post_tag","embeddable":true,"href":"https:\/\/arantv.az\/index.php?rest_route=%2Fwp%2Fv2%2Ftags&post=539691"}],"curies":[{"name":"wp","href":"https:\/\/api.w.org\/{rel}","templated":true}]}}