{"id":539699,"date":"2022-11-30T07:28:50","date_gmt":"2022-11-30T04:28:50","guid":{"rendered":"https:\/\/arantv.az\/?p=539699"},"modified":"2022-11-30T07:28:50","modified_gmt":"2022-11-30T04:28:50","slug":"vasif-talibovun-qardasi-saxlanilib-yenil%c9%99nib-foto","status":"publish","type":"post","link":"https:\/\/arantv.az\/?p=539699","title":{"rendered":"Vasif Tal\u0131bovun qarda\u015f\u0131 saxlan\u0131l\u0131b? &#8211; YEN\u0130L\u018fN\u0130B + FOTO"},"content":{"rendered":"<p>Nax\u00e7\u0131van Muxtar Respublikas\u0131 (MR) Ali M\u0259clisinin s\u0259dri Vasif Tal\u0131bovun qarda\u015f\u0131, Nax\u00e7\u0131van MR prokurorunun m\u00fcavini M\u0259h\u0259rr\u0259m Tal\u0131bovun saxlan\u0131lmas\u0131 bar\u0259d\u0259 x\u0259b\u0259rl\u0259r \u0259sass\u0131zd\u0131r.<\/p>\n<p>Bu bar\u0259d\u0259\u00a0APA-ya h\u00fcquq m\u00fchafiz\u0259 orqanlar\u0131ndan bildirilib.<\/p>\n<div class=\"AdviadNativeVideo\"><\/div>\n<p>Qeyd ed\u0259k ki, bu g\u00fcn b\u0259zi media orqanlar\u0131 t\u0259r\u0259find\u0259n M.Tal\u0131bovun saxlan\u0131lmas\u0131 bar\u0259d\u0259 m\u0259lumatlar yay\u0131l\u0131b.<\/p>\n<p><strong>21:15<\/strong><\/p>\n<p>Nax\u00e7\u0131van Muxtar Respublikas\u0131 Ali M\u0259clisinin s\u0259dri Vasif Talbovun qarda\u015f\u0131 M\u0259h\u0259rr\u0259m Tal\u0131bov saxlan\u0131lmas\u0131 bar\u0259d\u0259 x\u0259b\u0259r yay\u0131l\u0131b.<\/p>\n<p>Demokrat.az-\u0131n m\u0259lumat\u0131na g\u00f6r\u0259, M\u0259h\u0259rr\u0259m Tal\u0131bov Nax\u00e7\u0131vandak\u0131 antikorrupsiya \u0259m\u0259liyyatlar\u0131na g\u00f6r\u0259 dindirilm\u0259si \u00fc\u00e7\u00fcn Bak\u0131ya g\u0259tirilib.<\/p>\n<p>\u018fm\u0259kda\u015f\u0131m\u0131z\u0131n M\u0259h\u0259rr\u0259m Tal\u0131bovun mobil telefonuna z\u0259ngin\u0259 ba\u015fqa \u015f\u0259xsin cavab verm\u0259si bu \u015f\u00fcbh\u0259l\u0259ri daha da art\u0131rm\u0131\u015f olub.<\/p>\n<p>Bununla bel\u0259 Tal\u0131bovun prokurorluq \u0259m\u0259kda\u015f\u0131 olmas\u0131n\u0131 n\u0259z\u0259r\u0259 alsaq o zaman, onun yaln\u0131z prokurorluq t\u0259r\u0259find\u0259n saxlan\u0131lmas\u0131 m\u00fcmk\u00fcnd\u00fcr. \u00c7\u00fcnki, qanunvericiliy\u0259 g\u00f6r\u0259, prokurorluq \u0259m\u0259kda\u015f\u0131n\u0131n h\u0259bsini yaln\u0131z Ba\u015f Prokurorluq \u00f6z\u00fc h\u0259yata ke\u00e7ir\u0259 bil\u0259r.<\/p>\n<p>Qeyd ed\u0259k ki, M\u0259h\u0259rr\u0259m Tal\u0131bov Nax\u00e7\u0131van Prokurorlu\u011funda m\u00fcavin v\u0259zif\u0259sini da\u015f\u0131y\u0131r.<\/p>\n<p>&nbsp;<\/p>\n<div class=\"gallery\">\n<div class=\"gallery-i\"><img src=\"https:\/\/cdn.oxu.az\/uploads\/W1siZiIsIjIwMjIvMTEvMjkvMjEvMTYvNDgvNzIzMWY4NzktMTAxMi00M2VhLWI4NDUtMjNmM2Y0MWU0OTUzLzRiYzE3M2M0LTA2MDQtNDZjZS1iN2ZjLTYzY2IxMTBkOTEwMC5qcGciXSxbInAiLCJlbmNvZGUiLCJqcGciLCItcXVhbGl0eSA4MCJdLFsicCIsInRodW1iIiwiNTkweDU5MFx1MDAzZSJdXQ?sha=c6140d9acfd6007d\" \/><\/div>\n<\/div>\n","protected":false},"excerpt":{"rendered":"<p>Nax\u00e7\u0131van Muxtar Respublikas\u0131 (MR) Ali M\u0259clisinin s\u0259dri Vasif Tal\u0131bovun qarda\u015f\u0131, Nax\u00e7\u0131van MR prokurorunun m\u00fcavini M\u0259h\u0259rr\u0259m Tal\u0131bovun saxlan\u0131lmas\u0131 bar\u0259d\u0259 x\u0259b\u0259rl\u0259r \u0259sass\u0131zd\u0131r. Bu bar\u0259d\u0259\u00a0APA-ya h\u00fcquq m\u00fchafiz\u0259 orqanlar\u0131ndan bildirilib. Qeyd ed\u0259k ki, bu g\u00fcn b\u0259zi media orqanlar\u0131 t\u0259r\u0259find\u0259n M.Tal\u0131bovun saxlan\u0131lmas\u0131 bar\u0259d\u0259 m\u0259lumatlar yay\u0131l\u0131b. 21:15 Nax\u00e7\u0131van Muxtar Respublikas\u0131 Ali M\u0259clisinin s\u0259dri Vasif Talbovun qarda\u015f\u0131 M\u0259h\u0259rr\u0259m Tal\u0131bov saxlan\u0131lmas\u0131 bar\u0259d\u0259 x\u0259b\u0259r yay\u0131l\u0131b. Demokrat.az-\u0131n m\u0259lumat\u0131na g\u00f6r\u0259, M\u0259h\u0259rr\u0259m Tal\u0131bov Nax\u00e7\u0131vandak\u0131 antikorrupsiya \u0259m\u0259liyyatlar\u0131na g\u00f6r\u0259 dindirilm\u0259si \u00fc\u00e7\u00fcn Bak\u0131ya g\u0259tirilib. \u018fm\u0259kda\u015f\u0131m\u0131z\u0131n M\u0259h\u0259rr\u0259m Tal\u0131bovun mobil telefonuna z\u0259ngin\u0259 ba\u015fqa \u015f\u0259xsin cavab verm\u0259si bu \u015f\u00fcbh\u0259l\u0259ri daha da art\u0131rm\u0131\u015f olub. Bununla bel\u0259 Tal\u0131bovun prokurorluq \u0259m\u0259kda\u015f\u0131&hellip;<\/p>\n","protected":false},"author":2,"featured_media":539700,"comment_status":"closed","ping_status":"closed","sticky":false,"template":"","format":"standard","meta":{"om_disable_all_campaigns":false,"_monsterinsights_skip_tracking":false,"_monsterinsights_sitenote_active":false,"_monsterinsights_sitenote_note":"","_monsterinsights_sitenote_category":0},"categories":[1],"tags":[],"aioseo_notices":[],"gutentor_comment":0,"rttpg_featured_image_url":{"full":["https:\/\/arantv.az\/wp-content\/uploads\/2022\/11\/FotoJet-2022-11-29T211416.848.jpg",620,413,false],"landscape":["https:\/\/arantv.az\/wp-content\/uploads\/2022\/11\/FotoJet-2022-11-29T211416.848.jpg",620,413,false],"portraits":["https:\/\/arantv.az\/wp-content\/uploads\/2022\/11\/FotoJet-2022-11-29T211416.848.jpg",620,413,false],"thumbnail":["https:\/\/arantv.az\/wp-content\/uploads\/2022\/11\/FotoJet-2022-11-29T211416.848-500x280.jpg",500,280,true],"medium":["https:\/\/arantv.az\/wp-content\/uploads\/2022\/11\/FotoJet-2022-11-29T211416.848-548x365.jpg",548,365,true],"large":["https:\/\/arantv.az\/wp-content\/uploads\/2022\/11\/FotoJet-2022-11-29T211416.848.jpg",620,413,false],"1536x1536":["https:\/\/arantv.az\/wp-content\/uploads\/2022\/11\/FotoJet-2022-11-29T211416.848.jpg",620,413,false],"2048x2048":["https:\/\/arantv.az\/wp-content\/uploads\/2022\/11\/FotoJet-2022-11-29T211416.848.jpg",620,413,false],"post-thumbnail":["https:\/\/arantv.az\/wp-content\/uploads\/2022\/11\/FotoJet-2022-11-29T211416.848-240x172.jpg",240,172,true],"advps-thumb-one":["https:\/\/arantv.az\/wp-content\/uploads\/2022\/11\/FotoJet-2022-11-29T211416.848.jpg",620,413,false]},"rttpg_author":{"display_name":"V\u00fcsal Rafiqo\u011flu","author_link":"https:\/\/arantv.az\/?author=2"},"rttpg_comment":0,"rttpg_category":"<a href=\"https:\/\/arantv.az\/?cat=1\" rel=\"category\">C\u0259miyy\u0259t<\/a>","rttpg_excerpt":"Nax\u00e7\u0131van Muxtar Respublikas\u0131 (MR) Ali M\u0259clisinin s\u0259dri Vasif Tal\u0131bovun qarda\u015f\u0131, Nax\u00e7\u0131van MR prokurorunun m\u00fcavini M\u0259h\u0259rr\u0259m Tal\u0131bovun saxlan\u0131lmas\u0131 bar\u0259d\u0259 x\u0259b\u0259rl\u0259r \u0259sass\u0131zd\u0131r. Bu bar\u0259d\u0259\u00a0APA-ya h\u00fcquq m\u00fchafiz\u0259 orqanlar\u0131ndan bildirilib. Qeyd ed\u0259k ki, bu g\u00fcn b\u0259zi media orqanlar\u0131 t\u0259r\u0259find\u0259n M.Tal\u0131bovun saxlan\u0131lmas\u0131 bar\u0259d\u0259 m\u0259lumatlar yay\u0131l\u0131b. 21:15 Nax\u00e7\u0131van Muxtar Respublikas\u0131 Ali M\u0259clisinin s\u0259dri Vasif Talbovun qarda\u015f\u0131 M\u0259h\u0259rr\u0259m Tal\u0131bov saxlan\u0131lmas\u0131 bar\u0259d\u0259 x\u0259b\u0259r&hellip;","_links":{"self":[{"href":"https:\/\/arantv.az\/index.php?rest_route=\/wp\/v2\/posts\/539699"}],"collection":[{"href":"https:\/\/arantv.az\/index.php?rest_route=\/wp\/v2\/posts"}],"about":[{"href":"https:\/\/arantv.az\/index.php?rest_route=\/wp\/v2\/types\/post"}],"author":[{"embeddable":true,"href":"https:\/\/arantv.az\/index.php?rest_route=\/wp\/v2\/users\/2"}],"replies":[{"embeddable":true,"href":"https:\/\/arantv.az\/index.php?rest_route=%2Fwp%2Fv2%2Fcomments&post=539699"}],"version-history":[{"count":0,"href":"https:\/\/arantv.az\/index.php?rest_route=\/wp\/v2\/posts\/539699\/revisions"}],"wp:featuredmedia":[{"embeddable":true,"href":"https:\/\/arantv.az\/index.php?rest_route=\/wp\/v2\/media\/539700"}],"wp:attachment":[{"href":"https:\/\/arantv.az\/index.php?rest_route=%2Fwp%2Fv2%2Fmedia&parent=539699"}],"wp:term":[{"taxonomy":"category","embeddable":true,"href":"https:\/\/arantv.az\/index.php?rest_route=%2Fwp%2Fv2%2Fcategories&post=539699"},{"taxonomy":"post_tag","embeddable":true,"href":"https:\/\/arantv.az\/index.php?rest_route=%2Fwp%2Fv2%2Ftags&post=539699"}],"curies":[{"name":"wp","href":"https:\/\/api.w.org\/{rel}","templated":true}]}}