{"id":539707,"date":"2022-11-30T08:07:31","date_gmt":"2022-11-30T05:07:31","guid":{"rendered":"https:\/\/arantv.az\/?p=539707"},"modified":"2022-11-30T08:07:31","modified_gmt":"2022-11-30T05:07:31","slug":"bas-q%c9%99rargah-r%c9%99isi-abs-da-vasinqton-balans-yaradir-yoxsa","status":"publish","type":"post","link":"https:\/\/arantv.az\/?p=539707","title":{"rendered":"Ba\u015f Q\u0259rargah r\u0259isi AB\u015e-da: Va\u015finqton balans yarad\u0131r, yoxsa&#8230;"},"content":{"rendered":"<h3><strong>H\u0259rbi v\u0259 siyasi ekspertl\u0259r: \u201cBu s\u0259f\u0259r AB\u015e-\u0131n t\u0259\u015f\u0259bb\u00fcs\u00fcn\u00fcn n\u0259tic\u0259sidir v\u0259\u00a0 \u0259laq\u0259l\u0259ri s\u0131xla\u015fd\u0131rmaq ist\u0259yind\u0131n ir\u0259li g\u0259lir\u201d<\/strong><\/h3>\n<p><strong>M\u00fcdafi\u0259 nazirinin birinci m\u00fcavini &#8211; Az\u0259rbaycan Ordusunun Ba\u015f Q\u0259rargah r\u0259isi general-polkovnik K\u0259rim V\u0259liyevin r\u0259hb\u0259rlik etdiyi n\u00fcmay\u0259nd\u0259 hey\u0259ti Amerika Birl\u0259\u015fmi\u015f \u015etatlar\u0131nda s\u0259f\u0259rd\u0259dir. Amerika Birl\u0259\u015fmi\u015f \u015etatlar\u0131nda s\u0259f\u0259rd\u0259 olan m\u00fcdafi\u0259 nazirinin birinci m\u00fcavini &#8211; Az\u0259rbaycan Ordusunun Ba\u015f Q\u0259rargah r\u0259isi general-polkovnik K\u0259rim V\u0259liyev AB\u015e-\u0131n Birl\u0259\u015fmi\u015f Q\u0259rargahlar R\u0259isl\u0259ri Komit\u0259si r\u0259isinin birinci m\u00fcavini admiral Kristofer Qreydi il\u0259 g\u00f6r\u00fc\u015f\u00fcb.<\/strong><\/p>\n<p>G\u00f6r\u00fc\u015fd\u0259 Az\u0259rbaycanla AB\u015e aras\u0131nda h\u0259rbi \u0259m\u0259kda\u015fl\u0131\u011f\u0131n perspektivl\u0259ri v\u0259 regional t\u0259hl\u00fck\u0259sizlik m\u0259s\u0259l\u0259l\u0259ri m\u00fczakir\u0259 olunub. Xarici \u0130\u015fl\u0259r Nazirliyind\u0259n veril\u0259n m\u0259lumata g\u00f6r\u0259, s\u0259f\u0259r zaman\u0131 n\u00fcmay\u0259nd\u0259 hey\u0259tinin AB\u015e-\u0131n h\u0259rbi r\u0259hb\u0259rliyi il\u0259 g\u00f6r\u00fc\u015fl\u0259r ke\u00e7irilir. N\u00fcmay\u0259nd\u0259 hey\u0259tinin \u201c\u015etatla T\u0259r\u0259fda\u015fl\u0131q Proqram\u0131\u201d \u00e7\u0259r\u00e7iv\u0259sind\u0259 Oklahoma \u015ftat\u0131nda g\u00f6r\u00fc\u015fl\u0259rin ke\u00e7irilm\u0259si planla\u015fd\u0131r\u0131l\u0131b. S\u0259f\u0259r \u00e7\u0259r\u00e7iv\u0259sind\u0259 Az\u0259rbaycan Ordusu il\u0259 Oklahoma Milli Qvardiyas\u0131 aras\u0131nda \u0259m\u0259kda\u015fl\u0131\u011f\u0131n 20 illiyi m\u00fcnasib\u0259til\u0259 bir s\u0131ra t\u0259dbirl\u0259r t\u0259\u015fkil olunacaq.<\/p>\n<p>AB\u015e M\u00fcdafi\u0259 Nazirliyinin (Pentaqon) \u00f6lk\u0259nin Birl\u0259\u015fmi\u015f Q\u0259rargahlar R\u0259isl\u0259ri Komit\u0259si r\u0259isinin birinci m\u00fcavini admiral Kristofer Qreydin Az\u0259rbaycan m\u00fcdafi\u0259 nazirinin birinci m\u00fcavini &#8211; Az\u0259rbaycan Ordusunun Ba\u015f Q\u0259rargah r\u0259isi general-polkovnik K\u0259rim V\u0259liyevl\u0259 g\u00f6r\u00fc\u015f\u00fcn\u0259 dair m\u0259lumat\u0131nda\u00a0 Az\u0259rbaycan\u0131n regionda AB\u015e-\u0131n m\u00fch\u00fcm t\u0259r\u0259fda\u015f\u0131 oldu\u011fu bildirilir. M\u0259lumatda deyilir ki, t\u0259r\u0259fl\u0259r g\u00f6r\u00fc\u015fd\u0259 regional t\u0259hl\u00fck\u0259sizlik m\u0259s\u0259l\u0259l\u0259rini v\u0259 ikit\u0259r\u0259fli \u0259laq\u0259l\u0259ri m\u00fczakir\u0259 edibl\u0259r.<\/p>\n<p>Yada salaq ki, sentyabr ay\u0131nda Erm\u0259nistan\u0131n m\u00fcdafi\u0259 naziri Suren Papikyan AB\u015e-da s\u0259f\u0259rd\u0259 olub v\u0259 h\u0259rbi dair\u0259l\u0259rl\u0259 bir s\u0131ra g\u00f6r\u00fc\u015fl\u0259r ke\u00e7irib. Papikyan\u0131 Pentaqonda AB\u015e m\u00fcdafi\u0259 nazirinin siyas\u0259t m\u0259s\u0259l\u0259l\u0259ri \u00fczr\u0259 m\u00fcavini Kolin Kal da q\u0259bul etmi\u015fdi ki, bu da Erm\u0259nistan-Amerika m\u00fcdafi\u0259 \u0259m\u0259kda\u015fl\u0131\u011f\u0131 kontekstind\u0259 ilk bel\u0259 y\u00fcks\u0259k s\u0259viyy\u0259li g\u00f6r\u00fc\u015f idi. Daha bir m\u00fch\u00fcm m\u0259qam budur ki, erm\u0259nip\u0259r\u0259st konqresmenl\u0259r v\u0259 senatorlar A\u011f Ev administrasiyas\u0131na Az\u0259rbaycana ist\u0259nil\u0259n h\u0259rbi yard\u0131m\u0131 dayand\u0131r\u0131lmas\u0131 \u00fc\u00e7\u00fcn t\u0259zyiql\u0259r edirl\u0259r. AB\u015e Senat\u0131n\u0131n Xarici m\u00fcnasib\u0259tl\u0259r komit\u0259sind\u0259 AB\u015e-\u0131n Qafqazda siyas\u0259tin\u0259 dair son dinl\u0259m\u0259l\u0259r d\u0259 erm\u0259ni lobbisinin\u00a0 f\u0259al n\u00fcmay\u0259nd\u0259si kimi senator Menendes \u201cAz\u0259rbaycan\u0131n t\u0259cav\u00fczkar oldu\u011funu v\u0259 AB\u015e-\u0131n Az\u0259rbaycana h\u0259rbi yard\u0131m\u0131 qada\u011fan ed\u0259n 907-ci d\u00fcz\u0259li\u015fin uzad\u0131lmas\u0131n\u0131 vacib oldu\u011funu\u201d bildirib. Bundan \u0259lav\u0259, Amerika Erm\u0259ni Milli Komit\u0259si bel\u0259 m\u0259lumat yay\u0131b ki, Amerika siyas\u0259t\u00e7il\u0259ri ilk d\u0259f\u0259 olaraq Erm\u0259nistana silah satmaq imkan\u0131n\u0131 n\u0259z\u0259rd\u0259n ke\u00e7irirl\u0259r. Bu kontekstd\u0259 r\u0259smi Bak\u0131n\u0131n \u0259lb\u0259tt\u0259 ki, b\u0259zi narahatl\u0131qlar\u0131 var. K\u0259rim V\u0259liyevin AB\u015e-a s\u0259f\u0259ri h\u0259m d\u0259 bu narahatl\u0131qlarla ba\u011fl\u0131 ola bil\u0259rmi? Yoxsa bu s\u0259f\u0259rd\u0259 daha \u00e7ox AB\u015e maraql\u0131d\u0131r?<\/p>\n<p><img src=\"https:\/\/cdn.azerforum.com\/2021\/06\/02\/2108575.jpg\" alt=\"K\u0259lb\u0259c\u0259rd\u0259n \u0259m\u0259liyyata ba\u015flamaq N\u0259cm\u0259ddin Sad\u0131xovun ideyas\u0131 idi\u201d - \u015eOK \u0130DD\u0130A\" \/><\/p>\n<p><strong>R\u00f6v\u015f\u0259n M\u0259h\u0259rr\u0259mov<\/strong><\/p>\n<p><strong>Ehtiyatda olan polkovnik, h\u0259rbi ekspert R\u00f6v\u015f\u0259n M\u0259h\u0259rr\u0259mov \u201cYeni M\u00fcsavat\u201da bildirdi ki, K\u0259rim V\u0259liyevin AB\u015e-a s\u0259f\u0259ri vacib s\u0259f\u0259rdir, h\u0259r iki \u00f6lk\u0259nin mara\u011f\u0131 \u00fc\u00e7\u00fcn laz\u0131ml\u0131 s\u0259f\u0259r say\u0131lmal\u0131d\u0131r:<\/strong>\u00a0\u201cBu s\u0259f\u0259r AB\u015e-la Az\u0259rbaycan aras\u0131nda h\u0259rbi sah\u0259d\u0259 \u0259m\u0259kda\u015fl\u0131qda yeni ir\u0259lil\u0259yi\u015fl\u0259r\u0259 yol a\u00e7a bil\u0259r. Amerika ordusu d\u00fcnyan\u0131n \u0259n g\u00fccl\u00fc ordusudur. General-polkovnik K\u0259rim V\u0259liyevin s\u0259f\u0259r \u00e7\u0259r\u00e7iv\u0259sind\u0259 ke\u00e7irdiyi g\u00f6r\u00fc\u015fl\u0259r, apard\u0131\u011f\u0131 m\u00fczakir\u0259l\u0259r, \u0259ld\u0259 olunan raz\u0131la\u015fmalar Az\u0259rbaycan Ordusunun g\u0259l\u0259c\u0259k inki\u015faf\u0131nda \u00f6z t\u0259sirini g\u00f6st\u0259r\u0259c\u0259k. AB\u015e M\u00fcdafi\u0259 Nazirliyinin \u00f6lk\u0259nin Birl\u0259\u015fmi\u015f Q\u0259rargahlar R\u0259isl\u0259ri Komit\u0259si r\u0259isinin birinci m\u00fcavini admiral Kristofer Qreydin Az\u0259rbaycan m\u00fcdafi\u0259 nazirinin birinci m\u00fcavini &#8211; Az\u0259rbaycan Ordusunun Ba\u015f Q\u0259rargah r\u0259isi general-polkovnik K\u0259rim V\u0259liyevl\u0259 g\u00f6r\u00fc\u015f\u00fcn\u0259 dair yayd\u0131\u011f\u0131 m\u0259lumatda Az\u0259rbaycan\u0131n regionda AB\u015e-\u0131n m\u00fch\u00fcm t\u0259r\u0259fda\u015f\u0131 adland\u0131r\u0131lmas\u0131 is\u0259 Pentaqonun Az\u0259rbaycanla \u0259laq\u0259l\u0259r\u0259 y\u00fcks\u0259k \u00f6n\u0259m verm\u0259sinin s\u00fcbutudur. AB\u015e-dak\u0131 erm\u0259ni lobbisi t\u0259kc\u0259 Konqres\u0259, AB\u015e-\u0131n siyasi hakimiyy\u0259tin\u0259 deyil, eyni zamanda Pentaqona da t\u0259sir etm\u0259y\u0259 \u00e7al\u0131\u015f\u0131r ki, Az\u0259rbaycanla he\u00e7 bir formada \u0259m\u0259kda\u015fl\u0131q edilm\u0259sin. K\u0259rim V\u0259liyevin x\u00fcsusi n\u00fcmay\u0259nd\u0259 hey\u0259ti il\u0259 AB\u015e-a s\u0259f\u0259r etm\u0259si v\u0259 ke\u00e7irdiyi g\u00f6r\u00fc\u015fl\u0259r erm\u0259ni lobbisinin bu c\u0259hdl\u0259rinin u\u011fursuzlu\u011fa d\u00fc\u00e7ar olmas\u0131 bax\u0131m\u0131ndan da vacib s\u0259f\u0259rdir. Az\u0259rbaycan AB\u015e-\u0131n d\u00fc\u015fm\u0259n hesab etdiyi Rusiya v\u0259 \u0130ran\u0131n aras\u0131nda yerl\u0259\u015fir. AB\u015e-\u0131n Az\u0259rbaycanla m\u00fcnasib\u0259tl\u0259ri s\u0131xla\u015fd\u0131rmaqda maraql\u0131 olmas\u0131nda bu amil d\u0259 \u00f6z s\u00f6z\u00fcn\u00fc deyir\u201d.<\/p>\n<p><strong>Ekspertin s\u00f6zl\u0259rin\u0259, Pentaqon C\u0259nubi Qafqazda Az\u0259rbaycan Ordusunun \u0259n g\u00fccl\u00fc ordu oldu\u011funu bilir v\u0259 onu da bilir ki, Az\u0259rbaycan Ordusu NATO ordu modelin\u0259 uy\u011funla\u015fd\u0131r\u0131l\u0131r:<\/strong>\u00a0\u201cOna g\u00f6r\u0259 d\u0259 Az\u0259rbaycan Ordusu il\u0259 \u0259laq\u0259l\u0259rd\u0259, \u0259m\u0259kda\u015fl\u0131qda maraql\u0131d\u0131rlar. Hesab edir\u0259m ki, Az\u0259rbaycan Ordusunun ba\u015f q\u0259rargah r\u0259isinin AB\u015e-da ke\u00e7irdiyi m\u00fch\u00fcm g\u00f6r\u00fc\u015fl\u0259rd\u0259 AB\u015e-dak\u0131 dostlar\u0131m\u0131z olan y\u0259hudi lobbisi d\u0259 maraql\u0131d\u0131r. S\u0259f\u0259r zaman\u0131 ordumuzun NATO standartlar\u0131na uy\u011funla\u015fd\u0131r\u0131lmas\u0131 m\u0259s\u0259l\u0259sinin m\u00fczakir\u0259 edildiyini ehtimal edir\u0259m. Ba\u015f q\u0259rargah r\u0259isinin Amerikada g\u00f6r\u00fc\u015fl\u0259rd\u0259 Erm\u0259nistan\u0131n, h\u0259m\u00e7inin Qaraba\u011fdak\u0131 separat\u00e7\u0131 silahl\u0131 erm\u0259ni d\u0259st\u0259l\u0259rinin son zamanlar t\u0259xribatlar\u0131n\u0131n \u00e7oxald\u0131\u011f\u0131, bu t\u0259xribatlar\u0131n b\u00f6lg\u0259d\u0259 yeni m\u00fcharib\u0259nin ba\u015flanmas\u0131na s\u0259b\u0259b ola bil\u0259c\u0259yi bar\u0259d\u0259 d\u0259 amerikal\u0131lar\u0131 m\u0259lumatland\u0131raca\u011f\u0131, real v\u0259ziyy\u0259tin n\u0259d\u0259n ibar\u0259t oldu\u011fu haqda AB\u015e r\u0259smil\u0259rind\u0259 ayd\u0131n t\u0259s\u0259vv\u00fcr yaradaca\u011f\u0131n\u0131 da s\u00f6yl\u0259m\u0259k m\u00fcmk\u00fcnd\u00fcr. AB\u015e-\u0131n Az\u0259rbaycana h\u0259rbi yard\u0131m\u0131 qada\u011fan ed\u0259n 907-ci d\u00fcz\u0259li\u015fin Az\u0259rbaycanla AB\u015e aras\u0131nda h\u0259rbi \u0259m\u0259kda\u015fl\u0131\u011fa m\u00fc\u0259yy\u0259n \u0259ng\u0259ll\u0259r yaratd\u0131\u011f\u0131 v\u0259 bu d\u00fcz\u0259li\u015fin l\u0259\u011fvinin vacibliyi d\u0259 y\u0259qin ki, amerikal\u0131lar\u0131n n\u0259z\u0259rin\u0259 \u00e7atd\u0131r\u0131lacaq\u201d. H\u0259rbi ekspert sonda onu da dedi ki, Az\u0259rbaycan Ordusunun Ba\u015f Q\u0259rargah r\u0259isinin n\u00fcmay\u0259nd\u0259 hey\u0259ti il\u0259 AB\u015e-a s\u0259f\u0259ri h\u0259m d\u0259 Rusiyaya bir mesajd\u0131r.<\/p>\n<p><img src=\"https:\/\/525.az\/img\/pics\/large\/2021-08\/200192_jgxtu18h52.jpg\" alt=\"D\u0259yi\u015f\u0259n d\u00fcnyada Az\u0259rbaycan\u0131n yeri - Yegan\u0259 Hac\u0131yeva il\u0259 s\u00f6hb\u0259t\" \/><\/p>\n<p><strong>Yegan\u0259 Hac\u0131yeva\u00a0<\/strong><\/p>\n<p><strong>Siyasi ekspert Yegan\u0259 Hac\u0131yeva is\u0259 bildirdi ki, AB\u015e-\u0131n C\u0259nubi Qafqaz siyas\u0259ti il\u0259 ba\u011fl\u0131 bir ne\u00e7\u0259 narahatl\u0131qlar m\u00f6vcud idi. Bu narahatl\u0131qlar AB\u015e-\u0131n siyasi qruplar\u0131n\u0131n, y\u0259ni qanunverici orqanlar\u0131nda t\u0259msil olunan lobbi qruplar\u0131n\u0131n t\u0259qdimat\u0131 \u00fcz\u0259rind\u0259n Amerika siyas\u0259t\u00e7il\u0259rinin yanl\u0131\u015f q\u0259rarlar q\u0259bul etm\u0259si \u00fcz\u0259rind\u0259n formala\u015f\u0131b:<\/strong>\u00a0\u201cAmma AB\u015e-\u0131n t\u0259hl\u00fck\u0259sizlik dair\u0259l\u0259ri, d\u00f6vl\u0259t t\u0259sisatlar\u0131 f\u0259rqind\u0259dirl\u0259r ki, C\u0259nubi Qafqazda AB\u015e ard-arda s\u0259hvl\u0259r burax\u0131rlar. Bu s\u0259hvl\u0259rin n\u0259tic\u0259sind\u0259 is\u0259 b\u00f6lg\u0259d\u0259 Rusiya, \u0130ran m\u00f6hk\u0259ml\u0259nir. Ona g\u00f6r\u0259 d\u0259 AB\u015e-\u0131n C\u0259nubi Qafqaza diqq\u0259tini art\u0131rmaqdad\u0131r. H\u0259m Erm\u0259nistan, h\u0259m G\u00fcrc\u00fcstan, h\u0259m d\u0259 Az\u0259rbaycan\u0131n Ordusunun r\u0259hb\u0259rliyin\u0259 daxil olan \u015f\u0259xsl\u0259rin ard-arda AB\u015e-a s\u0259f\u0259rl\u0259ri Va\u015finqtonun yol verdiyi s\u0259hvl\u0259rin f\u0259rqin\u0259 varmad\u0131\u011f\u0131n\u0131n g\u00f6st\u0259ricisidir. AB\u015e bu s\u0259hvl\u0259ri aradan qald\u0131rmaq istiqam\u0259tind\u0259 c\u0259hdl\u0259r g\u00f6st\u0259rm\u0259y\u0259 \u00e7al\u0131\u015f\u0131r. Erm\u0259ni lobbisi is\u0259 bu c\u0259hdl\u0259ri sabotaj edir. Erm\u0259nip\u0259r\u0259st qruplar Konqresd\u0259 v\u0259 Senatda Az\u0259rbaycan-AB\u015e m\u00fcnasib\u0259tl\u0259rin\u0259 probleml\u0259r yaratma\u011fa \u00e7al\u0131\u015fsa, Pentaqonda, AB\u015e-\u0131n h\u0259rbi t\u0259h\u00fclk\u0259sizlik r\u0259hb\u0259rliyind\u0259 Konqres v\u0259 Senatdan f\u0259rqli fikirl\u0259r var. Bu fikir is\u0259 ondan ibar\u0259tdir ki, Az\u0259rbaycanla m\u00fcnasib\u0259tl\u0259ri m\u00f6hk\u0259ml\u0259ndirm\u0259k laz\u0131md\u0131r, h\u0259rbi \u0259m\u0259kda\u015fl\u0131\u011f\u0131, t\u0259hl\u00fck\u0259sizlik sah\u0259sind\u0259 \u0259m\u0259lda\u015fl\u0131\u011f\u0131 d\u0259rinl\u0259\u015fdirm\u0259k z\u0259ruridir. Bilirl\u0259r ki, bu sah\u0259l\u0259rd\u0259 Az\u0259rbaycan\u0131n malik oldu\u011fu imkanlara C\u0259nubi Qafqaz\u0131n dig\u0259r iki \u00f6lk\u0259si malik deyil. Az\u0259rbaycan Ordusunun ba\u015f q\u0259rargah r\u0259isinin AB\u015e-a s\u0259f\u0259rinin h\u0259yata ke\u00e7irilm\u0259sind\u0259 bu amili d\u0259 n\u0259z\u0259r\u0259 almaq laz\u0131md\u0131r. Yuxar\u0131da sadalad\u0131\u011f\u0131m m\u0259qamlara v\u0259 dig\u0259r bir s\u0131ra amill\u0259r\u0259 g\u00f6r\u0259 Az\u0259rbaycan Ordusunun r\u0259hb\u0259rliyinin n\u00fcmay\u0259nd\u0259 hey\u0259tinin s\u0259f\u0259rl\u0259rind\u0259, onlarla g\u00f6r\u00fc\u015fl\u0259rd\u0259 AB\u015e maraql\u0131d\u0131r. Bu s\u0259f\u0259r AB\u015e-\u0131n t\u0259\u015f\u0259bb\u00fcs\u00fcd\u00fcr\u201d.<\/p>\n","protected":false},"excerpt":{"rendered":"<p>H\u0259rbi v\u0259 siyasi ekspertl\u0259r: \u201cBu s\u0259f\u0259r AB\u015e-\u0131n t\u0259\u015f\u0259bb\u00fcs\u00fcn\u00fcn n\u0259tic\u0259sidir v\u0259\u00a0 \u0259laq\u0259l\u0259ri s\u0131xla\u015fd\u0131rmaq ist\u0259yind\u0131n ir\u0259li g\u0259lir\u201d M\u00fcdafi\u0259 nazirinin birinci m\u00fcavini &#8211; Az\u0259rbaycan Ordusunun Ba\u015f Q\u0259rargah r\u0259isi general-polkovnik K\u0259rim V\u0259liyevin r\u0259hb\u0259rlik etdiyi n\u00fcmay\u0259nd\u0259 hey\u0259ti Amerika Birl\u0259\u015fmi\u015f \u015etatlar\u0131nda s\u0259f\u0259rd\u0259dir. Amerika Birl\u0259\u015fmi\u015f \u015etatlar\u0131nda s\u0259f\u0259rd\u0259 olan m\u00fcdafi\u0259 nazirinin birinci m\u00fcavini &#8211; Az\u0259rbaycan Ordusunun Ba\u015f Q\u0259rargah r\u0259isi general-polkovnik K\u0259rim V\u0259liyev AB\u015e-\u0131n Birl\u0259\u015fmi\u015f Q\u0259rargahlar R\u0259isl\u0259ri Komit\u0259si r\u0259isinin birinci m\u00fcavini admiral Kristofer Qreydi il\u0259 g\u00f6r\u00fc\u015f\u00fcb. G\u00f6r\u00fc\u015fd\u0259 Az\u0259rbaycanla AB\u015e aras\u0131nda h\u0259rbi \u0259m\u0259kda\u015fl\u0131\u011f\u0131n perspektivl\u0259ri v\u0259 regional t\u0259hl\u00fck\u0259sizlik m\u0259s\u0259l\u0259l\u0259ri m\u00fczakir\u0259 olunub. Xarici \u0130\u015fl\u0259r Nazirliyind\u0259n veril\u0259n m\u0259lumata g\u00f6r\u0259, s\u0259f\u0259r zaman\u0131 n\u00fcmay\u0259nd\u0259 hey\u0259tinin&hellip;<\/p>\n","protected":false},"author":2,"featured_media":539708,"comment_status":"closed","ping_status":"closed","sticky":false,"template":"","format":"standard","meta":{"om_disable_all_campaigns":false,"_monsterinsights_skip_tracking":false,"_monsterinsights_sitenote_active":false,"_monsterinsights_sitenote_note":"","_monsterinsights_sitenote_category":0},"categories":[4],"tags":[],"aioseo_notices":[],"gutentor_comment":0,"rttpg_featured_image_url":{"full":["https:\/\/arantv.az\/wp-content\/uploads\/2022\/11\/12ee2db8ec3aa1689e60add5a70fb156.jpg",850,500,false],"landscape":["https:\/\/arantv.az\/wp-content\/uploads\/2022\/11\/12ee2db8ec3aa1689e60add5a70fb156.jpg",850,500,false],"portraits":["https:\/\/arantv.az\/wp-content\/uploads\/2022\/11\/12ee2db8ec3aa1689e60add5a70fb156.jpg",850,500,false],"thumbnail":["https:\/\/arantv.az\/wp-content\/uploads\/2022\/11\/12ee2db8ec3aa1689e60add5a70fb156-500x280.jpg",500,280,true],"medium":["https:\/\/arantv.az\/wp-content\/uploads\/2022\/11\/12ee2db8ec3aa1689e60add5a70fb156-621x365.jpg",621,365,true],"large":["https:\/\/arantv.az\/wp-content\/uploads\/2022\/11\/12ee2db8ec3aa1689e60add5a70fb156-840x494.jpg",640,376,true],"1536x1536":["https:\/\/arantv.az\/wp-content\/uploads\/2022\/11\/12ee2db8ec3aa1689e60add5a70fb156.jpg",850,500,false],"2048x2048":["https:\/\/arantv.az\/wp-content\/uploads\/2022\/11\/12ee2db8ec3aa1689e60add5a70fb156.jpg",850,500,false],"post-thumbnail":["https:\/\/arantv.az\/wp-content\/uploads\/2022\/11\/12ee2db8ec3aa1689e60add5a70fb156-240x172.jpg",240,172,true],"advps-thumb-one":["https:\/\/arantv.az\/wp-content\/uploads\/2022\/11\/12ee2db8ec3aa1689e60add5a70fb156.jpg",850,500,false]},"rttpg_author":{"display_name":"V\u00fcsal Rafiqo\u011flu","author_link":"https:\/\/arantv.az\/?author=2"},"rttpg_comment":0,"rttpg_category":"<a href=\"https:\/\/arantv.az\/?cat=4\" rel=\"category\">Siyas\u0259t<\/a>","rttpg_excerpt":"H\u0259rbi v\u0259 siyasi ekspertl\u0259r: \u201cBu s\u0259f\u0259r AB\u015e-\u0131n t\u0259\u015f\u0259bb\u00fcs\u00fcn\u00fcn n\u0259tic\u0259sidir v\u0259\u00a0 \u0259laq\u0259l\u0259ri s\u0131xla\u015fd\u0131rmaq ist\u0259yind\u0131n ir\u0259li g\u0259lir\u201d M\u00fcdafi\u0259 nazirinin birinci m\u00fcavini &#8211; Az\u0259rbaycan Ordusunun Ba\u015f Q\u0259rargah r\u0259isi general-polkovnik K\u0259rim V\u0259liyevin r\u0259hb\u0259rlik etdiyi n\u00fcmay\u0259nd\u0259 hey\u0259ti Amerika Birl\u0259\u015fmi\u015f \u015etatlar\u0131nda s\u0259f\u0259rd\u0259dir. Amerika Birl\u0259\u015fmi\u015f \u015etatlar\u0131nda s\u0259f\u0259rd\u0259 olan m\u00fcdafi\u0259 nazirinin birinci m\u00fcavini &#8211; Az\u0259rbaycan Ordusunun Ba\u015f Q\u0259rargah r\u0259isi general-polkovnik K\u0259rim V\u0259liyev AB\u015e-\u0131n&hellip;","_links":{"self":[{"href":"https:\/\/arantv.az\/index.php?rest_route=\/wp\/v2\/posts\/539707"}],"collection":[{"href":"https:\/\/arantv.az\/index.php?rest_route=\/wp\/v2\/posts"}],"about":[{"href":"https:\/\/arantv.az\/index.php?rest_route=\/wp\/v2\/types\/post"}],"author":[{"embeddable":true,"href":"https:\/\/arantv.az\/index.php?rest_route=\/wp\/v2\/users\/2"}],"replies":[{"embeddable":true,"href":"https:\/\/arantv.az\/index.php?rest_route=%2Fwp%2Fv2%2Fcomments&post=539707"}],"version-history":[{"count":0,"href":"https:\/\/arantv.az\/index.php?rest_route=\/wp\/v2\/posts\/539707\/revisions"}],"wp:featuredmedia":[{"embeddable":true,"href":"https:\/\/arantv.az\/index.php?rest_route=\/wp\/v2\/media\/539708"}],"wp:attachment":[{"href":"https:\/\/arantv.az\/index.php?rest_route=%2Fwp%2Fv2%2Fmedia&parent=539707"}],"wp:term":[{"taxonomy":"category","embeddable":true,"href":"https:\/\/arantv.az\/index.php?rest_route=%2Fwp%2Fv2%2Fcategories&post=539707"},{"taxonomy":"post_tag","embeddable":true,"href":"https:\/\/arantv.az\/index.php?rest_route=%2Fwp%2Fv2%2Ftags&post=539707"}],"curies":[{"name":"wp","href":"https:\/\/api.w.org\/{rel}","templated":true}]}}