{"id":539710,"date":"2022-11-30T08:13:31","date_gmt":"2022-11-30T05:13:31","guid":{"rendered":"https:\/\/arantv.az\/?p=539710"},"modified":"2022-11-30T08:13:31","modified_gmt":"2022-11-30T05:13:31","slug":"ordumuzun-k%c9%99lb%c9%99c%c9%99r-lacin-v%c9%99-agdamdaki-movqel%c9%99ri-at%c9%99s%c9%99-tutulub","status":"publish","type":"post","link":"https:\/\/arantv.az\/?p=539710","title":{"rendered":"Ordumuzun K\u0259lb\u0259c\u0259r, La\u00e7\u0131n v\u0259 A\u011fdamdak\u0131 m\u00f6vqel\u0259ri at\u0259\u015f\u0259 tutulub"},"content":{"rendered":"<p>Noyabr\u0131n 29-u saat 18:25-d\u0259n noyabr\u0131n 30-u saat 00:45-d\u0259k Erm\u0259nistan silahl\u0131 q\u00fcvv\u0259l\u0259rinin b\u00f6lm\u0259l\u0259ri Basarke\u00e7\u0259r rayonunun A\u015fa\u011f\u0131 \u015eorca, Gorus rayonunun X\u0259zin\u0259var v\u0259 Burun ya\u015fay\u0131\u015f m\u0259nt\u0259q\u0259l\u0259ri istiqam\u0259tl\u0259rind\u0259 yerl\u0259\u015f\u0259n m\u00f6vqel\u0259rind\u0259n Az\u0259rbaycan Ordusunun K\u0259lb\u0259c\u0259r rayonunun Yellic\u0259, La\u00e7\u0131n rayonunun Hac\u0131lar ya\u015fay\u0131\u015f m\u0259nt\u0259q\u0259l\u0259ri v\u0259 Qarag\u00f6l istiqam\u0259tl\u0259rind\u0259 yerl\u0259\u015f\u0259n m\u00f6vqel\u0259rini m\u00fcxt\u0259lif \u00e7apl\u0131 at\u0131c\u0131 silahlardan fasil\u0259l\u0259rl\u0259 at\u0259\u015f\u0259 tutub.<\/p>\n<div class=\"AdviadNativeVideo\"><\/div>\n<p>Bu bar\u0259d\u0259 M\u00fcdafi\u0259 Nazirliyi m\u0259lumat yay\u0131b.<\/p>\n<p>Bundan ba\u015fqa, noyabr\u0131n 29-u saat 18:10-da Rusiya s\u00fclhm\u0259raml\u0131lar\u0131n\u0131n m\u00fcv\u0259qq\u0259ti yerl\u0259\u015fdikl\u0259ri Az\u0259rbaycan \u0259razisind\u0259ki qeyri-qanuni erm\u0259ni silahl\u0131 d\u0259st\u0259sinin \u00fczvl\u0259ri t\u0259r\u0259find\u0259n Ordumuzun A\u011fdam rayonu istiqam\u0259tind\u0259 yerl\u0259\u015f\u0259n m\u00f6vqel\u0259ri d\u0259 m\u00fcxt\u0259lif \u00e7apl\u0131 at\u0131c\u0131 silahlardan at\u0259\u015f\u0259 tutulub.<\/p>\n<p>Qeyd olunan istiqam\u0259tl\u0259rd\u0259 yerl\u0259\u015f\u0259n b\u00f6lm\u0259l\u0259rimiz t\u0259r\u0259find\u0259n adekvat cavab t\u0259dbirl\u0259ri g\u00f6r\u00fcl\u00fcb.<\/p>\n","protected":false},"excerpt":{"rendered":"<p>Noyabr\u0131n 29-u saat 18:25-d\u0259n noyabr\u0131n 30-u saat 00:45-d\u0259k Erm\u0259nistan silahl\u0131 q\u00fcvv\u0259l\u0259rinin b\u00f6lm\u0259l\u0259ri Basarke\u00e7\u0259r rayonunun A\u015fa\u011f\u0131 \u015eorca, Gorus rayonunun X\u0259zin\u0259var v\u0259 Burun ya\u015fay\u0131\u015f m\u0259nt\u0259q\u0259l\u0259ri istiqam\u0259tl\u0259rind\u0259 yerl\u0259\u015f\u0259n m\u00f6vqel\u0259rind\u0259n Az\u0259rbaycan Ordusunun K\u0259lb\u0259c\u0259r rayonunun Yellic\u0259, La\u00e7\u0131n rayonunun Hac\u0131lar ya\u015fay\u0131\u015f m\u0259nt\u0259q\u0259l\u0259ri v\u0259 Qarag\u00f6l istiqam\u0259tl\u0259rind\u0259 yerl\u0259\u015f\u0259n m\u00f6vqel\u0259rini m\u00fcxt\u0259lif \u00e7apl\u0131 at\u0131c\u0131 silahlardan fasil\u0259l\u0259rl\u0259 at\u0259\u015f\u0259 tutub. Bu bar\u0259d\u0259 M\u00fcdafi\u0259 Nazirliyi m\u0259lumat yay\u0131b. Bundan ba\u015fqa, noyabr\u0131n 29-u saat 18:10-da Rusiya s\u00fclhm\u0259raml\u0131lar\u0131n\u0131n m\u00fcv\u0259qq\u0259ti yerl\u0259\u015fdikl\u0259ri Az\u0259rbaycan \u0259razisind\u0259ki qeyri-qanuni erm\u0259ni silahl\u0131 d\u0259st\u0259sinin \u00fczvl\u0259ri t\u0259r\u0259find\u0259n Ordumuzun A\u011fdam rayonu istiqam\u0259tind\u0259 yerl\u0259\u015f\u0259n m\u00f6vqel\u0259ri d\u0259 m\u00fcxt\u0259lif \u00e7apl\u0131 at\u0131c\u0131 silahlardan at\u0259\u015f\u0259 tutulub. Qeyd olunan istiqam\u0259tl\u0259rd\u0259 yerl\u0259\u015f\u0259n b\u00f6lm\u0259l\u0259rimiz&hellip;<\/p>\n","protected":false},"author":2,"featured_media":479107,"comment_status":"closed","ping_status":"closed","sticky":false,"template":"","format":"standard","meta":{"om_disable_all_campaigns":false,"_monsterinsights_skip_tracking":false,"_monsterinsights_sitenote_active":false,"_monsterinsights_sitenote_note":"","_monsterinsights_sitenote_category":0},"categories":[10],"tags":[],"aioseo_notices":[],"gutentor_comment":0,"rttpg_featured_image_url":{"full":["https:\/\/arantv.az\/wp-content\/uploads\/2022\/05\/mudafie_nazirliyi_bina_121020.jpg",1000,705,false],"landscape":["https:\/\/arantv.az\/wp-content\/uploads\/2022\/05\/mudafie_nazirliyi_bina_121020.jpg",1000,705,false],"portraits":["https:\/\/arantv.az\/wp-content\/uploads\/2022\/05\/mudafie_nazirliyi_bina_121020.jpg",1000,705,false],"thumbnail":["https:\/\/arantv.az\/wp-content\/uploads\/2022\/05\/mudafie_nazirliyi_bina_121020-500x280.jpg",500,280,true],"medium":["https:\/\/arantv.az\/wp-content\/uploads\/2022\/05\/mudafie_nazirliyi_bina_121020-518x365.jpg",518,365,true],"large":["https:\/\/arantv.az\/wp-content\/uploads\/2022\/05\/mudafie_nazirliyi_bina_121020-840x592.jpg",640,451,true],"1536x1536":["https:\/\/arantv.az\/wp-content\/uploads\/2022\/05\/mudafie_nazirliyi_bina_121020.jpg",1000,705,false],"2048x2048":["https:\/\/arantv.az\/wp-content\/uploads\/2022\/05\/mudafie_nazirliyi_bina_121020.jpg",1000,705,false],"post-thumbnail":["https:\/\/arantv.az\/wp-content\/uploads\/2022\/05\/mudafie_nazirliyi_bina_121020-240x172.jpg",240,172,true],"advps-thumb-one":["https:\/\/arantv.az\/wp-content\/uploads\/2022\/05\/mudafie_nazirliyi_bina_121020-1000x620.jpg",1000,620,true]},"rttpg_author":{"display_name":"V\u00fcsal Rafiqo\u011flu","author_link":"https:\/\/arantv.az\/?author=2"},"rttpg_comment":0,"rttpg_category":"<a href=\"https:\/\/arantv.az\/?cat=10\" rel=\"category\">C\u0259bh\u0259d\u0259n X\u0259b\u0259r<\/a>","rttpg_excerpt":"Noyabr\u0131n 29-u saat 18:25-d\u0259n noyabr\u0131n 30-u saat 00:45-d\u0259k Erm\u0259nistan silahl\u0131 q\u00fcvv\u0259l\u0259rinin b\u00f6lm\u0259l\u0259ri Basarke\u00e7\u0259r rayonunun A\u015fa\u011f\u0131 \u015eorca, Gorus rayonunun X\u0259zin\u0259var v\u0259 Burun ya\u015fay\u0131\u015f m\u0259nt\u0259q\u0259l\u0259ri istiqam\u0259tl\u0259rind\u0259 yerl\u0259\u015f\u0259n m\u00f6vqel\u0259rind\u0259n Az\u0259rbaycan Ordusunun K\u0259lb\u0259c\u0259r rayonunun Yellic\u0259, La\u00e7\u0131n rayonunun Hac\u0131lar ya\u015fay\u0131\u015f m\u0259nt\u0259q\u0259l\u0259ri v\u0259 Qarag\u00f6l istiqam\u0259tl\u0259rind\u0259 yerl\u0259\u015f\u0259n m\u00f6vqel\u0259rini m\u00fcxt\u0259lif \u00e7apl\u0131 at\u0131c\u0131 silahlardan fasil\u0259l\u0259rl\u0259 at\u0259\u015f\u0259 tutub. Bu bar\u0259d\u0259 M\u00fcdafi\u0259 Nazirliyi m\u0259lumat yay\u0131b. Bundan&hellip;","_links":{"self":[{"href":"https:\/\/arantv.az\/index.php?rest_route=\/wp\/v2\/posts\/539710"}],"collection":[{"href":"https:\/\/arantv.az\/index.php?rest_route=\/wp\/v2\/posts"}],"about":[{"href":"https:\/\/arantv.az\/index.php?rest_route=\/wp\/v2\/types\/post"}],"author":[{"embeddable":true,"href":"https:\/\/arantv.az\/index.php?rest_route=\/wp\/v2\/users\/2"}],"replies":[{"embeddable":true,"href":"https:\/\/arantv.az\/index.php?rest_route=%2Fwp%2Fv2%2Fcomments&post=539710"}],"version-history":[{"count":0,"href":"https:\/\/arantv.az\/index.php?rest_route=\/wp\/v2\/posts\/539710\/revisions"}],"wp:featuredmedia":[{"embeddable":true,"href":"https:\/\/arantv.az\/index.php?rest_route=\/wp\/v2\/media\/479107"}],"wp:attachment":[{"href":"https:\/\/arantv.az\/index.php?rest_route=%2Fwp%2Fv2%2Fmedia&parent=539710"}],"wp:term":[{"taxonomy":"category","embeddable":true,"href":"https:\/\/arantv.az\/index.php?rest_route=%2Fwp%2Fv2%2Fcategories&post=539710"},{"taxonomy":"post_tag","embeddable":true,"href":"https:\/\/arantv.az\/index.php?rest_route=%2Fwp%2Fv2%2Ftags&post=539710"}],"curies":[{"name":"wp","href":"https:\/\/api.w.org\/{rel}","templated":true}]}}