{"id":539712,"date":"2022-11-30T08:14:28","date_gmt":"2022-11-30T05:14:28","guid":{"rendered":"https:\/\/arantv.az\/?p=539712"},"modified":"2022-11-30T08:14:28","modified_gmt":"2022-11-30T05:14:28","slug":"az%c9%99rbaycan-ordusunun-bas-q%c9%99rargah-r%c9%99isi-abs-d%c9%99-muhum-gorusl%c9%99r-kecirib-foto","status":"publish","type":"post","link":"https:\/\/arantv.az\/?p=539712","title":{"rendered":"Az\u0259rbaycan Ordusunun Ba\u015f Q\u0259rargah r\u0259isi AB\u015e-d\u0259 m\u00fch\u00fcm g\u00f6r\u00fc\u015fl\u0259r ke\u00e7irib &#8211; FOTO"},"content":{"rendered":"<p>AB\u015e il\u0259\u00a0Az\u0259rbaycan aras\u0131nda t\u0259hl\u00fck\u0259sizlik sah\u0259sind\u0259 g\u0259l\u0259c\u0259k \u0259m\u0259kda\u015fl\u0131q m\u00fczakir\u0259 edilib.<\/p>\n<p>Bu bar\u0259d\u0259 AB\u015e Milli Qvardiyas\u0131n\u0131n komandan\u0131 general Daniel Hokanson Az\u0259rbaycan m\u00fcdafi\u0259 nazirinin birinci m\u00fcavini \u2013 Az\u0259rbaycan Ordusunun Ba\u015f Q\u0259rargah r\u0259isi general-polkovnik K\u0259rim V\u0259liyevl\u0259 g\u00f6r\u00fc\u015f\u00fcnd\u0259n sonra \u00f6z \u201cTwitter\u201d s\u0259hif\u0259sind\u0259 yaz\u0131b.<\/p>\n<div class=\"AdviadNativeVideo\"><\/div>\n<p>G\u00f6r\u00fc\u015fd\u0259 Az\u0259rbaycanla t\u0259hl\u00fck\u0259sizlik sah\u0259sind\u0259 t\u0259r\u0259fda\u015fl\u0131\u011f\u0131n 20-ci ild\u00f6n\u00fcm\u00fc alq\u0131\u015flan\u0131b.<\/p>\n<p>\u201cBiz bu g\u00fccl\u00fc, qar\u015f\u0131l\u0131ql\u0131 faydal\u0131 t\u0259hl\u00fck\u0259sizlik \u0259laq\u0259l\u0259rinin y\u00fcks\u0259k d\u0259y\u0259rini bir daha t\u0259sdiql\u0259dik v\u0259 g\u0259l\u0259c\u0259k \u0259m\u0259kda\u015fl\u0131q sah\u0259l\u0259rini m\u00fczakir\u0259 etdik\u201d, &#8211; AB\u015e Milli Qvardiyas\u0131n\u0131n komandan\u0131 sosial \u015f\u0259b\u0259k\u0259 hesab\u0131nda qeyd edib.<\/p>\n<p>G\u00f6r\u00fc\u015fd\u0259 Az\u0259rbaycan\u0131n AB\u015e-d\u0259ki\u00a0f\u00f6vq\u0259lad\u0259 v\u0259 s\u0259lahiyy\u0259tli s\u0259firi X\u0259z\u0259r \u0130brahim d\u0259 i\u015ftirak edib.<\/p>\n<div>\n<div class=\"twitter-tweet twitter-tweet-rendered\"><iframe id=\"twitter-widget-0\" class=\"\" title=\"Twitter Tweet\" src=\"https:\/\/platform.twitter.com\/embed\/Tweet.html?creatorScreenName=oxuaz&amp;dnt=false&amp;embedId=twitter-widget-0&amp;features=eyJ0ZndfdGltZWxpbmVfbGlzdCI6eyJidWNrZXQiOlsibGlua3RyLmVlIiwidHIuZWUiLCJ0ZXJyYS5jb20uYnIiLCJ3d3cubGlua3RyLmVlIiwid3d3LnRyLmVlIiwid3d3LnRlcnJhLmNvbS5iciJdLCJ2ZXJzaW9uIjpudWxsfSwidGZ3X2hvcml6b25fdGltZWxpbmVfMTIwMzQiOnsiYnVja2V0IjoidHJlYXRtZW50IiwidmVyc2lvbiI6bnVsbH0sInRmd190d2VldF9lZGl0X2JhY2tlbmQiOnsiYnVja2V0Ijoib24iLCJ2ZXJzaW9uIjpudWxsfSwidGZ3X3JlZnNyY19zZXNzaW9uIjp7ImJ1Y2tldCI6Im9uIiwidmVyc2lvbiI6bnVsbH0sInRmd19jaGluX3BpbGxzXzE0NzQxIjp7ImJ1Y2tldCI6ImNvbG9yX2ljb25zIiwidmVyc2lvbiI6bnVsbH0sInRmd190d2VldF9yZXN1bHRfbWlncmF0aW9uXzEzOTc5Ijp7ImJ1Y2tldCI6InR3ZWV0X3Jlc3VsdCIsInZlcnNpb24iOm51bGx9LCJ0Zndfc2Vuc2l0aXZlX21lZGlhX2ludGVyc3RpdGlhbF8xMzk2MyI6eyJidWNrZXQiOiJpbnRlcnN0aXRpYWwiLCJ2ZXJzaW9uIjpudWxsfSwidGZ3X2V4cGVyaW1lbnRzX2Nvb2tpZV9leHBpcmF0aW9uIjp7ImJ1Y2tldCI6MTIwOTYwMCwidmVyc2lvbiI6bnVsbH0sInRmd19kdXBsaWNhdGVfc2NyaWJlc190b19zZXR0aW5ncyI6eyJidWNrZXQiOiJvbiIsInZlcnNpb24iOm51bGx9LCJ0ZndfdmlkZW9faGxzX2R5bmFtaWNfbWFuaWZlc3RzXzE1MDgyIjp7ImJ1Y2tldCI6InRydWVfYml0cmF0ZSIsInZlcnNpb24iOm51bGx9LCJ0Zndfc2hvd19ibHVlX3ZlcmlmaWVkX2JhZGdlIjp7ImJ1Y2tldCI6Im9uIiwidmVyc2lvbiI6bnVsbH0sInRmd190d2VldF9lZGl0X2Zyb250ZW5kIjp7ImJ1Y2tldCI6Im9uIiwidmVyc2lvbiI6bnVsbH19&amp;frame=false&amp;hideCard=false&amp;hideThread=false&amp;id=1597763335180943361&amp;lang=en&amp;origin=https%3A%2F%2Foxu.az%2Fpolitics%2F668992&amp;sessionId=1c7dba1827f21976be9541a64c93a85d52e14d93&amp;siteScreenName=oxuaz&amp;theme=light&amp;widgetsVersion=a3525f077c700%3A1667415560940&amp;width=550px\" frameborder=\"0\" scrolling=\"no\" allowfullscreen=\"allowfullscreen\" data-tweet-id=\"1597763335180943361\" data-mce-fragment=\"1\"><\/iframe><\/div>\n<\/div>\n<p>&nbsp;<\/p>\n","protected":false},"excerpt":{"rendered":"<p>AB\u015e il\u0259\u00a0Az\u0259rbaycan aras\u0131nda t\u0259hl\u00fck\u0259sizlik sah\u0259sind\u0259 g\u0259l\u0259c\u0259k \u0259m\u0259kda\u015fl\u0131q m\u00fczakir\u0259 edilib. Bu bar\u0259d\u0259 AB\u015e Milli Qvardiyas\u0131n\u0131n komandan\u0131 general Daniel Hokanson Az\u0259rbaycan m\u00fcdafi\u0259 nazirinin birinci m\u00fcavini \u2013 Az\u0259rbaycan Ordusunun Ba\u015f Q\u0259rargah r\u0259isi general-polkovnik K\u0259rim V\u0259liyevl\u0259 g\u00f6r\u00fc\u015f\u00fcnd\u0259n sonra \u00f6z \u201cTwitter\u201d s\u0259hif\u0259sind\u0259 yaz\u0131b. G\u00f6r\u00fc\u015fd\u0259 Az\u0259rbaycanla t\u0259hl\u00fck\u0259sizlik sah\u0259sind\u0259 t\u0259r\u0259fda\u015fl\u0131\u011f\u0131n 20-ci ild\u00f6n\u00fcm\u00fc alq\u0131\u015flan\u0131b. \u201cBiz bu g\u00fccl\u00fc, qar\u015f\u0131l\u0131ql\u0131 faydal\u0131 t\u0259hl\u00fck\u0259sizlik \u0259laq\u0259l\u0259rinin y\u00fcks\u0259k d\u0259y\u0259rini bir daha t\u0259sdiql\u0259dik v\u0259 g\u0259l\u0259c\u0259k \u0259m\u0259kda\u015fl\u0131q sah\u0259l\u0259rini m\u00fczakir\u0259 etdik\u201d, &#8211; AB\u015e Milli Qvardiyas\u0131n\u0131n komandan\u0131 sosial \u015f\u0259b\u0259k\u0259 hesab\u0131nda qeyd edib. G\u00f6r\u00fc\u015fd\u0259 Az\u0259rbaycan\u0131n AB\u015e-d\u0259ki\u00a0f\u00f6vq\u0259lad\u0259 v\u0259 s\u0259lahiyy\u0259tli s\u0259firi X\u0259z\u0259r \u0130brahim d\u0259 i\u015ftirak edib. &nbsp;<\/p>\n","protected":false},"author":2,"featured_media":539714,"comment_status":"closed","ping_status":"closed","sticky":false,"template":"","format":"standard","meta":{"om_disable_all_campaigns":false,"_monsterinsights_skip_tracking":false,"_monsterinsights_sitenote_active":false,"_monsterinsights_sitenote_note":"","_monsterinsights_sitenote_category":0},"categories":[4],"tags":[],"aioseo_notices":[],"gutentor_comment":0,"rttpg_featured_image_url":{"full":["https:\/\/arantv.az\/wp-content\/uploads\/2022\/11\/FotoJet-2022-11-30T085815.139.jpg",620,413,false],"landscape":["https:\/\/arantv.az\/wp-content\/uploads\/2022\/11\/FotoJet-2022-11-30T085815.139.jpg",620,413,false],"portraits":["https:\/\/arantv.az\/wp-content\/uploads\/2022\/11\/FotoJet-2022-11-30T085815.139.jpg",620,413,false],"thumbnail":["https:\/\/arantv.az\/wp-content\/uploads\/2022\/11\/FotoJet-2022-11-30T085815.139-500x280.jpg",500,280,true],"medium":["https:\/\/arantv.az\/wp-content\/uploads\/2022\/11\/FotoJet-2022-11-30T085815.139-548x365.jpg",548,365,true],"large":["https:\/\/arantv.az\/wp-content\/uploads\/2022\/11\/FotoJet-2022-11-30T085815.139.jpg",620,413,false],"1536x1536":["https:\/\/arantv.az\/wp-content\/uploads\/2022\/11\/FotoJet-2022-11-30T085815.139.jpg",620,413,false],"2048x2048":["https:\/\/arantv.az\/wp-content\/uploads\/2022\/11\/FotoJet-2022-11-30T085815.139.jpg",620,413,false],"post-thumbnail":["https:\/\/arantv.az\/wp-content\/uploads\/2022\/11\/FotoJet-2022-11-30T085815.139-240x172.jpg",240,172,true],"advps-thumb-one":["https:\/\/arantv.az\/wp-content\/uploads\/2022\/11\/FotoJet-2022-11-30T085815.139.jpg",620,413,false]},"rttpg_author":{"display_name":"V\u00fcsal Rafiqo\u011flu","author_link":"https:\/\/arantv.az\/?author=2"},"rttpg_comment":0,"rttpg_category":"<a href=\"https:\/\/arantv.az\/?cat=4\" rel=\"category\">Siyas\u0259t<\/a>","rttpg_excerpt":"AB\u015e il\u0259\u00a0Az\u0259rbaycan aras\u0131nda t\u0259hl\u00fck\u0259sizlik sah\u0259sind\u0259 g\u0259l\u0259c\u0259k \u0259m\u0259kda\u015fl\u0131q m\u00fczakir\u0259 edilib. Bu bar\u0259d\u0259 AB\u015e Milli Qvardiyas\u0131n\u0131n komandan\u0131 general Daniel Hokanson Az\u0259rbaycan m\u00fcdafi\u0259 nazirinin birinci m\u00fcavini \u2013 Az\u0259rbaycan Ordusunun Ba\u015f Q\u0259rargah r\u0259isi general-polkovnik K\u0259rim V\u0259liyevl\u0259 g\u00f6r\u00fc\u015f\u00fcnd\u0259n sonra \u00f6z \u201cTwitter\u201d s\u0259hif\u0259sind\u0259 yaz\u0131b. G\u00f6r\u00fc\u015fd\u0259 Az\u0259rbaycanla t\u0259hl\u00fck\u0259sizlik sah\u0259sind\u0259 t\u0259r\u0259fda\u015fl\u0131\u011f\u0131n 20-ci ild\u00f6n\u00fcm\u00fc alq\u0131\u015flan\u0131b. \u201cBiz bu g\u00fccl\u00fc, qar\u015f\u0131l\u0131ql\u0131 faydal\u0131 t\u0259hl\u00fck\u0259sizlik \u0259laq\u0259l\u0259rinin y\u00fcks\u0259k d\u0259y\u0259rini&hellip;","_links":{"self":[{"href":"https:\/\/arantv.az\/index.php?rest_route=\/wp\/v2\/posts\/539712"}],"collection":[{"href":"https:\/\/arantv.az\/index.php?rest_route=\/wp\/v2\/posts"}],"about":[{"href":"https:\/\/arantv.az\/index.php?rest_route=\/wp\/v2\/types\/post"}],"author":[{"embeddable":true,"href":"https:\/\/arantv.az\/index.php?rest_route=\/wp\/v2\/users\/2"}],"replies":[{"embeddable":true,"href":"https:\/\/arantv.az\/index.php?rest_route=%2Fwp%2Fv2%2Fcomments&post=539712"}],"version-history":[{"count":0,"href":"https:\/\/arantv.az\/index.php?rest_route=\/wp\/v2\/posts\/539712\/revisions"}],"wp:featuredmedia":[{"embeddable":true,"href":"https:\/\/arantv.az\/index.php?rest_route=\/wp\/v2\/media\/539714"}],"wp:attachment":[{"href":"https:\/\/arantv.az\/index.php?rest_route=%2Fwp%2Fv2%2Fmedia&parent=539712"}],"wp:term":[{"taxonomy":"category","embeddable":true,"href":"https:\/\/arantv.az\/index.php?rest_route=%2Fwp%2Fv2%2Fcategories&post=539712"},{"taxonomy":"post_tag","embeddable":true,"href":"https:\/\/arantv.az\/index.php?rest_route=%2Fwp%2Fv2%2Ftags&post=539712"}],"curies":[{"name":"wp","href":"https:\/\/api.w.org\/{rel}","templated":true}]}}