{"id":539717,"date":"2022-11-30T08:21:07","date_gmt":"2022-11-30T05:21:07","guid":{"rendered":"https:\/\/arantv.az\/?p=539717"},"modified":"2022-11-30T08:21:07","modified_gmt":"2022-11-30T05:21:07","slug":"ceyhun-bayramov-at%c9%99t-in-xin-bascilarinin-iclasinda-istirak-ucun-polsaya-s%c9%99f%c9%99r-edib","status":"publish","type":"post","link":"https:\/\/arantv.az\/?p=539717","title":{"rendered":"Ceyhun Bayramov AT\u018fT-in X\u0130N ba\u015f\u00e7\u0131lar\u0131n\u0131n iclas\u0131nda i\u015ftirak \u00fc\u00e7\u00fcn Pol\u015faya s\u0259f\u0259r edib"},"content":{"rendered":"<p>Az\u0259rbaycan Respublikas\u0131n\u0131n xarici i\u015fl\u0259r naziri Ceyhun Bayramov Avropada T\u0259hl\u00fck\u0259sizlik v\u0259 \u018fm\u0259kda\u015fl\u0131q T\u0259\u015fkilat\u0131n\u0131n (AT\u018fT) Xarici \u0130\u015fl\u0259r Nazirl\u0259ri \u015euras\u0131n\u0131n 29-cu iclas\u0131nda i\u015ftirak etm\u0259k m\u0259qs\u0259dil\u0259 Pol\u015fa Respublikas\u0131na i\u015fg\u00fczar s\u0259f\u0259r\u0259 yola d\u00fc\u015f\u00fcb.<\/p>\n<p>Bu bar\u0259d\u0259\u00a0Az\u0259rbaycan\u0131n Xarici \u0130\u015fl\u0259r Nazirliyi\u00a0m\u0259lumat yay\u0131b.<\/p>\n<p>S\u0259f\u0259r \u00e7\u0259r\u00e7iv\u0259sind\u0259, h\u0259m\u00e7inin nazir Ceyhun Bayramovun ikit\u0259r\u0259fli g\u00f6r\u00fc\u015fl\u0259rinin ke\u00e7irilm\u0259si d\u0259 n\u0259z\u0259rd\u0259 tutulur.<\/p>\n","protected":false},"excerpt":{"rendered":"<p>Az\u0259rbaycan Respublikas\u0131n\u0131n xarici i\u015fl\u0259r naziri Ceyhun Bayramov Avropada T\u0259hl\u00fck\u0259sizlik v\u0259 \u018fm\u0259kda\u015fl\u0131q T\u0259\u015fkilat\u0131n\u0131n (AT\u018fT) Xarici \u0130\u015fl\u0259r Nazirl\u0259ri \u015euras\u0131n\u0131n 29-cu iclas\u0131nda i\u015ftirak etm\u0259k m\u0259qs\u0259dil\u0259 Pol\u015fa Respublikas\u0131na i\u015fg\u00fczar s\u0259f\u0259r\u0259 yola d\u00fc\u015f\u00fcb. Bu bar\u0259d\u0259\u00a0Az\u0259rbaycan\u0131n Xarici \u0130\u015fl\u0259r Nazirliyi\u00a0m\u0259lumat yay\u0131b. S\u0259f\u0259r \u00e7\u0259r\u00e7iv\u0259sind\u0259, h\u0259m\u00e7inin nazir Ceyhun Bayramovun ikit\u0259r\u0259fli g\u00f6r\u00fc\u015fl\u0259rinin ke\u00e7irilm\u0259si d\u0259 n\u0259z\u0259rd\u0259 tutulur.<\/p>\n","protected":false},"author":2,"featured_media":539718,"comment_status":"closed","ping_status":"closed","sticky":false,"template":"","format":"standard","meta":{"om_disable_all_campaigns":false,"_monsterinsights_skip_tracking":false,"_monsterinsights_sitenote_active":false,"_monsterinsights_sitenote_note":"","_monsterinsights_sitenote_category":0},"categories":[4],"tags":[],"aioseo_notices":[],"gutentor_comment":0,"rttpg_featured_image_url":{"full":["https:\/\/arantv.az\/wp-content\/uploads\/2022\/11\/fff-3.jpg",620,413,false],"landscape":["https:\/\/arantv.az\/wp-content\/uploads\/2022\/11\/fff-3.jpg",620,413,false],"portraits":["https:\/\/arantv.az\/wp-content\/uploads\/2022\/11\/fff-3.jpg",620,413,false],"thumbnail":["https:\/\/arantv.az\/wp-content\/uploads\/2022\/11\/fff-3-500x280.jpg",500,280,true],"medium":["https:\/\/arantv.az\/wp-content\/uploads\/2022\/11\/fff-3-548x365.jpg",548,365,true],"large":["https:\/\/arantv.az\/wp-content\/uploads\/2022\/11\/fff-3.jpg",620,413,false],"1536x1536":["https:\/\/arantv.az\/wp-content\/uploads\/2022\/11\/fff-3.jpg",620,413,false],"2048x2048":["https:\/\/arantv.az\/wp-content\/uploads\/2022\/11\/fff-3.jpg",620,413,false],"post-thumbnail":["https:\/\/arantv.az\/wp-content\/uploads\/2022\/11\/fff-3-240x172.jpg",240,172,true],"advps-thumb-one":["https:\/\/arantv.az\/wp-content\/uploads\/2022\/11\/fff-3.jpg",620,413,false]},"rttpg_author":{"display_name":"V\u00fcsal Rafiqo\u011flu","author_link":"https:\/\/arantv.az\/?author=2"},"rttpg_comment":0,"rttpg_category":"<a href=\"https:\/\/arantv.az\/?cat=4\" rel=\"category\">Siyas\u0259t<\/a>","rttpg_excerpt":"Az\u0259rbaycan Respublikas\u0131n\u0131n xarici i\u015fl\u0259r naziri Ceyhun Bayramov Avropada T\u0259hl\u00fck\u0259sizlik v\u0259 \u018fm\u0259kda\u015fl\u0131q T\u0259\u015fkilat\u0131n\u0131n (AT\u018fT) Xarici \u0130\u015fl\u0259r Nazirl\u0259ri \u015euras\u0131n\u0131n 29-cu iclas\u0131nda i\u015ftirak etm\u0259k m\u0259qs\u0259dil\u0259 Pol\u015fa Respublikas\u0131na i\u015fg\u00fczar s\u0259f\u0259r\u0259 yola d\u00fc\u015f\u00fcb. Bu bar\u0259d\u0259\u00a0Az\u0259rbaycan\u0131n Xarici \u0130\u015fl\u0259r Nazirliyi\u00a0m\u0259lumat yay\u0131b. S\u0259f\u0259r \u00e7\u0259r\u00e7iv\u0259sind\u0259, h\u0259m\u00e7inin nazir Ceyhun Bayramovun ikit\u0259r\u0259fli g\u00f6r\u00fc\u015fl\u0259rinin ke\u00e7irilm\u0259si d\u0259 n\u0259z\u0259rd\u0259 tutulur.","_links":{"self":[{"href":"https:\/\/arantv.az\/index.php?rest_route=\/wp\/v2\/posts\/539717"}],"collection":[{"href":"https:\/\/arantv.az\/index.php?rest_route=\/wp\/v2\/posts"}],"about":[{"href":"https:\/\/arantv.az\/index.php?rest_route=\/wp\/v2\/types\/post"}],"author":[{"embeddable":true,"href":"https:\/\/arantv.az\/index.php?rest_route=\/wp\/v2\/users\/2"}],"replies":[{"embeddable":true,"href":"https:\/\/arantv.az\/index.php?rest_route=%2Fwp%2Fv2%2Fcomments&post=539717"}],"version-history":[{"count":0,"href":"https:\/\/arantv.az\/index.php?rest_route=\/wp\/v2\/posts\/539717\/revisions"}],"wp:featuredmedia":[{"embeddable":true,"href":"https:\/\/arantv.az\/index.php?rest_route=\/wp\/v2\/media\/539718"}],"wp:attachment":[{"href":"https:\/\/arantv.az\/index.php?rest_route=%2Fwp%2Fv2%2Fmedia&parent=539717"}],"wp:term":[{"taxonomy":"category","embeddable":true,"href":"https:\/\/arantv.az\/index.php?rest_route=%2Fwp%2Fv2%2Fcategories&post=539717"},{"taxonomy":"post_tag","embeddable":true,"href":"https:\/\/arantv.az\/index.php?rest_route=%2Fwp%2Fv2%2Ftags&post=539717"}],"curies":[{"name":"wp","href":"https:\/\/api.w.org\/{rel}","templated":true}]}}