{"id":539724,"date":"2022-11-30T08:30:46","date_gmt":"2022-11-30T05:30:46","guid":{"rendered":"https:\/\/arantv.az\/?p=539724"},"modified":"2022-11-30T08:30:46","modified_gmt":"2022-11-30T05:30:46","slug":"parlament-siyasi-partiyalar-haqqinda-qanun-layih%c9%99sini-ilk-oxunusda-t%c9%99sdiql%c9%99di","status":"publish","type":"post","link":"https:\/\/arantv.az\/?p=539724","title":{"rendered":"Parlament \u201cSiyasi partiyalar haqq\u0131nda\u201d qanun layih\u0259sini ilk oxunu\u015fda t\u0259sdiql\u0259di"},"content":{"rendered":"<h4><strong>Deputat Az\u0259rbaycan d\u00f6vl\u0259tinin ad\u0131n\u0131n \u015eimali Az\u0259rbaycan olmas\u0131n\u0131\u00a0 t\u0259klif etdi<\/strong><\/h4>\n<p>Noyabr\u0131n 29-da Milli M\u0259clisin n\u00f6vb\u0259ti plenar iclas\u0131 ke\u00e7irildi. Deputat Razi Razi Nurullayev Elm v\u0259 T\u0259hsil Nazirliyinin f\u0259aliyy\u0259tini t\u0259nqid etdi: \u201cBu g\u00fcn\u0259 q\u0259d\u0259r Elm v\u0259 T\u0259hsil Nazirliyini t\u0259nqid etm\u0259mi\u015f\u0259m, g\u00f6zl\u0259mi\u015f\u0259m ki, b\u0259lk\u0259 yana\u015fmalar d\u0259yi\u015f\u0259r, qar\u015f\u0131l\u0131ql\u0131 h\u00f6rm\u0259t olar. Ha \u00e7al\u0131\u015f\u0131rlar ki, h\u0259r \u015fey daha yax\u015f\u0131 olsun, daha pis olur. Qurulan mexanizmi s\u00f6k\u00fcb yeni sistem qururlar, o is\u0259 k\u00f6hn\u0259 sistem\u0259 24 saat dua oxutdurur\u201d.<\/p>\n<p>Spiker Sahib\u0259 Qafarova Elm v\u0259 T\u0259hsil Nazirliyini v\u0259 nazir Emin \u018fmrullayevi t\u0259nqid ed\u0259n deputat Razi Nurullayevin \u00e7\u0131x\u0131\u015f\u0131na reaksiya verdi. S\u0259dr \u201cRazi m\u00fc\u0259llim, Emin m\u00fc\u0259llim \u00e7ox a\u00e7\u0131q adamd\u0131r, mediaya da, ictimaiyy\u0259t\u0259 d\u0259. Ke\u00e7\u0259n iclasda da burada idi. N\u0259y\u0259 g\u00f6r\u0259 siz onu s\u0259rt t\u0259nqid edirsiniz? Deyirsiniz ki, m\u0259ktub yazmayacaqs\u0131n\u0131z. Siz yazmayacaqs\u0131n\u0131z, t\u0259bii ki, cavab almayacaqs\u0131n\u0131z. Amma yazsan\u0131z, cavab olmasa, bu ba\u015fqa m\u0259s\u0259l\u0259. Lakin indiki halda Elm v\u0259 T\u0259hsil Nazirliyi haqq\u0131nda bel\u0259 dan\u0131\u015fma\u011f\u0131n\u0131z d\u00fczg\u00fcn deyil\u201d.<\/p>\n<p>Deputat Fazil Mustafa G\u00fcrc\u00fcstanla Az\u0259rbaycan aras\u0131nda normal m\u00fcnasib\u0259tl\u0259rin oldu\u011funu s\u00f6yl\u0259di. Ancaq bildirdi ki, son on ild\u0259 G\u00fcrc\u00fcstandak\u0131 az\u0259rbaycanl\u0131lar\u0131n kompakt ya\u015fad\u0131\u011f\u0131 \u0259razil\u0259rd\u0259ki m\u0259kt\u0259bl\u0259rin kadrlarla t\u0259min edilm\u0259sind\u0259 ciddi probleml\u0259r var. Deputat dedi ki, ya\u015fl\u0131 m\u00fc\u0259lliml\u0259r hans\u0131sa s\u0259b\u0259bd\u0259n \u00e7al\u0131\u015fd\u0131qlar\u0131 m\u0259kt\u0259bl\u0259ri t\u0259rk ets\u0259l\u0259r, f\u0259lak\u0259tli v\u0259ziyy\u0259t yaranar, milli m\u0259kt\u0259bl\u0259rimiz ba\u011flanmaq t\u0259hl\u00fck\u0259si il\u0259 \u00fcz-\u00fcz\u0259 qalar. F.Mustafa bildirdi ki, vaxtil\u0259 ild\u0259 40 kadr\u0131n haz\u0131rlanmas\u0131 il\u0259 ba\u011fl\u0131 layih\u0259 t\u0259qdim olunmu\u015fdu, G\u00fcrc\u00fcstan h\u00f6kum\u0259ti d\u0259 bu t\u0259\u015f\u0259bb\u00fcs\u00fc d\u0259st\u0259kl\u0259yirdi, lakin pandemiya s\u0259b\u0259bind\u0259n layih\u0259ni realla\u015fd\u0131rmaq m\u00fcmk\u00fcn olmad\u0131. \u00c7\u0131x\u0131\u015f yoluna g\u0259ldikd\u0259, deputat dedi ki, Az\u0259rbaycan milli kadrlar\u0131n haz\u0131rlanmas\u0131 istiqam\u0259tind\u0259 add\u0131mlar atmal\u0131d\u0131r. F.Mustafa dig\u0259r t\u0259klif d\u0259 ir\u0259li s\u00fcrd\u00fc. Bildirdi ki, bir s\u0131ra \u00f6lk\u0259l\u0259rl\u0259 ortaq universitetl\u0259r yarad\u0131ld\u0131\u011f\u0131 kimi, G\u00fcrc\u00fcstanla da analoji add\u0131m at\u0131lmal\u0131d\u0131r: \u201cNiy\u0259 G\u00fcrc\u00fcstan-Az\u0259rbaycan Universiteti yarad\u0131lmas\u0131n? Bu, strateji m\u0259s\u0259l\u0259dir. Bel\u0259 bir add\u0131m at\u0131lsa, az\u0259rbaycanl\u0131lar\u0131n Az\u0259rbaycanda haz\u0131rlanmas\u0131na ehtiyac qalmaz\u201d. Deputat dig\u0259r problem\u0259 d\u0259 diqq\u0259t \u00e7\u0259kdi. Bildirdi ki, G\u00fcrc\u00fcstandak\u0131 din xadiml\u0259rinin \u0259ks\u0259riyy\u0259tini ya \u0130ran haz\u0131rlay\u0131r, ya da onlar\u0131 c\u0259lb edib, Bor\u00e7al\u0131ya qaytar\u0131rlar. T\u0259hsilin a\u015fa\u011f\u0131 olmas\u0131 s\u0259b\u0259bind\u0259n G\u00fcrc\u00fcstanda c\u0259hal\u0259tin s\u0259viyy\u0259si y\u00fcks\u0259k h\u0259dd\u0259 \u00e7at\u0131b.<\/p>\n<p>Komit\u0259 s\u0259dri Zahid Oruc dedi ki, Az\u0259rbaycan\u0131n m\u00fcst\u0259qilliyi il\u0259 ya\u015f\u0131d olan hakim partiyan\u0131n yubiley m\u0259rasimind\u0259 Prezident \u0130lham \u018fliyevin nitqi 30 illik ictimai-siyasi tariximizin xronikas\u0131, el\u0259c\u0259 d\u0259 siyasi q\u00fcvv\u0259l\u0259rin yaranmas\u0131 v\u0259 ke\u00e7diyi inki\u015faf yolunun dol\u011fun \u015f\u0259kild\u0259 qiym\u0259tl\u0259ndirilm\u0259si idi: \u201c\u00d6lk\u0259 r\u0259hb\u0259ri yeni d\u00f6vl\u0259t quruculu\u011funu g\u00fccl\u00fc partiyalar sistemi il\u0259 birg\u0259 g\u00f6rd\u00fcy\u00fcn\u00fc b\u0259yan etdi v\u0259 onu alq\u0131\u015flarla qar\u015f\u0131layan y\u00fczl\u0259rl\u0259 m\u0259sl\u0259kda\u015flar\u0131 il\u0259 b\u0259rab\u0259r, 50-y\u0259 q\u0259d\u0259r partiya r\u0259hb\u0259rinin \u00f6z siyasi-ideoloji bax\u0131\u015flar\u0131ndak\u0131 f\u0259rql\u0259r\u0259 baxmayaraq, yeni qalib siyasi sistemi v\u0259 yeni milli h\u0259d\u0259fl\u0259ri d\u00f6vl\u0259tl\u0259 birg\u0259 g\u00f6rm\u0259si tarixi hadis\u0259 idi. Unutmayaq ki, \u0130lham \u018fliyev t\u0259kc\u0259 bir partiyan\u0131n s\u0259dri deyil, co\u011frafi s\u0259rh\u0259d tan\u0131mayan milyonlarla az\u0259rbaycanl\u0131n\u0131n lideridir. Ona g\u00f6r\u0259 d\u0259 d\u00f6vl\u0259t idar\u0259\u00e7iliyind\u0259 ba\u015f ver\u0259n yeni institusional, konstitusion d\u0259yi\u015fiklikl\u0259r \u201dSiyasi partiyalar haqq\u0131nda&#8221; yeni qanunun q\u0259bulunu z\u0259ruri edir&#8221;.<\/p>\n<p>Deputat Q\u00fcdr\u0259t H\u0259s\u0259nquliyev \u00f6nc\u0259 \u0130randa pozulan insan h\u00fcquqlar\u0131ndan b\u0259hs etdi. H\u0259m\u00e7inin Az\u0259rbaycan t\u00fcrkl\u0259rinin t\u0259bii haqlar\u0131ndan m\u0259hrum edildiyini bildirdi. Deputat bildirdi ki, \u00f6lk\u0259mizd\u0259 konstitusiya haz\u0131rlanmal\u0131 v\u0259 referendumda q\u0259bul olunmal\u0131d\u0131r: \u201c\u0130lk olaraq \u00f6lk\u0259mizin ad\u0131n\u0131 d\u0259yi\u015fdirm\u0259liyik. \u00d6lk\u0259mizin ad\u0131 \u015eimali Az\u0259rbaycan olmal\u0131d\u0131r. B\u00fct\u00fcn d\u00fcnya bilm\u0259lidir ki, 200 il \u0259vv\u0259l Az\u0259rbaycan torpaqlar\u0131 \u0130ran rejimi t\u0259r\u0259find\u0259n i\u015f\u011fal olunub. Nec\u0259 ki, d\u00fcnyada \u015eimali Koreya v\u0259 C\u0259nubi Koreya var, bizd\u0259 d\u0259 bel\u0259 olsun. Az\u0259rbaycan 200 il \u0259vv\u0259l iki imperiya t\u0259r\u0259find\u0259n b\u00f6l\u00fcn\u00fcb. Bu add\u0131m h\u0259m d\u0259 c\u0259nubi az\u0259rbaycanl\u0131lar \u00fc\u00e7\u00fcn stimul olar\u201d.<\/p>\n<p>Milli M\u0259clisin iclas\u0131nda \u00e7\u0131x\u0131\u015f ed\u0259n Regional m\u0259s\u0259l\u0259l\u0259r komit\u0259sinin s\u0259dri Siyavu\u015f Novruzov Rusiyan\u0131n Qaraba\u011fdak\u0131 h\u0259rbi kontingentinin \u00f6zba\u015f\u0131nal\u0131qlar\u0131na diqq\u0259t \u00e7\u0259kdi. Bildirdi ki, son vaxtlar Rusiya s\u00fclhm\u0259raml\u0131lar\u0131n\u0131n Az\u0259rbaycan toponiml\u0259rini d\u0259yi\u015fdirdiyini g\u00f6r\u00fcr\u00fck: \u201cHansi s\u0259b\u0259bd\u0259n bunu edirl\u0259r?\u201d S.Novruzov bildirdi ki, bununla h\u0259rbi kontingent \u00fc\u00e7t\u0259r\u0259fli raz\u0131la\u015fmaya, h\u0259m\u00e7inin Qaraba\u011f\u0131n Az\u0259rbaycan\u0131n ayr\u0131lmaz hiss\u0259si oldu\u011funu s\u00f6yl\u0259y\u0259n prezident Putin\u0259 h\u00f6rm\u0259tsizlik edirl\u0259r. Komit\u0259 s\u0259dri bu m\u0259s\u0259l\u0259 il\u0259 ba\u011fl\u0131 Rusiya D\u00f6vl\u0259t Dumas\u0131na m\u00fcraci\u0259t edil\u0259c\u0259yini s\u00f6yl\u0259di:\u00a0 \u201cS\u00fclhm\u0259raml\u0131lar g\u00f6r\u00fcn\u00fcr ki, \u00f6z prezidentl\u0259rinin imzalad\u0131\u011f\u0131 s\u0259n\u0259di saym\u0131rlar, h\u00f6rm\u0259tsiz yana\u015f\u0131rlar. Bununla ba\u011fl\u0131 Biz Rusiya D\u00f6vl\u0259t Dumas\u0131n\u0131n regional m\u0259s\u0259l\u0259l\u0259r komit\u0259sin\u0259 v\u0259 M\u00fcdafi\u0259 Nazirliyin\u0259 m\u00fcraci\u0259t ed\u0259c\u0259yik. Erm\u0259nil\u0259r t\u0259r\u0259find\u0259n 1000-d\u0259n art\u0131q toponimimiz d\u0259yi\u015fdirilib. \u018fg\u0259r onlar \u00f6z funksiyalar\u0131n\u0131 yerin\u0259 yetir\u0259 bilmirl\u0259rs\u0259, f\u0259aliyy\u0259tl\u0259rini dayand\u0131rs\u0131nlar. Biz\u0259 separat\u00e7\u0131lar laz\u0131m deyil, i\u015fl\u0259rini g\u00f6r\u0259 bilmirl\u0259rs\u0259, getsinl\u0259r\u201d.<\/p>\n<p>Komit\u0259 s\u0259dri Ziyaf\u0259t \u018fsg\u0259rov da bu m\u00f6vzuda dan\u0131\u015fark\u0259n h\u0259mkar\u0131n\u0131n fikirl\u0259rini d\u0259st\u0259kl\u0259di.<\/p>\n<p>Naqif H\u0259mz\u0259yev paytaxtdak\u0131 t\u0131xaclardan b\u0259hs etdi. Bildirdi ki, g\u00fcn\u00fcn ayr\u0131-ayr\u0131 saatlar\u0131nda t\u0131xaclar\u0131n yaranmas\u0131n\u0131n konkret s\u0259b\u0259bl\u0259ri var. N.H\u0259mz\u0259yev bu problemin \u0259sas\u0259n d\u0259rsl\u0259rin ba\u015flad\u0131\u011f\u0131 saatlarda yarand\u0131\u011f\u0131n\u0131 s\u00f6yl\u0259di. Bildirdi ki, h\u0259r evd\u0259n bir avtomobil \u00e7\u0131x\u0131rsa v\u0259 u\u015faqlar m\u0259kt\u0259bl\u0259r\u0259 apar\u0131l\u0131rsa, bu halda n\u0259qliyyat vasit\u0259l\u0259rinin s\u0131xl\u0131\u011f\u0131n\u0131n yaranmas\u0131 t\u0259biidir. Odur ki, deputat bu s\u0131xl\u0131\u011f\u0131n aradan qald\u0131r\u0131lmas\u0131n\u0131 t\u0259min etm\u0259kd\u0259n \u00f6tr\u00fc m\u00fc\u0259lliml\u0259r v\u0259 \u015fagirdl\u0259r \u00fc\u00e7\u00fcn ictimai n\u0259qliyyat\u0131n g\u00fcnd\u0259 he\u00e7 olmasa iki d\u0259f\u0259 pulsuz olmas\u0131n\u0131 t\u0259klif etdi: \u201cH\u0259m\u00e7inin ictimai n\u0259qliyyatda avtobuslar\u0131n say\u0131 art\u0131r\u0131lmal\u0131d\u0131r ki, Bak\u0131da t\u0131xac problemi qism\u0259n h\u0259ll olunsun. Pay\u0131z t\u0259tilind\u0259 biz g\u00f6rd\u00fck ki, \u018fhm\u0259dlid\u0259n paytaxt\u0131n m\u0259rk\u0259zin\u0259 15 d\u0259qiq\u0259y\u0259 g\u0259lm\u0259k olur\u201d.<\/p>\n<p>\u201cAz\u0259rbaycan Respublikas\u0131n\u0131n \u0130nsan h\u00fcquqlar\u0131 \u00fczr\u0259 m\u00fcv\u0259kkili (ombudsman) haqq\u0131nda\u201d Az\u0259rbaycan Respublikas\u0131n\u0131n Konstitusiya Qanununda d\u0259yi\u015fiklik edilm\u0259si bar\u0259d\u0259 Az\u0259rbaycan Respublikas\u0131 Konstitusiya qanununun layih\u0259si ikinci oxunu\u015fda m\u00fczakir\u0259y\u0259 \u00e7\u0131xar\u0131laraq q\u0259bul edildi.<\/p>\n<p>Deputat Fazil Mustafa \u00e7\u0131x\u0131\u015f\u0131nda ombudsman\u0131n s\u0259lahiyy\u0259tl\u0259rinin art\u0131r\u0131lmas\u0131 z\u0259rur\u0259tind\u0259n dan\u0131\u015fd\u0131. O, h\u0259mkar\u0131 Zahid Orucun fikirl\u0259rin\u0259 reaksiya verdi: \u201cBurada Zahid b\u0259y dedi ki, Hac\u0131 Zeynalabdin Ta\u011f\u0131yev, Murtuza Muxtarov olsayd\u0131, g\u0259tirib \u00f6lk\u0259y\u0259 kapital qoyard\u0131. Q\u0259tiyy\u0259n qoymazd\u0131\u201d. F.Mustafa sahibkarlar\u0131n probleml\u0259rinin kifay\u0259t q\u0259d\u0259r oldu\u011funu, onlar\u0131n h\u0259lli istiqam\u0259tind\u0259 d\u00f6vl\u0259t ba\u015f\u00e7\u0131s\u0131, Milli M\u0259clis s\u0259viyy\u0259sind\u0259 add\u0131mlar at\u0131lsa da, ki\u00e7ik v\u0259 orta sahibkarlar\u0131n probleml\u0259rd\u0259n xilas ola bilm\u0259diyini s\u00f6yl\u0259di: \u201cOmbudsmana da y\u00fczl\u0259rl\u0259 m\u00fcraci\u0259tl\u0259r edilir. Ombudsman da s\u0259n\u0259dl\u0259\u015fdirir, laz\u0131mi \u00fcnvanlara g\u00f6nd\u0259rir. Amma he\u00e7 bir t\u0259dbir g\u00f6r\u00fclm\u00fcr. Qanun pozuntular\u0131 aradan qald\u0131r\u0131lm\u0131r. \u00c7\u00fcnki ombudsman\u0131n s\u0259lahiyy\u0259tl\u0259ri \u0259lav\u0259 add\u0131ma imkan vermir\u201d. Daha sonra deputat m\u0259murlar\u0131n bigan\u0259liyind\u0259n d\u0259 b\u0259hs etdi: \u201cM\u0259n art\u0131q mill\u0259t v\u0259kili olaraq bir s\u0131ra nazirlikl\u0259r\u0259 m\u00fcraci\u0259t etmir\u0259m, xeyri yoxdur. Biz kimis\u0259 t\u0259nqid ed\u0259nd\u0259 deyirl\u0259r \u015f\u0259xsi xahi\u015f\u0259 bax\u0131lmay\u0131b dey\u0259 t\u0259nqid edirl\u0259r.\u00a0 Amma reall\u0131q budur ki, biz \u00f6lk\u0259nin maraqlar\u0131 bax\u0131m\u0131ndan he\u00e7 bir add\u0131m\u0131 atmaq imkan\u0131na malik deyilik\u201d.<\/p>\n<p>\u0130clasda \u201cSiyasi partiyalar haqq\u0131nda\u201d yeni qanun layih\u0259si birinci oxunu\u015fda m\u00fczakir\u0259y\u0259 \u00e7\u0131xar\u0131ld\u0131. Layih\u0259 bar\u0259d\u0259 Milli M\u0259clis s\u0259drinin m\u00fcavini, \u0130ctimai birlikl\u0259r v\u0259 dini qurumlar komit\u0259sinin s\u0259dri F\u0259zail \u0130brahimli m\u0259lumat ver\u0259r\u0259k yeni qanun layih\u0259sinin haz\u0131rlanmas\u0131na ehtiyac oldu\u011funu s\u00f6yl\u0259di. Vitse-spiker qeyd etdi ki, \u00f6t\u0259n qanun layih\u0259sinin q\u0259bul edilm\u0259sind\u0259n uzun zaman ke\u00e7ir: \u201cYeni qanun layih\u0259si beyn\u0259lxalq t\u0259cr\u00fcb\u0259l\u0259r\u0259 \u0259saslan\u0131r. D\u00fcnyan\u0131n 20 qabaqc\u0131l \u00f6lk\u0259sinin t\u0259cr\u00fcb\u0259si \u00f6yr\u0259nilib, \u00f6lk\u0259nin siyasi sisteminin v\u0259 milli x\u00fcsusiyy\u0259tl\u0259rinin, bununla yana\u015f\u0131, Venesiya Komissiyas\u0131n\u0131n siyasi partiyalar\u0131n f\u0259aliyy\u0259tinin t\u0259nziml\u0259nm\u0259si haqq\u0131nda t\u00f6vsiy\u0259l\u0259ri n\u0259z\u0259r\u0259 al\u0131n\u0131b. Qanun lahiy\u0259sind\u0259 son variantda 66 d\u0259yi\u015fiklik edilib\u201d.<\/p>\n<p>Milli M\u0259clis s\u0259drinin birinci m\u00fcavini, H\u00fcquq siyas\u0259ti v\u0259 d\u00f6vl\u0259t quruculu\u011fu komit\u0259sinin s\u0259dri \u018fli H\u00fcseynli qanun layih\u0259sinin vacibliyind\u0259n b\u0259hs etdi: \u201cDemokratik d\u00f6vl\u0259td\u0259 ifad\u0259 azadl\u0131\u011f\u0131na, topla\u015fmaq v\u0259 birl\u0259\u015fm\u0259k azadl\u0131\u011f\u0131na maksimum t\u0259minat verilm\u0259lidir. Yeni haz\u0131rlanan \u201dSiyasi partiyalar haqq\u0131nda&#8221; qanun layih\u0259si m\u0259hz bu t\u0259minatlara cavab verir&#8221;.<\/p>\n<p>M\u00fcdafi\u0259, t\u0259hl\u00fck\u0259sizlik v\u0259 korrupsiya il\u0259 m\u00fcbariz\u0259 komit\u0259sinin s\u0259dri Ziyaf\u0259t \u018fsg\u0259rov is\u0259 dedi ki, \u201cSiyasi partiyalar haqq\u0131nda\u201d qanun layih\u0259sinin yenid\u0259n t\u0259rtib olunmas\u0131 vacib idi: \u201c\u0130lk qanun layih\u0259si 1993-c\u00fc ild\u0259 q\u0259bul olunub. 30 ild\u0259n art\u0131q zamanda bu qanuna t\u0259kc\u0259 70 d\u0259yi\u015fiklik edilib, amma m\u00fczakir\u0259l\u0259r zaman\u0131 66 d\u0259yi\u015fiklik olunub. Bu is\u0259 t\u0259bii ki, g\u00f6st\u0259ril\u0259n diqq\u0259tin n\u0259tic\u0259sidir. Eyni zamanda &#8220;Siyasi partiyalar haqq\u0131nda&#8221; Qanunun b\u00fct\u00fcn m\u00fcdd\u0259alar\u0131 Milli M\u0259clisin sayt\u0131nda qeyd olunur. Qanunla ba\u011fl\u0131 b\u00fct\u00fcn m\u00fcdd\u0259alar beyn\u0259lxalq standartlara cavab verir\u201d.<\/p>\n<p>Deputat Razi Nurullayev qanun layih\u0259sin\u0259 s\u0259s ver\u0259c\u0259yini s\u00f6yl\u0259di. Bildirdi ki, apar\u0131lan m\u00fczakir\u0259l\u0259rd\u0259 veril\u0259n t\u0259klifl\u0259rin n\u0259z\u0259r\u0259 al\u0131nmas\u0131, m\u00fczakir\u0259l\u0259rin a\u00e7\u0131q v\u0259 \u015f\u0259ffaf ke\u00e7irilm\u0259si buna \u0259sas verir: \u201cBu qanunun m\u00fczakir\u0259si zaman\u0131 ortaya \u00e7\u0131xan ger\u00e7\u0259klik h\u0259m d\u0259 bir siqnal oldu, qanunun q\u0259bul edilm\u0259sinin vacibliyini ortaya qoydu. \u00d6lk\u0259mizd\u0259 iqtidar\u0131, Prezidenti t\u0259nqid etm\u0259k, z\u0259ifl\u0259tm\u0259k namin\u0259 Az\u0259rbaycan\u0131n d\u00fc\u015fm\u0259nl\u0259ri il\u0259 bel\u0259 \u0259m\u0259kda\u015fl\u0131q etm\u0259k, onlar\u0131n s\u00f6z\u00fcn\u00fc d\u0259st\u0259kl\u0259m\u0259k v\u0259 onlar\u0131n televiziyalar\u0131nda t\u0259nqidi fikirl\u0259ri il\u0259 g\u00f6r\u00fcn\u0259n siyas\u0259t\u00e7il\u0259rin olmas\u0131na t\u0259\u0259ss\u00fcf edir\u0259m. Bu g\u00fcn \u0130ran\u0131n, Erm\u0259nistan\u0131n televiziyalar\u0131nda onlar\u0131n \u00e7\u0131x\u0131\u015flar\u0131ndan v\u0259 t\u0259nqidl\u0259rind\u0259n istifad\u0259 olunursa, bu onlar \u00fc\u00e7\u00fcn utanc v\u0259 faci\u0259dir. Parlamentd\u0259 olan m\u00fcxalif\u0259ti d\u0259 t\u0259nqid edirl\u0259r ki, siz nec\u0259 m\u00fcxalif\u0259tsiniz? M\u00fcxalif\u0259t olaraq, v\u0259zif\u0259mizi \u00e7ox d\u00fcr\u00fcst yerin\u0259 yetiririk. N\u0259 etm\u0259liyik? Yumruq davas\u0131na \u00e7\u0131xmaq, qar\u0131\u015f\u0131ql\u0131q salmaq, spikerin s\u00f6z\u00fcn\u00fc k\u0259sm\u0259k, h\u0259r m\u0259s\u0259l\u0259y\u0259 etiraz etm\u0259k, zal\u0131 t\u0259rk etm\u0259k, s\u0259si imkan verdikc\u0259 q\u0131\u015fq\u0131rmaq, \u0259l-qolla dan\u0131\u015fmaq bizlik deyil. Daha m\u0259d\u0259ni v\u0259 t\u0259sirli yollar var. Bunu da edirik. Son zamanlar m\u0259ni d\u0259 t\u0259hqir edirl\u0259r. \u00c7\u00fcnki Prezident \u0130lham \u018fliyevin Az\u0259rbaycan namin\u0259 g\u00f6z\u0259l \u00e7\u0131x\u0131\u015flar\u0131 olur, d\u00f6vl\u0259timiz namin\u0259 onlar\u0131 d\u0259st\u0259kl\u0259yir\u0259m. S\u0259b\u0259bini deyim, bilsinl\u0259r. Prezident \u0130lham \u018fliyevi ona g\u00f6r\u0259 d\u0259st\u0259kl\u0259yir\u0259m ki, o bizim arzular\u0131m\u0131z\u0131 ger\u00e7\u0259kl\u0259\u015fdirir. O, bu g\u00fcn M\u0259h\u0259mm\u0259d \u018fmin R\u0259sulzad\u0259nin, \u018fb\u00fclf\u0259z El\u00e7ib\u0259yin ideyalar\u0131n\u0131, proqram\u0131n\u0131 ger\u00e7\u0259kl\u0259\u015fdirm\u0259kl\u0259 m\u0259\u015f\u011fuldur\u201d.<\/p>\n<p>Dig\u0259r \u00e7\u0131x\u0131\u015flardan sonra qanun layih\u0259si ilk oxunu\u015fda q\u0259bul olundu. Qanun layih\u0259sinin lehin\u0259 95 n\u0259f\u0259r s\u0259s verdi.<\/p>\n<p>Spiker Sahib\u0259 Qafarova qanun layih\u0259sinin olduqca m\u00fch\u00fcm \u0259h\u0259miyy\u0259t k\u0259sb etdiyini bildirdi. Dedi ki, \u0259g\u0259r layih\u0259 il\u0259 ba\u011fl\u0131 h\u0259r hans\u0131 d\u0259yi\u015fikliy\u0259 ehtiyac varsa, yenid\u0259n ictimai m\u00fczakir\u0259l\u0259r ke\u00e7irilsin.<\/p>\n","protected":false},"excerpt":{"rendered":"<p>Deputat Az\u0259rbaycan d\u00f6vl\u0259tinin ad\u0131n\u0131n \u015eimali Az\u0259rbaycan olmas\u0131n\u0131\u00a0 t\u0259klif etdi Noyabr\u0131n 29-da Milli M\u0259clisin n\u00f6vb\u0259ti plenar iclas\u0131 ke\u00e7irildi. Deputat Razi Razi Nurullayev Elm v\u0259 T\u0259hsil Nazirliyinin f\u0259aliyy\u0259tini t\u0259nqid etdi: \u201cBu g\u00fcn\u0259 q\u0259d\u0259r Elm v\u0259 T\u0259hsil Nazirliyini t\u0259nqid etm\u0259mi\u015f\u0259m, g\u00f6zl\u0259mi\u015f\u0259m ki, b\u0259lk\u0259 yana\u015fmalar d\u0259yi\u015f\u0259r, qar\u015f\u0131l\u0131ql\u0131 h\u00f6rm\u0259t olar. Ha \u00e7al\u0131\u015f\u0131rlar ki, h\u0259r \u015fey daha yax\u015f\u0131 olsun, daha pis olur. Qurulan mexanizmi s\u00f6k\u00fcb yeni sistem qururlar, o is\u0259 k\u00f6hn\u0259 sistem\u0259 24 saat dua oxutdurur\u201d. Spiker Sahib\u0259 Qafarova Elm v\u0259 T\u0259hsil Nazirliyini v\u0259 nazir Emin \u018fmrullayevi t\u0259nqid ed\u0259n deputat Razi Nurullayevin \u00e7\u0131x\u0131\u015f\u0131na reaksiya verdi. S\u0259dr&hellip;<\/p>\n","protected":false},"author":2,"featured_media":539725,"comment_status":"closed","ping_status":"closed","sticky":false,"template":"","format":"standard","meta":{"om_disable_all_campaigns":false,"_monsterinsights_skip_tracking":false,"_monsterinsights_sitenote_active":false,"_monsterinsights_sitenote_note":"","_monsterinsights_sitenote_category":0},"categories":[4],"tags":[],"aioseo_notices":[],"gutentor_comment":0,"rttpg_featured_image_url":{"full":["https:\/\/arantv.az\/wp-content\/uploads\/2022\/11\/3ce25c6d5ad6809767610dee209359fe.jpg",870,500,false],"landscape":["https:\/\/arantv.az\/wp-content\/uploads\/2022\/11\/3ce25c6d5ad6809767610dee209359fe.jpg",870,500,false],"portraits":["https:\/\/arantv.az\/wp-content\/uploads\/2022\/11\/3ce25c6d5ad6809767610dee209359fe.jpg",870,500,false],"thumbnail":["https:\/\/arantv.az\/wp-content\/uploads\/2022\/11\/3ce25c6d5ad6809767610dee209359fe-500x280.jpg",500,280,true],"medium":["https:\/\/arantv.az\/wp-content\/uploads\/2022\/11\/3ce25c6d5ad6809767610dee209359fe-635x365.jpg",635,365,true],"large":["https:\/\/arantv.az\/wp-content\/uploads\/2022\/11\/3ce25c6d5ad6809767610dee209359fe-840x483.jpg",640,368,true],"1536x1536":["https:\/\/arantv.az\/wp-content\/uploads\/2022\/11\/3ce25c6d5ad6809767610dee209359fe.jpg",870,500,false],"2048x2048":["https:\/\/arantv.az\/wp-content\/uploads\/2022\/11\/3ce25c6d5ad6809767610dee209359fe.jpg",870,500,false],"post-thumbnail":["https:\/\/arantv.az\/wp-content\/uploads\/2022\/11\/3ce25c6d5ad6809767610dee209359fe-240x172.jpg",240,172,true],"advps-thumb-one":["https:\/\/arantv.az\/wp-content\/uploads\/2022\/11\/3ce25c6d5ad6809767610dee209359fe.jpg",870,500,false]},"rttpg_author":{"display_name":"V\u00fcsal Rafiqo\u011flu","author_link":"https:\/\/arantv.az\/?author=2"},"rttpg_comment":0,"rttpg_category":"<a href=\"https:\/\/arantv.az\/?cat=4\" rel=\"category\">Siyas\u0259t<\/a>","rttpg_excerpt":"Deputat Az\u0259rbaycan d\u00f6vl\u0259tinin ad\u0131n\u0131n \u015eimali Az\u0259rbaycan olmas\u0131n\u0131\u00a0 t\u0259klif etdi Noyabr\u0131n 29-da Milli M\u0259clisin n\u00f6vb\u0259ti plenar iclas\u0131 ke\u00e7irildi. Deputat Razi Razi Nurullayev Elm v\u0259 T\u0259hsil Nazirliyinin f\u0259aliyy\u0259tini t\u0259nqid etdi: \u201cBu g\u00fcn\u0259 q\u0259d\u0259r Elm v\u0259 T\u0259hsil Nazirliyini t\u0259nqid etm\u0259mi\u015f\u0259m, g\u00f6zl\u0259mi\u015f\u0259m ki, b\u0259lk\u0259 yana\u015fmalar d\u0259yi\u015f\u0259r, qar\u015f\u0131l\u0131ql\u0131 h\u00f6rm\u0259t olar. Ha \u00e7al\u0131\u015f\u0131rlar ki, h\u0259r \u015fey daha yax\u015f\u0131 olsun, daha pis&hellip;","_links":{"self":[{"href":"https:\/\/arantv.az\/index.php?rest_route=\/wp\/v2\/posts\/539724"}],"collection":[{"href":"https:\/\/arantv.az\/index.php?rest_route=\/wp\/v2\/posts"}],"about":[{"href":"https:\/\/arantv.az\/index.php?rest_route=\/wp\/v2\/types\/post"}],"author":[{"embeddable":true,"href":"https:\/\/arantv.az\/index.php?rest_route=\/wp\/v2\/users\/2"}],"replies":[{"embeddable":true,"href":"https:\/\/arantv.az\/index.php?rest_route=%2Fwp%2Fv2%2Fcomments&post=539724"}],"version-history":[{"count":0,"href":"https:\/\/arantv.az\/index.php?rest_route=\/wp\/v2\/posts\/539724\/revisions"}],"wp:featuredmedia":[{"embeddable":true,"href":"https:\/\/arantv.az\/index.php?rest_route=\/wp\/v2\/media\/539725"}],"wp:attachment":[{"href":"https:\/\/arantv.az\/index.php?rest_route=%2Fwp%2Fv2%2Fmedia&parent=539724"}],"wp:term":[{"taxonomy":"category","embeddable":true,"href":"https:\/\/arantv.az\/index.php?rest_route=%2Fwp%2Fv2%2Fcategories&post=539724"},{"taxonomy":"post_tag","embeddable":true,"href":"https:\/\/arantv.az\/index.php?rest_route=%2Fwp%2Fv2%2Ftags&post=539724"}],"curies":[{"name":"wp","href":"https:\/\/api.w.org\/{rel}","templated":true}]}}