{"id":539734,"date":"2022-11-30T08:46:41","date_gmt":"2022-11-30T05:46:41","guid":{"rendered":"https:\/\/arantv.az\/?p=539734"},"modified":"2022-11-30T08:46:41","modified_gmt":"2022-11-30T05:46:41","slug":"gult%c9%99kin-hacib%c9%99yli-saxlanildi","status":"publish","type":"post","link":"https:\/\/arantv.az\/?p=539734","title":{"rendered":"G\u00fclt\u0259kin Hac\u0131b\u0259yli saxlan\u0131ld\u0131"},"content":{"rendered":"<p>Sabiq deputat, Milli \u015euran\u0131n \u00fczv\u00fc G\u00fclt\u0259kin Hac\u0131b\u0259yli saxlan\u0131l\u0131b.<\/p>\n<div class=\"AdviadNativeVideo\"><\/div>\n<p>\u201cQafqazinfo\u201d x\u0259b\u0259r verir ki, o, xaricd\u0259n \u00f6lk\u0259y\u0259 qay\u0131dark\u0259n Bak\u0131da hava liman\u0131nda tutulub.<\/p>\n<p>\u0130lkin m\u0259lumata g\u00f6r\u0259, ona bildirilib ki, bar\u0259sind\u0259 cinay\u0259t i\u015fi ba\u015flan\u0131b. Bel\u0259 ki, \u00f6t\u0259n ay G.Hac\u0131b\u0259ylid\u0259n Cinay\u0259t M\u0259c\u0259ll\u0259sinin 147.2 (A\u011f\u0131r v\u0259 ya x\u00fcsusil\u0259 a\u011f\u0131r cinay\u0259td\u0259 ittiham etm\u0259kl\u0259 b\u00f6htan atma) madd\u0259si il\u0259 \u015fikay\u0259t olunub. Onun bar\u0259sind\u0259 x\u00fcsusi ittiham qaydas\u0131nda cinay\u0259t i\u015fi a\u00e7\u0131l\u0131b.<\/p>\n<p>M\u0259lum olub ki, G.Hac\u0131b\u0259yli N\u0259simi Rayon M\u0259hk\u0259m\u0259si t\u0259r\u0259find\u0259n axtar\u0131\u015fa verilibmi\u015f. Haz\u0131rda G.Hac\u0131b\u0259ylinin N\u0259simi Rayon Polis idar\u0259sind\u0259 oldu\u011fu, m\u0259hk\u0259m\u0259y\u0259 t\u0259qdim olunaca\u011f\u0131 bildirilir.<\/p>\n","protected":false},"excerpt":{"rendered":"<p>Sabiq deputat, Milli \u015euran\u0131n \u00fczv\u00fc G\u00fclt\u0259kin Hac\u0131b\u0259yli saxlan\u0131l\u0131b. \u201cQafqazinfo\u201d x\u0259b\u0259r verir ki, o, xaricd\u0259n \u00f6lk\u0259y\u0259 qay\u0131dark\u0259n Bak\u0131da hava liman\u0131nda tutulub. \u0130lkin m\u0259lumata g\u00f6r\u0259, ona bildirilib ki, bar\u0259sind\u0259 cinay\u0259t i\u015fi ba\u015flan\u0131b. Bel\u0259 ki, \u00f6t\u0259n ay G.Hac\u0131b\u0259ylid\u0259n Cinay\u0259t M\u0259c\u0259ll\u0259sinin 147.2 (A\u011f\u0131r v\u0259 ya x\u00fcsusil\u0259 a\u011f\u0131r cinay\u0259td\u0259 ittiham etm\u0259kl\u0259 b\u00f6htan atma) madd\u0259si il\u0259 \u015fikay\u0259t olunub. Onun bar\u0259sind\u0259 x\u00fcsusi ittiham qaydas\u0131nda cinay\u0259t i\u015fi a\u00e7\u0131l\u0131b. M\u0259lum olub ki, G.Hac\u0131b\u0259yli N\u0259simi Rayon M\u0259hk\u0259m\u0259si t\u0259r\u0259find\u0259n axtar\u0131\u015fa verilibmi\u015f. Haz\u0131rda G.Hac\u0131b\u0259ylinin N\u0259simi Rayon Polis idar\u0259sind\u0259 oldu\u011fu, m\u0259hk\u0259m\u0259y\u0259 t\u0259qdim olunaca\u011f\u0131 bildirilir.<\/p>\n","protected":false},"author":2,"featured_media":539735,"comment_status":"closed","ping_status":"closed","sticky":false,"template":"","format":"standard","meta":{"om_disable_all_campaigns":false,"_monsterinsights_skip_tracking":false,"_monsterinsights_sitenote_active":false,"_monsterinsights_sitenote_note":"","_monsterinsights_sitenote_category":0},"categories":[5],"tags":[],"aioseo_notices":[],"gutentor_comment":0,"rttpg_featured_image_url":{"full":["https:\/\/arantv.az\/wp-content\/uploads\/2022\/11\/FotoJet-2022-11-30T094331.310.jpg",620,413,false],"landscape":["https:\/\/arantv.az\/wp-content\/uploads\/2022\/11\/FotoJet-2022-11-30T094331.310.jpg",620,413,false],"portraits":["https:\/\/arantv.az\/wp-content\/uploads\/2022\/11\/FotoJet-2022-11-30T094331.310.jpg",620,413,false],"thumbnail":["https:\/\/arantv.az\/wp-content\/uploads\/2022\/11\/FotoJet-2022-11-30T094331.310-500x280.jpg",500,280,true],"medium":["https:\/\/arantv.az\/wp-content\/uploads\/2022\/11\/FotoJet-2022-11-30T094331.310-548x365.jpg",548,365,true],"large":["https:\/\/arantv.az\/wp-content\/uploads\/2022\/11\/FotoJet-2022-11-30T094331.310.jpg",620,413,false],"1536x1536":["https:\/\/arantv.az\/wp-content\/uploads\/2022\/11\/FotoJet-2022-11-30T094331.310.jpg",620,413,false],"2048x2048":["https:\/\/arantv.az\/wp-content\/uploads\/2022\/11\/FotoJet-2022-11-30T094331.310.jpg",620,413,false],"post-thumbnail":["https:\/\/arantv.az\/wp-content\/uploads\/2022\/11\/FotoJet-2022-11-30T094331.310-240x172.jpg",240,172,true],"advps-thumb-one":["https:\/\/arantv.az\/wp-content\/uploads\/2022\/11\/FotoJet-2022-11-30T094331.310.jpg",620,413,false]},"rttpg_author":{"display_name":"V\u00fcsal Rafiqo\u011flu","author_link":"https:\/\/arantv.az\/?author=2"},"rttpg_comment":0,"rttpg_category":"<a href=\"https:\/\/arantv.az\/?cat=5\" rel=\"category\">Hadis\u0259<\/a>","rttpg_excerpt":"Sabiq deputat, Milli \u015euran\u0131n \u00fczv\u00fc G\u00fclt\u0259kin Hac\u0131b\u0259yli saxlan\u0131l\u0131b. \u201cQafqazinfo\u201d x\u0259b\u0259r verir ki, o, xaricd\u0259n \u00f6lk\u0259y\u0259 qay\u0131dark\u0259n Bak\u0131da hava liman\u0131nda tutulub. \u0130lkin m\u0259lumata g\u00f6r\u0259, ona bildirilib ki, bar\u0259sind\u0259 cinay\u0259t i\u015fi ba\u015flan\u0131b. Bel\u0259 ki, \u00f6t\u0259n ay G.Hac\u0131b\u0259ylid\u0259n Cinay\u0259t M\u0259c\u0259ll\u0259sinin 147.2 (A\u011f\u0131r v\u0259 ya x\u00fcsusil\u0259 a\u011f\u0131r cinay\u0259td\u0259 ittiham etm\u0259kl\u0259 b\u00f6htan atma) madd\u0259si il\u0259 \u015fikay\u0259t olunub. Onun bar\u0259sind\u0259 x\u00fcsusi&hellip;","_links":{"self":[{"href":"https:\/\/arantv.az\/index.php?rest_route=\/wp\/v2\/posts\/539734"}],"collection":[{"href":"https:\/\/arantv.az\/index.php?rest_route=\/wp\/v2\/posts"}],"about":[{"href":"https:\/\/arantv.az\/index.php?rest_route=\/wp\/v2\/types\/post"}],"author":[{"embeddable":true,"href":"https:\/\/arantv.az\/index.php?rest_route=\/wp\/v2\/users\/2"}],"replies":[{"embeddable":true,"href":"https:\/\/arantv.az\/index.php?rest_route=%2Fwp%2Fv2%2Fcomments&post=539734"}],"version-history":[{"count":0,"href":"https:\/\/arantv.az\/index.php?rest_route=\/wp\/v2\/posts\/539734\/revisions"}],"wp:featuredmedia":[{"embeddable":true,"href":"https:\/\/arantv.az\/index.php?rest_route=\/wp\/v2\/media\/539735"}],"wp:attachment":[{"href":"https:\/\/arantv.az\/index.php?rest_route=%2Fwp%2Fv2%2Fmedia&parent=539734"}],"wp:term":[{"taxonomy":"category","embeddable":true,"href":"https:\/\/arantv.az\/index.php?rest_route=%2Fwp%2Fv2%2Fcategories&post=539734"},{"taxonomy":"post_tag","embeddable":true,"href":"https:\/\/arantv.az\/index.php?rest_route=%2Fwp%2Fv2%2Ftags&post=539734"}],"curies":[{"name":"wp","href":"https:\/\/api.w.org\/{rel}","templated":true}]}}