{"id":539740,"date":"2022-11-30T08:48:53","date_gmt":"2022-11-30T05:48:53","guid":{"rendered":"https:\/\/arantv.az\/?p=539740"},"modified":"2022-11-30T08:48:53","modified_gmt":"2022-11-30T05:48:53","slug":"s%c9%99mkir-sakini-qardasini-bicaqlayib","status":"publish","type":"post","link":"https:\/\/arantv.az\/?p=539740","title":{"rendered":"\u015e\u0259mkir sakini qarda\u015f\u0131n\u0131 b\u0131\u00e7aqlay\u0131b"},"content":{"rendered":"<p>\u015e\u0259mkird\u0259 b\u0131\u00e7aqlanma hadis\u0259si ba\u015f verib.<\/p>\n<div class=\"AdviadNativeVideo\"><\/div>\n<p><strong>ARANTV.AZ<\/strong>-\u0131n m\u0259lumat\u0131na g\u00f6r\u0259, hadis\u0259 rayonun K\u00fcr q\u0259s\u0259b\u0259sind\u0259 qeyd\u0259 al\u0131n\u0131b.<\/p>\n<p>\u015e\u0259mkir Rayon Polis \u015e\u00f6b\u0259sin\u0259 rayonun K\u00fcr q\u0259s\u0259b\u0259 sakini Anar Babayevin daxil\u0259 ke\u00e7m\u0259y\u0259n b\u0131\u00e7aq x\u0259sar\u0259ti almas\u0131 bar\u0259d\u0259 m\u0259lumat daxil olub.<\/p>\n<p>D\u0130N-in M\u0259tbuat Xidm\u0259tinin G\u0259nc\u0259 regional qrupunun ba\u015f inspektoru polis kapitan\u0131 E\u015fqin Qas\u0131mov bildirib ki, polis \u0259m\u0259kda\u015flar\u0131n\u0131n ke\u00e7irdikl\u0259ri \u0259m\u0259liyyat-axtar\u0131\u015f t\u0259dbirl\u0259ri n\u0259tic\u0259sind\u0259 cinay\u0259ti t\u00f6r\u0259tm\u0259kd\u0259 \u015f\u00fcbh\u0259li bilin\u0259n qarda\u015f\u0131, 1982-ci il t\u0259v\u0259ll\u00fcdl\u00fc Ya\u015far Babayev saxlan\u0131l\u0131b.<\/p>\n<p>Faktla ba\u011fl\u0131 ara\u015fd\u0131rmalar davam etdirilir.<\/p>\n","protected":false},"excerpt":{"rendered":"<p>\u015e\u0259mkird\u0259 b\u0131\u00e7aqlanma hadis\u0259si ba\u015f verib. ARANTV.AZ-\u0131n m\u0259lumat\u0131na g\u00f6r\u0259, hadis\u0259 rayonun K\u00fcr q\u0259s\u0259b\u0259sind\u0259 qeyd\u0259 al\u0131n\u0131b. \u015e\u0259mkir Rayon Polis \u015e\u00f6b\u0259sin\u0259 rayonun K\u00fcr q\u0259s\u0259b\u0259 sakini Anar Babayevin daxil\u0259 ke\u00e7m\u0259y\u0259n b\u0131\u00e7aq x\u0259sar\u0259ti almas\u0131 bar\u0259d\u0259 m\u0259lumat daxil olub. D\u0130N-in M\u0259tbuat Xidm\u0259tinin G\u0259nc\u0259 regional qrupunun ba\u015f inspektoru polis kapitan\u0131 E\u015fqin Qas\u0131mov bildirib ki, polis \u0259m\u0259kda\u015flar\u0131n\u0131n ke\u00e7irdikl\u0259ri \u0259m\u0259liyyat-axtar\u0131\u015f t\u0259dbirl\u0259ri n\u0259tic\u0259sind\u0259 cinay\u0259ti t\u00f6r\u0259tm\u0259kd\u0259 \u015f\u00fcbh\u0259li bilin\u0259n qarda\u015f\u0131, 1982-ci il t\u0259v\u0259ll\u00fcdl\u00fc Ya\u015far Babayev saxlan\u0131l\u0131b. Faktla ba\u011fl\u0131 ara\u015fd\u0131rmalar davam etdirilir.<\/p>\n","protected":false},"author":2,"featured_media":475046,"comment_status":"closed","ping_status":"closed","sticky":false,"template":"","format":"standard","meta":{"om_disable_all_campaigns":false,"_monsterinsights_skip_tracking":false,"_monsterinsights_sitenote_active":false,"_monsterinsights_sitenote_note":"","_monsterinsights_sitenote_category":0},"categories":[5],"tags":[],"aioseo_notices":[],"gutentor_comment":0,"rttpg_featured_image_url":{"full":["https:\/\/arantv.az\/wp-content\/uploads\/2022\/05\/bicaq_28486.jpg",850,530,false],"landscape":["https:\/\/arantv.az\/wp-content\/uploads\/2022\/05\/bicaq_28486.jpg",850,530,false],"portraits":["https:\/\/arantv.az\/wp-content\/uploads\/2022\/05\/bicaq_28486.jpg",850,530,false],"thumbnail":["https:\/\/arantv.az\/wp-content\/uploads\/2022\/05\/bicaq_28486-500x280.jpg",500,280,true],"medium":["https:\/\/arantv.az\/wp-content\/uploads\/2022\/05\/bicaq_28486-585x365.jpg",585,365,true],"large":["https:\/\/arantv.az\/wp-content\/uploads\/2022\/05\/bicaq_28486-840x524.jpg",640,399,true],"1536x1536":["https:\/\/arantv.az\/wp-content\/uploads\/2022\/05\/bicaq_28486.jpg",850,530,false],"2048x2048":["https:\/\/arantv.az\/wp-content\/uploads\/2022\/05\/bicaq_28486.jpg",850,530,false],"post-thumbnail":["https:\/\/arantv.az\/wp-content\/uploads\/2022\/05\/bicaq_28486-240x172.jpg",240,172,true],"advps-thumb-one":["https:\/\/arantv.az\/wp-content\/uploads\/2022\/05\/bicaq_28486.jpg",850,530,false]},"rttpg_author":{"display_name":"V\u00fcsal Rafiqo\u011flu","author_link":"https:\/\/arantv.az\/?author=2"},"rttpg_comment":0,"rttpg_category":"<a href=\"https:\/\/arantv.az\/?cat=5\" rel=\"category\">Hadis\u0259<\/a>","rttpg_excerpt":"\u015e\u0259mkird\u0259 b\u0131\u00e7aqlanma hadis\u0259si ba\u015f verib. ARANTV.AZ-\u0131n m\u0259lumat\u0131na g\u00f6r\u0259, hadis\u0259 rayonun K\u00fcr q\u0259s\u0259b\u0259sind\u0259 qeyd\u0259 al\u0131n\u0131b. \u015e\u0259mkir Rayon Polis \u015e\u00f6b\u0259sin\u0259 rayonun K\u00fcr q\u0259s\u0259b\u0259 sakini Anar Babayevin daxil\u0259 ke\u00e7m\u0259y\u0259n b\u0131\u00e7aq x\u0259sar\u0259ti almas\u0131 bar\u0259d\u0259 m\u0259lumat daxil olub. D\u0130N-in M\u0259tbuat Xidm\u0259tinin G\u0259nc\u0259 regional qrupunun ba\u015f inspektoru polis kapitan\u0131 E\u015fqin Qas\u0131mov bildirib ki, polis \u0259m\u0259kda\u015flar\u0131n\u0131n ke\u00e7irdikl\u0259ri \u0259m\u0259liyyat-axtar\u0131\u015f t\u0259dbirl\u0259ri n\u0259tic\u0259sind\u0259 cinay\u0259ti t\u00f6r\u0259tm\u0259kd\u0259&hellip;","_links":{"self":[{"href":"https:\/\/arantv.az\/index.php?rest_route=\/wp\/v2\/posts\/539740"}],"collection":[{"href":"https:\/\/arantv.az\/index.php?rest_route=\/wp\/v2\/posts"}],"about":[{"href":"https:\/\/arantv.az\/index.php?rest_route=\/wp\/v2\/types\/post"}],"author":[{"embeddable":true,"href":"https:\/\/arantv.az\/index.php?rest_route=\/wp\/v2\/users\/2"}],"replies":[{"embeddable":true,"href":"https:\/\/arantv.az\/index.php?rest_route=%2Fwp%2Fv2%2Fcomments&post=539740"}],"version-history":[{"count":0,"href":"https:\/\/arantv.az\/index.php?rest_route=\/wp\/v2\/posts\/539740\/revisions"}],"wp:featuredmedia":[{"embeddable":true,"href":"https:\/\/arantv.az\/index.php?rest_route=\/wp\/v2\/media\/475046"}],"wp:attachment":[{"href":"https:\/\/arantv.az\/index.php?rest_route=%2Fwp%2Fv2%2Fmedia&parent=539740"}],"wp:term":[{"taxonomy":"category","embeddable":true,"href":"https:\/\/arantv.az\/index.php?rest_route=%2Fwp%2Fv2%2Fcategories&post=539740"},{"taxonomy":"post_tag","embeddable":true,"href":"https:\/\/arantv.az\/index.php?rest_route=%2Fwp%2Fv2%2Ftags&post=539740"}],"curies":[{"name":"wp","href":"https:\/\/api.w.org\/{rel}","templated":true}]}}