{"id":539742,"date":"2022-11-30T08:57:59","date_gmt":"2022-11-30T05:57:59","guid":{"rendered":"https:\/\/arantv.az\/?p=539742"},"modified":"2022-11-30T08:57:59","modified_gmt":"2022-11-30T05:57:59","slug":"sirvan-sakini-ozunu-anbarda-asdi","status":"publish","type":"post","link":"https:\/\/arantv.az\/?p=539742","title":{"rendered":"\u015eirvan sakini \u00f6z\u00fcn\u00fc anbarda asd\u0131"},"content":{"rendered":"<p>\u015eirvanda 32 ya\u015fl\u0131 ki\u015fi intihar edib.<\/p>\n<div class=\"AdviadNativeVideo\"><\/div>\n<p>\u201cReport\u201dun \u0259ld\u0259 etdiyi m\u0259lumata g\u00f6r\u0259, hadis\u0259 noyabr\u0131n 29-u saat 23:30 rad\u0259l\u0259rind\u0259 \u015eirvan \u015f\u0259h\u0259ri, Nax\u00e7\u0131van k\u00fc\u00e7\u0259sind\u0259 yerl\u0259\u015f\u0259n evl\u0259rin birind\u0259 qeyd\u0259 al\u0131n\u0131b.<\/p>\n<p>Bel\u0259 ki, 1990-c\u0131 il t\u0259v\u0259ll\u00fcdl\u00fc C\u0259f\u0259rov Bab\u0259k Rasul o\u011flu ya\u015fad\u0131\u011f\u0131 evin h\u0259y\u0259tyan\u0131 sah\u0259sind\u0259ki anbar\u0131n tavan\u0131ndan \u00f6z\u00fcn\u00fc as\u0131b.<\/p>\n<p>Faktla ba\u011fl\u0131 \u015eirvan \u015e\u0259h\u0259r Prokurorlu\u011funda ara\u015fd\u0131rma apar\u0131l\u0131r.<\/p>\n","protected":false},"excerpt":{"rendered":"<p>\u015eirvanda 32 ya\u015fl\u0131 ki\u015fi intihar edib. \u201cReport\u201dun \u0259ld\u0259 etdiyi m\u0259lumata g\u00f6r\u0259, hadis\u0259 noyabr\u0131n 29-u saat 23:30 rad\u0259l\u0259rind\u0259 \u015eirvan \u015f\u0259h\u0259ri, Nax\u00e7\u0131van k\u00fc\u00e7\u0259sind\u0259 yerl\u0259\u015f\u0259n evl\u0259rin birind\u0259 qeyd\u0259 al\u0131n\u0131b. Bel\u0259 ki, 1990-c\u0131 il t\u0259v\u0259ll\u00fcdl\u00fc C\u0259f\u0259rov Bab\u0259k Rasul o\u011flu ya\u015fad\u0131\u011f\u0131 evin h\u0259y\u0259tyan\u0131 sah\u0259sind\u0259ki anbar\u0131n tavan\u0131ndan \u00f6z\u00fcn\u00fc as\u0131b. Faktla ba\u011fl\u0131 \u015eirvan \u015e\u0259h\u0259r Prokurorlu\u011funda ara\u015fd\u0131rma apar\u0131l\u0131r.<\/p>\n","protected":false},"author":2,"featured_media":489493,"comment_status":"closed","ping_status":"closed","sticky":false,"template":"","format":"standard","meta":{"om_disable_all_campaigns":false,"_monsterinsights_skip_tracking":false,"_monsterinsights_sitenote_active":false,"_monsterinsights_sitenote_note":"","_monsterinsights_sitenote_category":0},"categories":[5],"tags":[],"aioseo_notices":[],"gutentor_comment":0,"rttpg_featured_image_url":{"full":["https:\/\/arantv.az\/wp-content\/uploads\/2022\/06\/intihar_27378556.jpg",649,432,false],"landscape":["https:\/\/arantv.az\/wp-content\/uploads\/2022\/06\/intihar_27378556.jpg",649,432,false],"portraits":["https:\/\/arantv.az\/wp-content\/uploads\/2022\/06\/intihar_27378556.jpg",649,432,false],"thumbnail":["https:\/\/arantv.az\/wp-content\/uploads\/2022\/06\/intihar_27378556-500x280.jpg",500,280,true],"medium":["https:\/\/arantv.az\/wp-content\/uploads\/2022\/06\/intihar_27378556-548x365.jpg",548,365,true],"large":["https:\/\/arantv.az\/wp-content\/uploads\/2022\/06\/intihar_27378556.jpg",640,426,false],"1536x1536":["https:\/\/arantv.az\/wp-content\/uploads\/2022\/06\/intihar_27378556.jpg",649,432,false],"2048x2048":["https:\/\/arantv.az\/wp-content\/uploads\/2022\/06\/intihar_27378556.jpg",649,432,false],"post-thumbnail":["https:\/\/arantv.az\/wp-content\/uploads\/2022\/06\/intihar_27378556-240x172.jpg",240,172,true],"advps-thumb-one":["https:\/\/arantv.az\/wp-content\/uploads\/2022\/06\/intihar_27378556.jpg",649,432,false]},"rttpg_author":{"display_name":"V\u00fcsal Rafiqo\u011flu","author_link":"https:\/\/arantv.az\/?author=2"},"rttpg_comment":0,"rttpg_category":"<a href=\"https:\/\/arantv.az\/?cat=5\" rel=\"category\">Hadis\u0259<\/a>","rttpg_excerpt":"\u015eirvanda 32 ya\u015fl\u0131 ki\u015fi intihar edib. \u201cReport\u201dun \u0259ld\u0259 etdiyi m\u0259lumata g\u00f6r\u0259, hadis\u0259 noyabr\u0131n 29-u saat 23:30 rad\u0259l\u0259rind\u0259 \u015eirvan \u015f\u0259h\u0259ri, Nax\u00e7\u0131van k\u00fc\u00e7\u0259sind\u0259 yerl\u0259\u015f\u0259n evl\u0259rin birind\u0259 qeyd\u0259 al\u0131n\u0131b. Bel\u0259 ki, 1990-c\u0131 il t\u0259v\u0259ll\u00fcdl\u00fc C\u0259f\u0259rov Bab\u0259k Rasul o\u011flu ya\u015fad\u0131\u011f\u0131 evin h\u0259y\u0259tyan\u0131 sah\u0259sind\u0259ki anbar\u0131n tavan\u0131ndan \u00f6z\u00fcn\u00fc as\u0131b. Faktla ba\u011fl\u0131 \u015eirvan \u015e\u0259h\u0259r Prokurorlu\u011funda ara\u015fd\u0131rma apar\u0131l\u0131r.","_links":{"self":[{"href":"https:\/\/arantv.az\/index.php?rest_route=\/wp\/v2\/posts\/539742"}],"collection":[{"href":"https:\/\/arantv.az\/index.php?rest_route=\/wp\/v2\/posts"}],"about":[{"href":"https:\/\/arantv.az\/index.php?rest_route=\/wp\/v2\/types\/post"}],"author":[{"embeddable":true,"href":"https:\/\/arantv.az\/index.php?rest_route=\/wp\/v2\/users\/2"}],"replies":[{"embeddable":true,"href":"https:\/\/arantv.az\/index.php?rest_route=%2Fwp%2Fv2%2Fcomments&post=539742"}],"version-history":[{"count":0,"href":"https:\/\/arantv.az\/index.php?rest_route=\/wp\/v2\/posts\/539742\/revisions"}],"wp:featuredmedia":[{"embeddable":true,"href":"https:\/\/arantv.az\/index.php?rest_route=\/wp\/v2\/media\/489493"}],"wp:attachment":[{"href":"https:\/\/arantv.az\/index.php?rest_route=%2Fwp%2Fv2%2Fmedia&parent=539742"}],"wp:term":[{"taxonomy":"category","embeddable":true,"href":"https:\/\/arantv.az\/index.php?rest_route=%2Fwp%2Fv2%2Fcategories&post=539742"},{"taxonomy":"post_tag","embeddable":true,"href":"https:\/\/arantv.az\/index.php?rest_route=%2Fwp%2Fv2%2Ftags&post=539742"}],"curies":[{"name":"wp","href":"https:\/\/api.w.org\/{rel}","templated":true}]}}