{"id":539754,"date":"2022-11-30T09:13:46","date_gmt":"2022-11-30T06:13:46","guid":{"rendered":"https:\/\/arantv.az\/?p=539754"},"modified":"2022-11-30T09:13:46","modified_gmt":"2022-11-30T06:13:46","slug":"erm%c9%99nil%c9%99rd%c9%99n-novb%c9%99ti-vandalliq-az%c9%99rbaycanlilara-m%c9%99xsus-q%c9%99birl%c9%99ri-t%c9%99hqir-edirl%c9%99r-foto-video","status":"publish","type":"post","link":"https:\/\/arantv.az\/?p=539754","title":{"rendered":"Erm\u0259nil\u0259rd\u0259n n\u00f6vb\u0259ti vandall\u0131q: Az\u0259rbaycanl\u0131lara m\u0259xsus q\u0259birl\u0259ri t\u0259hqir edirl\u0259r &#8211; FOTO\/V\u0130DEO"},"content":{"rendered":"<p>Erm\u0259nil\u0259rin az\u0259rbaycanl\u0131lara m\u0259xsus q\u0259birl\u0259ri da\u011f\u0131td\u0131qlar\u0131n\u0131 \u0259ks etdir\u0259n yeni g\u00f6r\u00fcnt\u00fcl\u0259r yay\u0131l\u0131b.<\/p>\n<p>Sosial \u015f\u0259b\u0259k\u0259l\u0259rd\u0259 payla\u015f\u0131lan vandall\u0131q\u00a0videosunun harada \u00e7\u0259kildiyi m\u0259lum deyil, ancaq relyefin\u0259 g\u00f6r\u0259 Qaraba\u011fa ox\u015fay\u0131r.<\/p>\n<p>Videoda h\u0259rbi geyimd\u0259 olan erm\u0259nil\u0259rin az\u0259rbaycanl\u0131lara m\u0259xsus q\u0259birl\u0259ri t\u0259hqir etm\u0259l\u0259ri \u2013 ba\u015fda\u015f\u0131lar\u0131n\u0131 s\u0131nd\u0131rmalar\u0131 v\u0259 q\u0259brin \u00fcst\u00fcnd\u0259 g\u0259zm\u0259l\u0259ri \u0259ks olunub.<\/p>\n<div>\n<div><iframe loading=\"lazy\" id=\"telegram-post-oxuaze-33240\" src=\"https:\/\/t.me\/oxuaze\/33240?embed=1\" width=\"100%\" height=\"\" frameborder=\"0\" scrolling=\"no\" data-mce-fragment=\"1\"><\/iframe><\/div>\n<\/div>\n<div>Kadrlardak\u0131 erm\u0259nil\u0259rd\u0259n birinin g\u00f6d\u0259k\u00e7\u0259sinin qolunda Rusiya Federasiyas\u0131 Daxili Qo\u015funlar\u0131na\u00a0(2016-c\u0131 il\u0259d\u0259k m\u00f6vcud olub \u2013 red.)\u00a0m\u0259xsus \u015fevron oldu\u011fu da g\u00f6r\u00fcn\u00fcr.<\/div>\n<div><img src=\"https:\/\/cdn.oxu.az\/uploads\/W1siZiIsIjIwMjIvMTEvMzAvMDkvNTkvMTIvZjlhYmJkMWQtYjVhMy00ODE4LWEyMDItYzQyNTFlMWViMTUzLzMxNjgyODYyM18xNDY0ODYxMTM3MzM4NzU0XzY1MTU3NjI5NzA4NzY4ODEwMjJfbi5qcGciXSxbInAiLCJlbmNvZGUiLCJqcGciLCItcXVhbGl0eSA4MCJdLFsicCIsInRodW1iIiwiNTkweDU5MFx1MDAzZSJdXQ?sha=8f1af3b0c4c345e8\" alt=\"\" \/><img src=\"https:\/\/cdn.oxu.az\/uploads\/W1siZiIsIjIwMjIvMTEvMzAvMDkvNTkvMTIvMTJkNmQ3MDUtYjg3Ni00MGNkLWJlN2EtMDYzZjkxNzRlMGM0LzMxNzI5NTcxM185NTQzNTg4NzU1MjYxNDVfMjkzMjU0Nzg0MDUwNzMyMTEyNV9uLmpwZyJdLFsicCIsImVuY29kZSIsImpwZyIsIi1xdWFsaXR5IDgwIl0sWyJwIiwidGh1bWIiLCI1OTB4NTkwXHUwMDNlIl1d?sha=964e4e7143db8be4\" alt=\"\" \/><\/div>\n","protected":false},"excerpt":{"rendered":"<p>Erm\u0259nil\u0259rin az\u0259rbaycanl\u0131lara m\u0259xsus q\u0259birl\u0259ri da\u011f\u0131td\u0131qlar\u0131n\u0131 \u0259ks etdir\u0259n yeni g\u00f6r\u00fcnt\u00fcl\u0259r yay\u0131l\u0131b. Sosial \u015f\u0259b\u0259k\u0259l\u0259rd\u0259 payla\u015f\u0131lan vandall\u0131q\u00a0videosunun harada \u00e7\u0259kildiyi m\u0259lum deyil, ancaq relyefin\u0259 g\u00f6r\u0259 Qaraba\u011fa ox\u015fay\u0131r. Videoda h\u0259rbi geyimd\u0259 olan erm\u0259nil\u0259rin az\u0259rbaycanl\u0131lara m\u0259xsus q\u0259birl\u0259ri t\u0259hqir etm\u0259l\u0259ri \u2013 ba\u015fda\u015f\u0131lar\u0131n\u0131 s\u0131nd\u0131rmalar\u0131 v\u0259 q\u0259brin \u00fcst\u00fcnd\u0259 g\u0259zm\u0259l\u0259ri \u0259ks olunub. Kadrlardak\u0131 erm\u0259nil\u0259rd\u0259n birinin g\u00f6d\u0259k\u00e7\u0259sinin qolunda Rusiya Federasiyas\u0131 Daxili Qo\u015funlar\u0131na\u00a0(2016-c\u0131 il\u0259d\u0259k m\u00f6vcud olub \u2013 red.)\u00a0m\u0259xsus \u015fevron oldu\u011fu da g\u00f6r\u00fcn\u00fcr.<\/p>\n","protected":false},"author":2,"featured_media":539755,"comment_status":"closed","ping_status":"closed","sticky":false,"template":"","format":"standard","meta":{"om_disable_all_campaigns":false,"_monsterinsights_skip_tracking":false,"_monsterinsights_sitenote_active":false,"_monsterinsights_sitenote_note":"","_monsterinsights_sitenote_category":0},"categories":[1],"tags":[],"aioseo_notices":[],"gutentor_comment":0,"rttpg_featured_image_url":{"full":["https:\/\/arantv.az\/wp-content\/uploads\/2022\/11\/page-11.jpg",620,413,false],"landscape":["https:\/\/arantv.az\/wp-content\/uploads\/2022\/11\/page-11.jpg",620,413,false],"portraits":["https:\/\/arantv.az\/wp-content\/uploads\/2022\/11\/page-11.jpg",620,413,false],"thumbnail":["https:\/\/arantv.az\/wp-content\/uploads\/2022\/11\/page-11-500x280.jpg",500,280,true],"medium":["https:\/\/arantv.az\/wp-content\/uploads\/2022\/11\/page-11-548x365.jpg",548,365,true],"large":["https:\/\/arantv.az\/wp-content\/uploads\/2022\/11\/page-11.jpg",620,413,false],"1536x1536":["https:\/\/arantv.az\/wp-content\/uploads\/2022\/11\/page-11.jpg",620,413,false],"2048x2048":["https:\/\/arantv.az\/wp-content\/uploads\/2022\/11\/page-11.jpg",620,413,false],"post-thumbnail":["https:\/\/arantv.az\/wp-content\/uploads\/2022\/11\/page-11-240x172.jpg",240,172,true],"advps-thumb-one":["https:\/\/arantv.az\/wp-content\/uploads\/2022\/11\/page-11.jpg",620,413,false]},"rttpg_author":{"display_name":"V\u00fcsal Rafiqo\u011flu","author_link":"https:\/\/arantv.az\/?author=2"},"rttpg_comment":0,"rttpg_category":"<a href=\"https:\/\/arantv.az\/?cat=1\" rel=\"category\">C\u0259miyy\u0259t<\/a>","rttpg_excerpt":"Erm\u0259nil\u0259rin az\u0259rbaycanl\u0131lara m\u0259xsus q\u0259birl\u0259ri da\u011f\u0131td\u0131qlar\u0131n\u0131 \u0259ks etdir\u0259n yeni g\u00f6r\u00fcnt\u00fcl\u0259r yay\u0131l\u0131b. Sosial \u015f\u0259b\u0259k\u0259l\u0259rd\u0259 payla\u015f\u0131lan vandall\u0131q\u00a0videosunun harada \u00e7\u0259kildiyi m\u0259lum deyil, ancaq relyefin\u0259 g\u00f6r\u0259 Qaraba\u011fa ox\u015fay\u0131r. Videoda h\u0259rbi geyimd\u0259 olan erm\u0259nil\u0259rin az\u0259rbaycanl\u0131lara m\u0259xsus q\u0259birl\u0259ri t\u0259hqir etm\u0259l\u0259ri \u2013 ba\u015fda\u015f\u0131lar\u0131n\u0131 s\u0131nd\u0131rmalar\u0131 v\u0259 q\u0259brin \u00fcst\u00fcnd\u0259 g\u0259zm\u0259l\u0259ri \u0259ks olunub. Kadrlardak\u0131 erm\u0259nil\u0259rd\u0259n birinin g\u00f6d\u0259k\u00e7\u0259sinin qolunda Rusiya Federasiyas\u0131 Daxili Qo\u015funlar\u0131na\u00a0(2016-c\u0131 il\u0259d\u0259k m\u00f6vcud olub \u2013&hellip;","_links":{"self":[{"href":"https:\/\/arantv.az\/index.php?rest_route=\/wp\/v2\/posts\/539754"}],"collection":[{"href":"https:\/\/arantv.az\/index.php?rest_route=\/wp\/v2\/posts"}],"about":[{"href":"https:\/\/arantv.az\/index.php?rest_route=\/wp\/v2\/types\/post"}],"author":[{"embeddable":true,"href":"https:\/\/arantv.az\/index.php?rest_route=\/wp\/v2\/users\/2"}],"replies":[{"embeddable":true,"href":"https:\/\/arantv.az\/index.php?rest_route=%2Fwp%2Fv2%2Fcomments&post=539754"}],"version-history":[{"count":0,"href":"https:\/\/arantv.az\/index.php?rest_route=\/wp\/v2\/posts\/539754\/revisions"}],"wp:featuredmedia":[{"embeddable":true,"href":"https:\/\/arantv.az\/index.php?rest_route=\/wp\/v2\/media\/539755"}],"wp:attachment":[{"href":"https:\/\/arantv.az\/index.php?rest_route=%2Fwp%2Fv2%2Fmedia&parent=539754"}],"wp:term":[{"taxonomy":"category","embeddable":true,"href":"https:\/\/arantv.az\/index.php?rest_route=%2Fwp%2Fv2%2Fcategories&post=539754"},{"taxonomy":"post_tag","embeddable":true,"href":"https:\/\/arantv.az\/index.php?rest_route=%2Fwp%2Fv2%2Ftags&post=539754"}],"curies":[{"name":"wp","href":"https:\/\/api.w.org\/{rel}","templated":true}]}}