{"id":53976,"date":"2019-04-30T10:24:05","date_gmt":"2019-04-30T07:24:05","guid":{"rendered":"http:\/\/arantv.az\/?p=53976"},"modified":"2019-04-30T10:24:05","modified_gmt":"2019-04-30T07:24:05","slug":"qadin-iranli-%c9%99ri-il%c9%99-bagli-polis%c9%99-sikay%c9%99t-etdi","status":"publish","type":"post","link":"https:\/\/arantv.az\/?p=53976","title":{"rendered":"Qad\u0131n iranl\u0131 \u0259ri il\u0259 ba\u011fl\u0131 polis\u0259 \u015fikay\u0259t etdi"},"content":{"rendered":"<p>Bak\u0131da qad\u0131n yoxa \u00e7\u0131xan \u0259rinin axtar\u0131\u015f\u0131na ba\u015flay\u0131b.<\/p>\n<p>1990-c\u0131 il t\u0259v\u0259ll\u00fcdl\u00fc Ayt\u0259n \u015eamil q\u0131z\u0131 Qurbanzad\u0259 Bin\u0259q\u0259di rayon Polis idar\u0259si 6-c\u0131 il polis b\u00f6lm\u0259sin\u0259 m\u00fcraci\u0259t edib.<\/p>\n<div id=\"AdviadNativeVideo0\" class=\"AdviadNativeVideo\"><\/div>\n<p>O, bildirib ki, h\u0259yat yolda\u015f\u0131, \u0130ran v\u0259t\u0259nda\u015f\u0131, 1981-ci ild\u0259 T\u0259brizd\u0259 anadan olan Qurban G\u00fclmirz\u0259 o\u011flu Qurbanzad\u0259 birg\u0259 ya\u015fad\u0131qlar\u0131 Bil\u0259c\u0259ri q\u0259s\u0259b\u0259si I may k\u00fc\u00e7\u0259sind\u0259ki m\u0259nzild\u0259n \u00e7\u0131x\u0131b v\u0259 bir daha geri qay\u0131tmay\u0131b.<\/p>\n<p>Faktla ba\u011fl\u0131 Bin\u0259q\u0259di rayon Polis \u0130dar\u0259si 6-c\u0131 polis b\u00f6lm\u0259sind\u0259 ara\u015fd\u0131rma apar\u0131l\u0131r. (baku.ws)<\/p>\n","protected":false},"excerpt":{"rendered":"<p>Bak\u0131da qad\u0131n yoxa \u00e7\u0131xan \u0259rinin axtar\u0131\u015f\u0131na ba\u015flay\u0131b. 1990-c\u0131 il t\u0259v\u0259ll\u00fcdl\u00fc Ayt\u0259n \u015eamil q\u0131z\u0131 Qurbanzad\u0259 Bin\u0259q\u0259di rayon Polis idar\u0259si 6-c\u0131 il polis b\u00f6lm\u0259sin\u0259 m\u00fcraci\u0259t edib. O, bildirib ki, h\u0259yat yolda\u015f\u0131, \u0130ran v\u0259t\u0259nda\u015f\u0131, 1981-ci ild\u0259 T\u0259brizd\u0259 anadan olan Qurban G\u00fclmirz\u0259 o\u011flu Qurbanzad\u0259 birg\u0259 ya\u015fad\u0131qlar\u0131 Bil\u0259c\u0259ri q\u0259s\u0259b\u0259si I may k\u00fc\u00e7\u0259sind\u0259ki m\u0259nzild\u0259n \u00e7\u0131x\u0131b v\u0259 bir daha geri qay\u0131tmay\u0131b. Faktla ba\u011fl\u0131 Bin\u0259q\u0259di rayon Polis \u0130dar\u0259si 6-c\u0131 polis b\u00f6lm\u0259sind\u0259 ara\u015fd\u0131rma apar\u0131l\u0131r. (baku.ws)<\/p>\n","protected":false},"author":2,"featured_media":53978,"comment_status":"closed","ping_status":"closed","sticky":false,"template":"","format":"standard","meta":{"om_disable_all_campaigns":false,"_monsterinsights_skip_tracking":false,"_monsterinsights_sitenote_active":false,"_monsterinsights_sitenote_note":"","_monsterinsights_sitenote_category":0},"categories":[1],"tags":[],"aioseo_notices":[],"gutentor_comment":0,"rttpg_featured_image_url":{"full":["https:\/\/arantv.az\/wp-content\/uploads\/2019\/04\/1556606082_itkin-qiz-3.jpg",549,366,false],"landscape":["https:\/\/arantv.az\/wp-content\/uploads\/2019\/04\/1556606082_itkin-qiz-3.jpg",549,366,false],"portraits":["https:\/\/arantv.az\/wp-content\/uploads\/2019\/04\/1556606082_itkin-qiz-3.jpg",549,366,false],"thumbnail":["https:\/\/arantv.az\/wp-content\/uploads\/2019\/04\/1556606082_itkin-qiz-3-150x150.jpg",150,150,true],"medium":["https:\/\/arantv.az\/wp-content\/uploads\/2019\/04\/1556606082_itkin-qiz-3-300x200.jpg",300,200,true],"large":["https:\/\/arantv.az\/wp-content\/uploads\/2019\/04\/1556606082_itkin-qiz-3.jpg",549,366,false],"1536x1536":["https:\/\/arantv.az\/wp-content\/uploads\/2019\/04\/1556606082_itkin-qiz-3.jpg",549,366,false],"2048x2048":["https:\/\/arantv.az\/wp-content\/uploads\/2019\/04\/1556606082_itkin-qiz-3.jpg",549,366,false],"post-thumbnail":["https:\/\/arantv.az\/wp-content\/uploads\/2019\/04\/1556606082_itkin-qiz-3-240x172.jpg",240,172,true],"advps-thumb-one":["https:\/\/arantv.az\/wp-content\/uploads\/2019\/04\/1556606082_itkin-qiz-3.jpg",549,366,false]},"rttpg_author":{"display_name":"V\u00fcsal Rafiqo\u011flu","author_link":"https:\/\/arantv.az\/?author=2"},"rttpg_comment":0,"rttpg_category":"<a href=\"https:\/\/arantv.az\/?cat=1\" rel=\"category\">C\u0259miyy\u0259t<\/a>","rttpg_excerpt":"Bak\u0131da qad\u0131n yoxa \u00e7\u0131xan \u0259rinin axtar\u0131\u015f\u0131na ba\u015flay\u0131b. 1990-c\u0131 il t\u0259v\u0259ll\u00fcdl\u00fc Ayt\u0259n \u015eamil q\u0131z\u0131 Qurbanzad\u0259 Bin\u0259q\u0259di rayon Polis idar\u0259si 6-c\u0131 il polis b\u00f6lm\u0259sin\u0259 m\u00fcraci\u0259t edib. O, bildirib ki, h\u0259yat yolda\u015f\u0131, \u0130ran v\u0259t\u0259nda\u015f\u0131, 1981-ci ild\u0259 T\u0259brizd\u0259 anadan olan Qurban G\u00fclmirz\u0259 o\u011flu Qurbanzad\u0259 birg\u0259 ya\u015fad\u0131qlar\u0131 Bil\u0259c\u0259ri q\u0259s\u0259b\u0259si I may k\u00fc\u00e7\u0259sind\u0259ki m\u0259nzild\u0259n \u00e7\u0131x\u0131b v\u0259 bir daha geri qay\u0131tmay\u0131b. Faktla&hellip;","_links":{"self":[{"href":"https:\/\/arantv.az\/index.php?rest_route=\/wp\/v2\/posts\/53976"}],"collection":[{"href":"https:\/\/arantv.az\/index.php?rest_route=\/wp\/v2\/posts"}],"about":[{"href":"https:\/\/arantv.az\/index.php?rest_route=\/wp\/v2\/types\/post"}],"author":[{"embeddable":true,"href":"https:\/\/arantv.az\/index.php?rest_route=\/wp\/v2\/users\/2"}],"replies":[{"embeddable":true,"href":"https:\/\/arantv.az\/index.php?rest_route=%2Fwp%2Fv2%2Fcomments&post=53976"}],"version-history":[{"count":0,"href":"https:\/\/arantv.az\/index.php?rest_route=\/wp\/v2\/posts\/53976\/revisions"}],"wp:featuredmedia":[{"embeddable":true,"href":"https:\/\/arantv.az\/index.php?rest_route=\/wp\/v2\/media\/53978"}],"wp:attachment":[{"href":"https:\/\/arantv.az\/index.php?rest_route=%2Fwp%2Fv2%2Fmedia&parent=53976"}],"wp:term":[{"taxonomy":"category","embeddable":true,"href":"https:\/\/arantv.az\/index.php?rest_route=%2Fwp%2Fv2%2Fcategories&post=53976"},{"taxonomy":"post_tag","embeddable":true,"href":"https:\/\/arantv.az\/index.php?rest_route=%2Fwp%2Fv2%2Ftags&post=53976"}],"curies":[{"name":"wp","href":"https:\/\/api.w.org\/{rel}","templated":true}]}}