{"id":539760,"date":"2022-11-30T09:17:07","date_gmt":"2022-11-30T06:17:07","guid":{"rendered":"https:\/\/arantv.az\/?p=539760"},"modified":"2022-11-30T09:17:07","modified_gmt":"2022-11-30T06:17:07","slug":"abs-in-qafqaz-canisini-bakida-vasinqtondan-yeni-h%c9%99ml%c9%99","status":"publish","type":"post","link":"https:\/\/arantv.az\/?p=539760","title":{"rendered":"AB\u015e-\u0131n \u201cQafqaz cani\u015fini\u201d Bak\u0131da &#8211; Va\u015finqtondan yeni h\u0259ml\u0259"},"content":{"rendered":"<p><strong>Va\u015finqtonun el\u00e7isi \u0130r\u0259vanda r\u0259smi Bak\u0131n\u0131n \u201cq\u0131rm\u0131z\u0131 x\u0259tti\u201d olan Qaraba\u011f m\u00f6vzusunu m\u00fczakir\u0259 etm\u0259m\u0259lidir; Br\u00fcssel prosesi tormozland\u0131\u011f\u0131 \u00fc\u00e7\u00fcn Amerika y\u0259qin ki, t\u0259\u015f\u0259bb\u00fcs\u00fc \u00f6z \u00fcz\u0259rin\u0259 g\u00f6t\u00fcrm\u0259k ist\u0259y\u0259c\u0259k\u00a0<\/strong><\/p>\n<p>Az\u0259rbaycan Prezidenti \u0130lham \u018fliyev noyabr\u0131n 28-d\u0259 AB\u015e D\u00f6vl\u0259t Departamentinin Qafqaz dan\u0131\u015f\u0131qlar\u0131 \u00fczr\u0259 ba\u015f m\u00fc\u015faviri Filip Rikeri q\u0259bul edib. \u201cYeni M\u00fcsavat\u201d bildirir ki, g\u00f6r\u00fc\u015fd\u0259 Erm\u0259nistanla Az\u0259rbaycan aras\u0131nda m\u00fcnasib\u0259tl\u0259rin normalla\u015fd\u0131r\u0131lmas\u0131, s\u00fclh m\u00fcqavil\u0259si \u00fczr\u0259 dan\u0131\u015f\u0131qlar\u0131n apar\u0131lmas\u0131 il\u0259 ba\u011fl\u0131 xarici i\u015fl\u0259r nazirl\u0259ri s\u0259viyy\u0259sind\u0259 Va\u015finqtonda ke\u00e7irilmi\u015f g\u00f6r\u00fc\u015f \u0259traf\u0131nda fikir m\u00fcbadil\u0259si apar\u0131l\u0131b.<\/p>\n<p>AB\u015e d\u00f6vl\u0259t katibi Antoni Blinkenin Erm\u0259nistanla Az\u0259rbaycan aras\u0131nda m\u00fcnasib\u0259tl\u0259rin normalla\u015fd\u0131r\u0131lmas\u0131 prosesini daim diqq\u0259td\u0259 saxlamas\u0131 y\u00fcks\u0259k qiym\u0259tl\u0259ndirilib. Riker h\u0259m\u00e7inin \u201cAB\u015e-\u0131n Minsk Qrupundak\u0131 h\u0259ms\u0259dri\u201d titulunu da da\u015f\u0131y\u0131r. Riker \u0130r\u0259vana \u201cAB\u015e-\u0131n Minsk Qrupundak\u0131 h\u0259ms\u0259dri\u201d olaraq g\u0259ls\u0259 d\u0259, Bak\u0131da o, sad\u0259c\u0259, AB\u015e D\u00f6vl\u0259t Departamentinin Qafqaz \u00fczr\u0259 yeni ba\u015f m\u0259sl\u0259h\u0259t\u00e7isi kimi qar\u015f\u0131lan\u0131r.<\/p>\n<p>Bu, Rikerin Bak\u0131ya ikinci s\u0259f\u0259ridir. Maraql\u0131d\u0131r ki, amerikal\u0131 diplomat Erm\u0259nistan\u0131n 13-14 sentyabr tarixl\u0259rind\u0259 s\u0259rh\u0259dd\u0259 t\u00f6r\u0259tdiyi t\u0259xribat g\u00fcnl\u0259rind\u0259 d\u0259 \u0130r\u0259vanda v\u0259 Bak\u0131da s\u0259f\u0259rd\u0259 idi.\u00a0 T\u0259xribat ba\u015f ver\u0259nd\u0259n d\u0259rhal sonra is\u0259 AB\u015e s\u0259firliyi t\u0259xribat\u0131 t\u00f6r\u0259d\u0259n Erm\u0259nistan\u0131 q\u0131namaq \u0259v\u0259zin\u0259, Az\u0259rbaycana qar\u015f\u0131 q\u0259r\u0259zli, erm\u0259nip\u0259r\u0259st, a\u015fkar \u015f\u0259kild\u0259 t\u0259r\u0259f tutan a\u00e7\u0131qlama yaym\u0131\u015fd\u0131. Hadis\u0259l\u0259r s\u0259ngiy\u0259n kimi &#8211; sentyabr\u0131n 15-d\u0259 is\u0259 AB\u015e D\u00f6vl\u0259t Departamenti b\u0259yanat yayaraq \u201cBak\u0131 il\u0259 \u0130r\u0259van aras\u0131nda dialoqu d\u0259st\u0259kl\u0259m\u0259y\u0259 haz\u0131r\u0131q\u201d dedi. D\u00f6vl\u0259t ba\u015f\u00e7\u0131s\u0131 \u0130lham \u018fliyev is\u0259 Rikeri Bak\u0131da q\u0259bul ed\u0259n zaman Az\u0259rbaycan\u0131n Erm\u0259nistan\u0131n bu t\u0259xribatlar\u0131na cavab t\u0259dbirl\u0259ri h\u0259yata ke\u00e7irdiyini v\u0259 ba\u015f vermi\u015f t\u0259xribatlara g\u00f6r\u0259 b\u00fct\u00fcn m\u0259suliyy\u0259tin Erm\u0259nistan\u0131n siyasi-h\u0259rbi r\u0259hb\u0259rliyinin \u00fcz\u0259rin\u0259 d\u00fc\u015fd\u00fcy\u00fcn\u00fc qeyd etmi\u015fdi.<\/p>\n<p><strong>Bak\u0131ya bud\u0259f\u0259ki g\u0259li\u015find\u0259n \u00f6nc\u0259 &#8211; noyabr\u0131n 16-da AB\u015e Senat\u0131n\u0131n Xarici m\u00fcnasib\u0259tl\u0259r komit\u0259sind\u0259 m\u00fczakir\u0259l\u0259rd\u0259 Filip Riker deyib ki, Minsk Qrupu AT\u018fT-in mandat\u0131 il\u0259 yarad\u0131l\u0131b v\u0259 haz\u0131rda o \u201cf\u0259aliyy\u0259t g\u00f6st\u0259rmir\u201d. O xat\u0131rlad\u0131b ki, frans\u0131z h\u0259mkar\u0131 v\u0259 dig\u0259r maraql\u0131 t\u0259r\u0259fl\u0259rl\u0259 \u0259laq\u0259 saxlay\u0131r, lakin Az\u0259rbaycan art\u0131q Minsk Qrupu il\u0259 he\u00e7 bir i\u015fi olmayaca\u011f\u0131n\u0131 bildirib. S\u0259fir Riker deyib ki, \u201ckonsensus \u0259sas\u0131nda biz bu mandat\u0131 l\u0259\u011fv ed\u0259 bil\u0259rik, \u00e7\u00fcnki AB\u015e t\u0259r\u0259fl\u0259rin \u00f6zl\u0259ri il\u0259 s\u00fclh dan\u0131\u015f\u0131qlar\u0131nda birba\u015fa i\u015ftirak edir\u201d.<\/strong><\/p>\n<p>Lakin Va\u015finqtonun regiona v\u0259 m\u00fcnaqi\u015f\u0259y\u0259 bax\u0131\u015f\u0131 Bak\u0131 \u00fc\u00e7\u00fcn he\u00e7 d\u0259 m\u0259qbul v\u0259 konstruktiv deyil. Amerikal\u0131 diplomat \u0130r\u0259vana son s\u0259f\u0259ri \u00e7\u0259r\u00e7iv\u0259sind\u0259 bu \u00f6lk\u0259nin xarici i\u015fl\u0259r naziri Ararat Mirzoyanla da g\u00f6r\u00fc\u015f\u00fcb. Mirzoyan Rikerl\u0259 Erm\u0259nistan-Az\u0259rbaycan m\u00fcnasib\u0259tl\u0259rinin normalla\u015fmas\u0131 il\u0259 yana\u015f\u0131, Qaraba\u011f m\u00f6vzusunu da m\u00fczakir\u0259 edib. \u018flb\u0259tt\u0259 ki, Riker s\u0259f\u0259r \u00e7\u0259r\u00e7iv\u0259sind\u0259 ist\u0259diyi erm\u0259ni r\u0259smisi il\u0259 g\u00f6r\u00fc\u015f\u0259 bil\u0259r, lakin ist\u0259diyi m\u00f6vzunu m\u00fczakir\u0259 ed\u0259 bilm\u0259z. X\u00fcsusil\u0259 d\u0259 Erm\u0259nistan-Az\u0259rbaycan m\u00fcnasib\u0259tl\u0259rinin normalla\u015fmas\u0131nda maraql\u0131 olan bir \u00f6lk\u0259 indiki m\u0259qamda \u0130r\u0259vanda r\u0259smi Bak\u0131n\u0131n q\u0131rm\u0131z\u0131 x\u0259tti olan Qaraba\u011f m\u00f6vzusunu m\u00fczakir\u0259 etm\u0259m\u0259lidir.<\/p>\n<p><em>Qaraba\u011f Az\u0259rbaycan\u0131n beyn\u0259lxalq h\u00fcquqla tan\u0131nan \u0259razisidir v\u0259 bu m\u00f6vzu \u00fc\u00e7\u00fcnc\u00fc \u00f6lk\u0259l\u0259rin m\u00fczakir\u0259 predmeti ola bilm\u0259z. Rikerin bud\u0259f\u0259ki s\u0259f\u0259ri d\u0259 Az\u0259rbaycan-Erm\u0259nistan\u00a0 m\u00fcnasib\u0259tl\u0259rinin g\u0259rgin d\u00f6vr\u00fcn\u0259 t\u0259sad\u00fcf edir. Ba\u015f nazir Pa\u015finyan\u0131n \u201cMakronsuz dan\u0131\u015f\u0131qlarda i\u015ftirak etmir\u0259m\u201d dem\u0259si il\u0259\u00a0 AB\u015e-\u0131n d\u0259st\u0259kl\u0259diyi Br\u00fcssel prosesi tormozland\u0131. \u0130ndi Amerika y\u0259qin ki, t\u0259\u015f\u0259bb\u00fcs\u00fc \u00f6z \u00fcz\u0259rin\u0259 g\u00f6t\u00fcrm\u0259k ist\u0259y\u0259c\u0259k, Q\u0259rb mandat\u0131 alt\u0131nda hans\u0131sa dan\u0131\u015f\u0131qlara c\u0259hd ed\u0259c\u0259k. Amma bu imitasiya xarakterli dan\u0131\u015f\u0131qlar\u0131n hans\u0131sa n\u0259tic\u0259 ver\u0259c\u0259yi \u015f\u00fcbh\u0259lidir. O halda Br\u00fcssel v\u0259 AB\u015e-\u0131n dan\u0131\u015f\u0131qlar\u0131n b\u0259rpas\u0131 \u00fc\u00e7\u00fcn yeni h\u0259ml\u0259si n\u0259 olacaq? \u00dcmumiyy\u0259tl\u0259, A\u011f Ev Bak\u0131 il\u0259 \u0130r\u0259van\u0131n s\u00fclh m\u00fcqavil\u0259si imzalamas\u0131n\u0131 ist\u0259yirmi v\u0259 nec\u0259 bir s\u0259n\u0259d t\u0259s\u0259vv\u00fcr edir? Br\u00fcssel format\u0131n\u0131n iflas etdiyi vaxtda Rusiya AB\u015e-\u0131n vasit\u0259\u00e7iliyi il\u0259 h\u0259r hans\u0131 sazi\u015fin ba\u011flanmas\u0131na nec\u0259 m\u00fcnasib\u0259t s\u0259rgil\u0259y\u0259c\u0259k?<\/em><\/p>\n<p><em><img src=\"https:\/\/yenixeber.az\/uploads\/news\/0901202227d3bd7a9b2d26528fffbe99c6b2550c.jpg\" alt=\"Elxan \u015eahino\u011flu son \u00e7\u0131x\u0131\u015f\u0131 il\u0259 \u00f6z\u00fcn\u00fc v\u0259 &quot;a\u011falar\u0131n\u0131&quot; bel\u0259 \u0259l\u0259 verdi -  \u018fTRAFLI - en son xeberler 2022, xeberler bu gun 2022\" \/><\/em><\/p>\n<p><em><strong>Elxan \u015eahino\u011flu<\/strong><\/em><\/p>\n<p><strong>Politoloq Elxan \u015eahino\u011flunun bildirdiyin\u0259 g\u00f6r\u0259, \u00fcmumiyy\u0259tl\u0259, Erm\u0259nistan\u0131n ba\u015f naziri Nikol Pa\u015finyan\u0131n \u201c\u0130lham \u018fliyevl\u0259 g\u00f6r\u00fc\u015fl\u0259rd\u0259 Fransa Prezidenti Emmanuel Makron da i\u015ftirak etsin\u201d t\u0259l\u0259binin arxas\u0131nda h\u0259m d\u0259 \u0130r\u0259van\u0131n Minsk Qrupu h\u0259ms\u0259drlik institutunu yenid\u0259n canland\u0131rmaq ist\u0259yi il\u0259 ba\u011fl\u0131d\u0131r:<\/strong>\u00a0\u201cHaz\u0131rda Rusiya v\u0259 AB\u015e Az\u0259rbaycanla Erm\u0259nistan aras\u0131nda vasit\u0259\u00e7i kimi \u00e7\u0131x\u0131\u015f edir, ke\u00e7mi\u015f h\u0259ms\u0259drl\u0259rd\u0259n birc\u0259 Fransa yoxdur. Ona g\u00f6r\u0259 d\u0259 Pa\u015finyan m\u00fctt\u0259fiqini d\u0259 proses\u0259 qatma\u011fa \u00e7al\u0131\u015f\u0131r ki, ke\u00e7mi\u015f \u00fc\u00e7l\u00fck b\u0259rpa olunsun. Ancaq biz &#8220;yox&#8221; dey\u0259nd\u0259n sonra Fransan\u0131 zorla masada oturtmaq m\u00fcmk\u00fcn deyil. \u0130kinci Qaraba\u011f m\u00fcharib\u0259sind\u0259n sonra Fransan\u0131 faktiki Avropa \u0130ttifaq\u0131 \u0259v\u0259z edib v\u0259 bu daha faydal\u0131 formatd\u0131r, \u015earl Mi\u015fel birliy\u0259 daxil olan b\u00fct\u00fcn \u00f6lk\u0259l\u0259ri t\u0259msil edir&#8221;.<\/p>\n<p>Ekspertin fikrinc\u0259, Br\u00fcssel v\u0259 Va\u015finqtonun il \u0259rzind\u0259 Az\u0259rbaycanla Erm\u0259nistan aras\u0131nda artan vasit\u0259\u00e7iliyi Kremli narahat etm\u0259y\u0259 bilm\u0259z: \u201cOdur ki, Rusiya Prezidenti Vladimir Putin t\u0259\u015f\u0259bb\u00fcs\u00fc yenid\u0259n \u0259l\u0259 alma\u011fa \u00e7al\u0131\u015f\u0131r. Onun Az\u0259rbaycan Prezidenti \u0130lham \u018fliyev\u0259 z\u0259nginin \u0259sas\u0131nda m\u0259hz bu amil dayan\u0131r. Fransa Prezidenti Emmanuel Makronun \u00f6z\u00fcn\u00fc Avropa \u0130ttifaq\u0131n\u0131n vasit\u0259\u00e7iliyin\u0259 d\u00fcrtm\u0259si Br\u00fcsselin f\u0259all\u0131\u011f\u0131n\u0131 he\u00e7\u0259 endirir. \u00c7\u00fcnki \u0130lham \u018fliyev do\u011fru olaraq Makronun vasit\u0259\u00e7iliyini q\u0259bul etm\u0259y\u0259c\u0259k. Bu m\u0259qamdan Putin istifad\u0259 etm\u0259y\u0259 \u00e7al\u0131\u015facaq. Ancaq Makron kimi Putinin f\u0259all\u0131\u011f\u0131n\u0131n da biz\u0259 faydas\u0131 yoxdur. Kreml sahibinin biz\u0259 faydas\u0131 olsayd\u0131, Ruben Vardanyan\u0131 Qaraba\u011fa g\u00f6nd\u0259rm\u0259zdi, separat\u00e7\u0131lar t\u0259rk-silah olunard\u0131, rusiyal\u0131 h\u0259rb\u00e7il\u0259r Qaraba\u011fdak\u0131 m\u0259nt\u0259q\u0259l\u0259ri qanuni ad\u0131 il\u0259 \u00e7a\u011f\u0131rard\u0131lar, daha &#8220;Mardakert&#8221;, &#8220;Martuni&#8221; ifad\u0259l\u0259rind\u0259n istifad\u0259 etm\u0259zdil\u0259r&#8221;.<\/p>\n<p><img src=\"https:\/\/azertag.az\/files\/galleryphoto\/2022\/2\/1000x669\/16604031076134353404_1000x669.jpg\" alt=\"Zaur M\u0259mm\u0259dov: Prezident \u0130lham \u018fliyev m\u00fcsahib\u0259sind\u0259 regiondak\u0131 prosesl\u0259r\u0259  m\u00fcdaxil\u0259 etm\u0259k ist\u0259y\u0259nl\u0259r\u0259 \u00e7ox vacib mesajlar verdi - AZ\u018fRTAC\" \/><\/p>\n<p><strong>Zaur M\u0259mm\u0259dov<\/strong><\/p>\n<p>Bak\u0131 Politoloqlar Klubunun r\u0259hb\u0259ri\u00a0<strong>Zaur M\u0259mm\u0259dov<\/strong>un s\u00f6zl\u0259rin\u0259 g\u00f6r\u0259, son zamanlar Az\u0259rbaycan-Erm\u0259nistan s\u0259rh\u0259dind\u0259 v\u0259 Qaraba\u011fda iki \u00f6lk\u0259 aras\u0131nda ba\u015f ver\u0259nl\u0259r C\u0259nubi Qafqaz\u0131n m\u00fcharib\u0259nin bir add\u0131ml\u0131\u011f\u0131nda olmas\u0131n\u0131n g\u00f6st\u0259ricisidir: \u201cBu fonda, region d\u00f6vl\u0259tl\u0259rinin susqunlu\u011fu v\u0259 eskalasiyan\u0131n qar\u015f\u0131s\u0131n\u0131 almamas\u0131, bunun \u0259ksin\u0259 olaraq A\u0130 v\u0259 AB\u015e-dan x\u00fcsusi n\u00fcmay\u0259nd\u0259l\u0259rin Bak\u0131ya t\u0259cili dan\u0131\u015f\u0131qlar \u00fc\u00e7\u00fcn eyni vaxtda g\u0259lm\u0259l\u0259ri diqq\u0259td\u0259n yay\u0131nmamal\u0131d\u0131r. AB\u015e ilin sonuna q\u0259d\u0259r Bak\u0131 v\u0259 \u0130r\u0259van aras\u0131nda hans\u0131sa s\u0259n\u0259din imzalanmas\u0131n\u0131 ist\u0259yir. Son 20 ild\u0259 ilk d\u0259f\u0259 olaraq AB\u015e administrasiyalar\u0131 i\u00e7\u0259risind\u0259 m\u0259hz Blinkenin komandas\u0131n\u0131n C\u0259nubi Qafqazda bu q\u0259d\u0259r aktivl\u0259\u015fm\u0259si, \u0259lb\u0259tt\u0259 ki, qeyd edilm\u0259lidir. T\u0259bii ki, okean\u0131n o tay\u0131 Rusiya v\u0259 \u0130ran prizmas\u0131ndan m\u0259s\u0259l\u0259l\u0259r\u0259 baxaraq aktivlik n\u00fcmayi\u015f etdirir v\u0259 t\u0259r\u0259fl\u0259ri s\u00fclh\u0259 s\u0259sl\u0259yir\u201d.<\/p>\n<p><strong>Analitik hesab edir ki, s\u00fclh\u00fcn \u0259ld\u0259 edilm\u0259si \u00fc\u00e7\u00fcn ilk v\u0259 \u0259sas \u015f\u0259rt Erm\u0259nistan\u0131n Qaraba\u011f m\u0259s\u0259l\u0259sind\u0259 manipulyasiyadan \u0259l \u00e7\u0259km\u0259sidir:<\/strong>\u00a0\u201c\u0130ndiki halda Pa\u015finyan\u0131n &#8220;Qaraba\u011f Az\u0259rbaycan\u0131n \u0259razisin\u0259 daxildir&#8221; ifad\u0259sini i\u015fl\u0259tm\u0259si g\u00f6zl\u0259nil\u0259n deyil. Bu fonda, Vardanyan\u0131n Xank\u0259ndind\u0259 peyda olmas\u0131, onunla\u00a0 &#8220;s\u00fclh qurucular\u0131&#8221; aras\u0131ndak\u0131 isti m\u00fcnasib\u0259tl\u0259r, M\u00fcdafi\u0259 Nazirliyinin son bir ne\u00e7\u0259 g\u00fcnd\u0259 h\u0259r g\u00fcn toponiml\u0259rl\u0259 ba\u011fl\u0131 etiraz etm\u0259si diqq\u0259tl\u0259rd\u0259n yay\u0131nmamal\u0131d\u0131r. H\u0259r halda, haz\u0131rda b\u00f6lg\u0259 \u0259traf\u0131nda ba\u015f ver\u0259n hadis\u0259l\u0259r, qon\u015fu d\u00f6vl\u0259tl\u0259rd\u0259 siyasi hakimiyy\u0259tl\u0259rin \u00f6m\u00fcrl\u0259ri il\u0259 ba\u011fl\u0131 g\u00f6zl\u0259ntil\u0259r, g\u0259l\u0259c\u0259kd\u0259 Q\u0259rb-\u0130ran, Q\u0259rb-Rusiya m\u00fcnasib\u0259tl\u0259rind\u0259 dig\u0259r ssenaril\u0259r Xank\u0259ndi v\u0259 \u0259traf\u0131 m\u0259s\u0259l\u0259sind\u0259 b\u0259zi add\u0131mlar\u0131n at\u0131lmas\u0131n\u0131 t\u0259l\u0259b edir. Lakin AB\u015e v\u0259 A\u0130 n\u00fcmay\u0259nd\u0259l\u0259rinin son s\u0259f\u0259rl\u0259ri m\u00fc\u0259yy\u0259n m\u0259s\u0259l\u0259l\u0259rl\u0259 ba\u011fl\u0131 h\u0259l\u0259 ki g\u00f6zl\u0259y\u0259c\u0259yimiz\u0259 d\u0259lal\u0259t edir. Se\u00e7im Pa\u015finyan\u0131nd\u0131r. M\u0259suliyy\u0259t onundur&#8221;.<\/p>\n","protected":false},"excerpt":{"rendered":"<p>Va\u015finqtonun el\u00e7isi \u0130r\u0259vanda r\u0259smi Bak\u0131n\u0131n \u201cq\u0131rm\u0131z\u0131 x\u0259tti\u201d olan Qaraba\u011f m\u00f6vzusunu m\u00fczakir\u0259 etm\u0259m\u0259lidir; Br\u00fcssel prosesi tormozland\u0131\u011f\u0131 \u00fc\u00e7\u00fcn Amerika y\u0259qin ki, t\u0259\u015f\u0259bb\u00fcs\u00fc \u00f6z \u00fcz\u0259rin\u0259 g\u00f6t\u00fcrm\u0259k ist\u0259y\u0259c\u0259k\u00a0 Az\u0259rbaycan Prezidenti \u0130lham \u018fliyev noyabr\u0131n 28-d\u0259 AB\u015e D\u00f6vl\u0259t Departamentinin Qafqaz dan\u0131\u015f\u0131qlar\u0131 \u00fczr\u0259 ba\u015f m\u00fc\u015faviri Filip Rikeri q\u0259bul edib. \u201cYeni M\u00fcsavat\u201d bildirir ki, g\u00f6r\u00fc\u015fd\u0259 Erm\u0259nistanla Az\u0259rbaycan aras\u0131nda m\u00fcnasib\u0259tl\u0259rin normalla\u015fd\u0131r\u0131lmas\u0131, s\u00fclh m\u00fcqavil\u0259si \u00fczr\u0259 dan\u0131\u015f\u0131qlar\u0131n apar\u0131lmas\u0131 il\u0259 ba\u011fl\u0131 xarici i\u015fl\u0259r nazirl\u0259ri s\u0259viyy\u0259sind\u0259 Va\u015finqtonda ke\u00e7irilmi\u015f g\u00f6r\u00fc\u015f \u0259traf\u0131nda fikir m\u00fcbadil\u0259si apar\u0131l\u0131b. AB\u015e d\u00f6vl\u0259t katibi Antoni Blinkenin Erm\u0259nistanla Az\u0259rbaycan aras\u0131nda m\u00fcnasib\u0259tl\u0259rin normalla\u015fd\u0131r\u0131lmas\u0131 prosesini daim diqq\u0259td\u0259 saxlamas\u0131 y\u00fcks\u0259k qiym\u0259tl\u0259ndirilib. Riker h\u0259m\u00e7inin \u201cAB\u015e-\u0131n Minsk&hellip;<\/p>\n","protected":false},"author":2,"featured_media":539761,"comment_status":"closed","ping_status":"closed","sticky":false,"template":"","format":"standard","meta":{"om_disable_all_campaigns":false,"_monsterinsights_skip_tracking":false,"_monsterinsights_sitenote_active":false,"_monsterinsights_sitenote_note":"","_monsterinsights_sitenote_category":0},"categories":[4],"tags":[],"aioseo_notices":[],"gutentor_comment":0,"rttpg_featured_image_url":{"full":["https:\/\/arantv.az\/wp-content\/uploads\/2022\/11\/077c9a8fe724efacb7f19f6fd09550ca.jpg",870,500,false],"landscape":["https:\/\/arantv.az\/wp-content\/uploads\/2022\/11\/077c9a8fe724efacb7f19f6fd09550ca.jpg",870,500,false],"portraits":["https:\/\/arantv.az\/wp-content\/uploads\/2022\/11\/077c9a8fe724efacb7f19f6fd09550ca.jpg",870,500,false],"thumbnail":["https:\/\/arantv.az\/wp-content\/uploads\/2022\/11\/077c9a8fe724efacb7f19f6fd09550ca-500x280.jpg",500,280,true],"medium":["https:\/\/arantv.az\/wp-content\/uploads\/2022\/11\/077c9a8fe724efacb7f19f6fd09550ca-635x365.jpg",635,365,true],"large":["https:\/\/arantv.az\/wp-content\/uploads\/2022\/11\/077c9a8fe724efacb7f19f6fd09550ca-840x483.jpg",640,368,true],"1536x1536":["https:\/\/arantv.az\/wp-content\/uploads\/2022\/11\/077c9a8fe724efacb7f19f6fd09550ca.jpg",870,500,false],"2048x2048":["https:\/\/arantv.az\/wp-content\/uploads\/2022\/11\/077c9a8fe724efacb7f19f6fd09550ca.jpg",870,500,false],"post-thumbnail":["https:\/\/arantv.az\/wp-content\/uploads\/2022\/11\/077c9a8fe724efacb7f19f6fd09550ca-240x172.jpg",240,172,true],"advps-thumb-one":["https:\/\/arantv.az\/wp-content\/uploads\/2022\/11\/077c9a8fe724efacb7f19f6fd09550ca.jpg",870,500,false]},"rttpg_author":{"display_name":"V\u00fcsal Rafiqo\u011flu","author_link":"https:\/\/arantv.az\/?author=2"},"rttpg_comment":0,"rttpg_category":"<a href=\"https:\/\/arantv.az\/?cat=4\" rel=\"category\">Siyas\u0259t<\/a>","rttpg_excerpt":"Va\u015finqtonun el\u00e7isi \u0130r\u0259vanda r\u0259smi Bak\u0131n\u0131n \u201cq\u0131rm\u0131z\u0131 x\u0259tti\u201d olan Qaraba\u011f m\u00f6vzusunu m\u00fczakir\u0259 etm\u0259m\u0259lidir; Br\u00fcssel prosesi tormozland\u0131\u011f\u0131 \u00fc\u00e7\u00fcn Amerika y\u0259qin ki, t\u0259\u015f\u0259bb\u00fcs\u00fc \u00f6z \u00fcz\u0259rin\u0259 g\u00f6t\u00fcrm\u0259k ist\u0259y\u0259c\u0259k\u00a0 Az\u0259rbaycan Prezidenti \u0130lham \u018fliyev noyabr\u0131n 28-d\u0259 AB\u015e D\u00f6vl\u0259t Departamentinin Qafqaz dan\u0131\u015f\u0131qlar\u0131 \u00fczr\u0259 ba\u015f m\u00fc\u015faviri Filip Rikeri q\u0259bul edib. \u201cYeni M\u00fcsavat\u201d bildirir ki, g\u00f6r\u00fc\u015fd\u0259 Erm\u0259nistanla Az\u0259rbaycan aras\u0131nda m\u00fcnasib\u0259tl\u0259rin normalla\u015fd\u0131r\u0131lmas\u0131, s\u00fclh m\u00fcqavil\u0259si \u00fczr\u0259&hellip;","_links":{"self":[{"href":"https:\/\/arantv.az\/index.php?rest_route=\/wp\/v2\/posts\/539760"}],"collection":[{"href":"https:\/\/arantv.az\/index.php?rest_route=\/wp\/v2\/posts"}],"about":[{"href":"https:\/\/arantv.az\/index.php?rest_route=\/wp\/v2\/types\/post"}],"author":[{"embeddable":true,"href":"https:\/\/arantv.az\/index.php?rest_route=\/wp\/v2\/users\/2"}],"replies":[{"embeddable":true,"href":"https:\/\/arantv.az\/index.php?rest_route=%2Fwp%2Fv2%2Fcomments&post=539760"}],"version-history":[{"count":0,"href":"https:\/\/arantv.az\/index.php?rest_route=\/wp\/v2\/posts\/539760\/revisions"}],"wp:featuredmedia":[{"embeddable":true,"href":"https:\/\/arantv.az\/index.php?rest_route=\/wp\/v2\/media\/539761"}],"wp:attachment":[{"href":"https:\/\/arantv.az\/index.php?rest_route=%2Fwp%2Fv2%2Fmedia&parent=539760"}],"wp:term":[{"taxonomy":"category","embeddable":true,"href":"https:\/\/arantv.az\/index.php?rest_route=%2Fwp%2Fv2%2Fcategories&post=539760"},{"taxonomy":"post_tag","embeddable":true,"href":"https:\/\/arantv.az\/index.php?rest_route=%2Fwp%2Fv2%2Ftags&post=539760"}],"curies":[{"name":"wp","href":"https:\/\/api.w.org\/{rel}","templated":true}]}}