{"id":539766,"date":"2022-11-30T09:27:00","date_gmt":"2022-11-30T06:27:00","guid":{"rendered":"https:\/\/arantv.az\/?p=539766"},"modified":"2022-11-30T09:27:00","modified_gmt":"2022-11-30T06:27:00","slug":"pakistanda-kamikadze-ozunu-partlatdi-otuzdan-cox-yarali-var","status":"publish","type":"post","link":"https:\/\/arantv.az\/?p=539766","title":{"rendered":"Pakistanda kamikadze \u00f6z\u00fcn\u00fc partlatd\u0131: Otuzdan \u00e7ox yaral\u0131 var"},"content":{"rendered":"<p>Pakistan\u0131n c\u0259nub-q\u0259rbind\u0259ki B\u0259lucistan \u0259yal\u0259tinin paytaxt\u0131 Kvettada ba\u015f ver\u0259n partlay\u0131\u015f n\u0259tic\u0259sind\u0259 \u00fc\u00e7\u00a0n\u0259f\u0259r h\u0259lak olub, 30-dan \u00e7ox adam yaralan\u0131b.<\/p>\n<p>H\u00fcquq-m\u00fchafiz\u0259 orqanlar\u0131n\u0131n verdiyi m\u0259lumata g\u00f6r\u0259, yaralananlar aras\u0131nda 15 polis \u0259m\u0259kda\u015f\u0131 da var.<\/p>\n<div class=\"AdviadNativeVideo\"><\/div>\n<p>H\u0259yat\u0131n\u0131 itir\u0259nl\u0259rin biri polis, biri u\u015faq, biri is\u0259 qad\u0131nd\u0131r.<\/p>\n<p>\u0130lkin m\u0259lumatlara g\u00f6r\u0259, kamikadze polisin m\u00fchafiz\u0259si alt\u0131nda olan peyv\u0259nd m\u0259nt\u0259q\u0259sinin yax\u0131nl\u0131\u011f\u0131nda kustar \u00fcsulla haz\u0131rlanan partlay\u0131c\u0131 qur\u011funu i\u015f\u0259 sal\u0131b.<\/p>\n<p>Bazar ert\u0259si Pakistan hakimiyy\u0259ti P\u0259ncab, Sind v\u0259 B\u0259lucistan \u0259yal\u0259tl\u0259rinin\u00a023 regionunda be\u015f ya\u015fdan ki\u00e7ik 13,5 milyon u\u015faq \u00fc\u00e7\u00fcn ilin \u00fc\u00e7\u00fcnc\u00fc poliomielit peyv\u0259ndi kampaniyas\u0131na ba\u015flay\u0131b.<\/p>\n<p>U\u015faqlar\u0131n poliomielit x\u0259st\u0259liyin\u0259 qar\u015f\u0131 k\u00fctl\u0259vi peyv\u0259nd edilm\u0259si ilk d\u0259f\u0259 Pakistanda 2020-ci ild\u0259 ba\u015flay\u0131b, lakin \u018ffqan\u0131stanla h\u0259ms\u0259rh\u0259d \u0259razil\u0259rd\u0259 \u201cTaliban\u201d yaraql\u0131lar\u0131 t\u0259r\u0259find\u0259n bu peyv\u0259nd dayand\u0131r\u0131l\u0131b. Ekstremistl\u0259r poliomielit kampaniyas\u0131n\u0131n\u00a0\u201c\u0130slam d\u0259y\u0259rl\u0259rini sars\u0131tmaq\u201d \u00fc\u00e7\u00fcn \u201cQ\u0259rb plan\u0131n\u0131n\u201d bir hiss\u0259si oldu\u011funu b\u0259han\u0259 ed\u0259r\u0259k peyv\u0259nd m\u0259nt\u0259q\u0259l\u0259rin\u0259, h\u0259kiml\u0259r\u0259 v\u0259 Pakistan t\u0259hl\u00fck\u0259sizlik q\u00fcvv\u0259l\u0259rin\u0259 h\u00fccum edibl\u0259r.<\/p>\n<p>M\u0259nb\u0259: Reuters<\/p>\n","protected":false},"excerpt":{"rendered":"<p>Pakistan\u0131n c\u0259nub-q\u0259rbind\u0259ki B\u0259lucistan \u0259yal\u0259tinin paytaxt\u0131 Kvettada ba\u015f ver\u0259n partlay\u0131\u015f n\u0259tic\u0259sind\u0259 \u00fc\u00e7\u00a0n\u0259f\u0259r h\u0259lak olub, 30-dan \u00e7ox adam yaralan\u0131b. H\u00fcquq-m\u00fchafiz\u0259 orqanlar\u0131n\u0131n verdiyi m\u0259lumata g\u00f6r\u0259, yaralananlar aras\u0131nda 15 polis \u0259m\u0259kda\u015f\u0131 da var. H\u0259yat\u0131n\u0131 itir\u0259nl\u0259rin biri polis, biri u\u015faq, biri is\u0259 qad\u0131nd\u0131r. \u0130lkin m\u0259lumatlara g\u00f6r\u0259, kamikadze polisin m\u00fchafiz\u0259si alt\u0131nda olan peyv\u0259nd m\u0259nt\u0259q\u0259sinin yax\u0131nl\u0131\u011f\u0131nda kustar \u00fcsulla haz\u0131rlanan partlay\u0131c\u0131 qur\u011funu i\u015f\u0259 sal\u0131b. Bazar ert\u0259si Pakistan hakimiyy\u0259ti P\u0259ncab, Sind v\u0259 B\u0259lucistan \u0259yal\u0259tl\u0259rinin\u00a023 regionunda be\u015f ya\u015fdan ki\u00e7ik 13,5 milyon u\u015faq \u00fc\u00e7\u00fcn ilin \u00fc\u00e7\u00fcnc\u00fc poliomielit peyv\u0259ndi kampaniyas\u0131na ba\u015flay\u0131b. U\u015faqlar\u0131n poliomielit x\u0259st\u0259liyin\u0259 qar\u015f\u0131 k\u00fctl\u0259vi peyv\u0259nd edilm\u0259si ilk d\u0259f\u0259 Pakistanda 2020-ci&hellip;<\/p>\n","protected":false},"author":2,"featured_media":539767,"comment_status":"closed","ping_status":"closed","sticky":false,"template":"","format":"standard","meta":{"om_disable_all_campaigns":false,"_monsterinsights_skip_tracking":false,"_monsterinsights_sitenote_active":false,"_monsterinsights_sitenote_note":"","_monsterinsights_sitenote_category":0},"categories":[7],"tags":[],"aioseo_notices":[],"gutentor_comment":0,"rttpg_featured_image_url":{"full":["https:\/\/arantv.az\/wp-content\/uploads\/2022\/11\/FotoJet-2022-11-30T094938.633.jpg",620,413,false],"landscape":["https:\/\/arantv.az\/wp-content\/uploads\/2022\/11\/FotoJet-2022-11-30T094938.633.jpg",620,413,false],"portraits":["https:\/\/arantv.az\/wp-content\/uploads\/2022\/11\/FotoJet-2022-11-30T094938.633.jpg",620,413,false],"thumbnail":["https:\/\/arantv.az\/wp-content\/uploads\/2022\/11\/FotoJet-2022-11-30T094938.633-500x280.jpg",500,280,true],"medium":["https:\/\/arantv.az\/wp-content\/uploads\/2022\/11\/FotoJet-2022-11-30T094938.633-548x365.jpg",548,365,true],"large":["https:\/\/arantv.az\/wp-content\/uploads\/2022\/11\/FotoJet-2022-11-30T094938.633.jpg",620,413,false],"1536x1536":["https:\/\/arantv.az\/wp-content\/uploads\/2022\/11\/FotoJet-2022-11-30T094938.633.jpg",620,413,false],"2048x2048":["https:\/\/arantv.az\/wp-content\/uploads\/2022\/11\/FotoJet-2022-11-30T094938.633.jpg",620,413,false],"post-thumbnail":["https:\/\/arantv.az\/wp-content\/uploads\/2022\/11\/FotoJet-2022-11-30T094938.633-240x172.jpg",240,172,true],"advps-thumb-one":["https:\/\/arantv.az\/wp-content\/uploads\/2022\/11\/FotoJet-2022-11-30T094938.633.jpg",620,413,false]},"rttpg_author":{"display_name":"V\u00fcsal Rafiqo\u011flu","author_link":"https:\/\/arantv.az\/?author=2"},"rttpg_comment":0,"rttpg_category":"<a href=\"https:\/\/arantv.az\/?cat=7\" rel=\"category\">D\u00fcnya<\/a>","rttpg_excerpt":"Pakistan\u0131n c\u0259nub-q\u0259rbind\u0259ki B\u0259lucistan \u0259yal\u0259tinin paytaxt\u0131 Kvettada ba\u015f ver\u0259n partlay\u0131\u015f n\u0259tic\u0259sind\u0259 \u00fc\u00e7\u00a0n\u0259f\u0259r h\u0259lak olub, 30-dan \u00e7ox adam yaralan\u0131b. H\u00fcquq-m\u00fchafiz\u0259 orqanlar\u0131n\u0131n verdiyi m\u0259lumata g\u00f6r\u0259, yaralananlar aras\u0131nda 15 polis \u0259m\u0259kda\u015f\u0131 da var. H\u0259yat\u0131n\u0131 itir\u0259nl\u0259rin biri polis, biri u\u015faq, biri is\u0259 qad\u0131nd\u0131r. \u0130lkin m\u0259lumatlara g\u00f6r\u0259, kamikadze polisin m\u00fchafiz\u0259si alt\u0131nda olan peyv\u0259nd m\u0259nt\u0259q\u0259sinin yax\u0131nl\u0131\u011f\u0131nda kustar \u00fcsulla haz\u0131rlanan partlay\u0131c\u0131 qur\u011funu i\u015f\u0259&hellip;","_links":{"self":[{"href":"https:\/\/arantv.az\/index.php?rest_route=\/wp\/v2\/posts\/539766"}],"collection":[{"href":"https:\/\/arantv.az\/index.php?rest_route=\/wp\/v2\/posts"}],"about":[{"href":"https:\/\/arantv.az\/index.php?rest_route=\/wp\/v2\/types\/post"}],"author":[{"embeddable":true,"href":"https:\/\/arantv.az\/index.php?rest_route=\/wp\/v2\/users\/2"}],"replies":[{"embeddable":true,"href":"https:\/\/arantv.az\/index.php?rest_route=%2Fwp%2Fv2%2Fcomments&post=539766"}],"version-history":[{"count":0,"href":"https:\/\/arantv.az\/index.php?rest_route=\/wp\/v2\/posts\/539766\/revisions"}],"wp:featuredmedia":[{"embeddable":true,"href":"https:\/\/arantv.az\/index.php?rest_route=\/wp\/v2\/media\/539767"}],"wp:attachment":[{"href":"https:\/\/arantv.az\/index.php?rest_route=%2Fwp%2Fv2%2Fmedia&parent=539766"}],"wp:term":[{"taxonomy":"category","embeddable":true,"href":"https:\/\/arantv.az\/index.php?rest_route=%2Fwp%2Fv2%2Fcategories&post=539766"},{"taxonomy":"post_tag","embeddable":true,"href":"https:\/\/arantv.az\/index.php?rest_route=%2Fwp%2Fv2%2Ftags&post=539766"}],"curies":[{"name":"wp","href":"https:\/\/api.w.org\/{rel}","templated":true}]}}