{"id":539770,"date":"2022-11-30T09:38:16","date_gmt":"2022-11-30T06:38:16","guid":{"rendered":"https:\/\/arantv.az\/?p=539770"},"modified":"2022-11-30T09:38:16","modified_gmt":"2022-11-30T06:38:16","slug":"suriyadan-g%c9%99tiril%c9%99n-usaqlarin-sonraki-taleyi-h%c9%99tta-n%c9%99n%c9%99-babalari-imtina-edirl%c9%99r","status":"publish","type":"post","link":"https:\/\/arantv.az\/?p=539770","title":{"rendered":"Suriyadan g\u0259tiril\u0259n u\u015faqlar\u0131n sonrak\u0131 taleyi: h\u0259tta n\u0259n\u0259-babalar\u0131 imtina edirl\u0259r"},"content":{"rendered":"<h3><strong>Ekspert: \u201cH\u0259min u\u015faq v\u0259 yeniyetm\u0259l\u0259r hans\u0131sa qrupla\u015fmalar\u0131n, sektorlar\u0131n i\u00e7\u0259risind\u0259 olublarsa&#8230;\u201d<\/strong><\/h3>\n<p>M\u0259lum oldu\u011fu kimi, d\u00f6vl\u0259t qurumlar\u0131ndan ibar\u0259t n\u00fcmay\u0259nd\u0259 hey\u0259tinin m\u00fc\u015fayi\u0259ti il\u0259 noyabr\u0131n 24-d\u0259 13-\u00fc u\u015faq, 3-\u00fc qad\u0131n olmaqla, Suriyadan 16 n\u0259f\u0259rin \u00f6lk\u0259miz\u0259 repatriasiyas\u0131 h\u0259yata ke\u00e7irilib. \u0130raq v\u0259 Suriyadan Az\u0259rbaycan v\u0259t\u0259nda\u015flar\u0131n\u0131n repatriasiyas\u0131na m\u0259sul olan m\u00fcvafiq d\u00f6vl\u0259t qurumlar\u0131n\u0131n n\u00fcmay\u0259nd\u0259l\u0259ri T\u00fcrkiy\u0259 Respublikas\u0131na ezam olunub, repatriantlar\u0131n ilkin tibbi v\u0259 psixoloji m\u00fcayin\u0259sinin h\u0259yata ke\u00e7irilm\u0259si t\u0259min edilib. Qeyd ed\u0259k ki, bu g\u00fcn\u0259d\u0259k \u0130raq v\u0259 Suriyadan 380 u\u015faq v\u0259 29 qad\u0131n olmaqla, c\u0259mi 409 n\u0259f\u0259r v\u0259t\u0259nda\u015f\u0131m\u0131z\u0131n Az\u0259rbaycana repatriasiyas\u0131 h\u0259yata ke\u00e7irilib.<\/p>\n<p><strong>\u018fm\u0259k v\u0259 \u018fhalinin Sosial M\u00fcdafi\u0259si Nazirliyind\u0259n\u00a0 veril\u0259n m\u0259lumata g\u00f6r\u0259, qeyd olunan \u015f\u0259xsl\u0259rin \u00f6lk\u0259miz\u0259 g\u0259tirilm\u0259si istiqam\u0259tind\u0259 Az\u0259rbaycan h\u00f6kum\u0259ti t\u0259r\u0259find\u0259n g\u00f6r\u00fclm\u00fc\u015f m\u0259rh\u0259l\u0259li t\u0259dbirl\u0259rin davam\u0131 olaraq, h\u0259min \u015f\u0259xsl\u0259r reabilitasiya proqram\u0131na c\u0259lb edilibl\u0259r. Onlar\u0131n reabilitasiyas\u0131 f\u0259rdi plan \u0259sas\u0131nda Sosial Xidm\u0259tl\u0259r Agentliyinin sosial i\u015f\u00e7il\u0259ri v\u0259 psixoloqlar\u0131 t\u0259r\u0259find\u0259n apar\u0131l\u0131r. Reabilitasiya v\u0259 reinteqrasiya t\u0259dbirl\u0259ri aidiyy\u0259ti d\u00f6vl\u0259t qurumlar\u0131 il\u0259 birg\u0259 \u0259m\u0259kda\u015fl\u0131q \u015f\u0259raitind\u0259 h\u0259yata ke\u00e7irilir.<\/strong><\/p>\n<p>Ombudsman\u0131n n\u00fcmay\u0259nd\u0259l\u0259ri is\u0259 noyabr\u0131n 24-d\u0259 Suriyadan g\u0259tiril\u0259n qad\u0131n v\u0259 u\u015faqlarla g\u00f6r\u00fc\u015f\u00fcb. Ombudsman\u0131n n\u00fcmay\u0259nd\u0259l\u0259ri \u018fm\u0259k v\u0259 \u018fhalinin Sosial M\u00fcdafi\u0259si Nazirliyinin tabeliyind\u0259 Sosial Xidm\u0259tl\u0259r Agentliyinin sosial xidm\u0259t m\u00fc\u0259ssis\u0259sin\u0259 yerl\u0259\u015fdirilmi\u015f h\u0259min \u015f\u0259xsl\u0259rl\u0259 g\u00f6r\u00fc\u015f\u0259r\u0259k, onlar\u0131n v\u0259ziyy\u0259ti, psixoloji durumu il\u0259 maraqlan\u0131b, reabilitasiyas\u0131 il\u0259 ba\u011fl\u0131 t\u0259dbirl\u0259r bar\u0259d\u0259 m\u0259lumat al\u0131b, h\u00fcquqlar\u0131n\u0131n t\u0259mini v\u0259ziyy\u0259tini \u00f6yr\u0259nibl\u0259r.<\/p>\n<p>Xat\u0131rladaq ki, \u00f6t\u0259n il Suriya v\u0259 \u0130raqdan da 69 u\u015faq, 12 qad\u0131n\u0131n yeri m\u00fc\u0259yy\u0259n olunaraq \u00f6lk\u0259y\u0259 g\u0259tirilib. 2018-ci ild\u0259n b\u0259ri \u00fcmumilikd\u0259 286 n\u0259f\u0259ri azya\u015fl\u0131 olmaqla, 288 n\u0259f\u0259r Az\u0259rbaycana qaytar\u0131l\u0131b. Bunlardan 2 n\u0259f\u0259ri qad\u0131n olub. 2021-ci ild\u0259 is\u0259 Suriya v\u0259 \u0130raqdan 81 n\u0259f\u0259r Az\u0259rbaycana g\u0259tirilib.<\/p>\n<p>Maraql\u0131d\u0131r, onlar\u0131n\u00a0 reabilitasiya v\u0259 reinteqrasiya prosesi nec\u0259 apar\u0131lmal\u0131d\u0131r? X\u00fcsusil\u0259 qad\u0131nlar\u0131n c\u0259miyy\u0259t\u0259 inteqrasiyas\u0131, u\u015faqlar\u0131n m\u0259kt\u0259bl\u0259r\u0259 c\u0259lb olunmas\u0131 xeyli problemli g\u00f6r\u00fcn\u00fcr. \u00dcst\u0259lik, onlar\u0131n bir \u00e7oxunun atas\u0131 qanunsuz silahl\u0131 d\u0259st\u0259l\u0259rin t\u0259rkibind\u0259 vuru\u015faraq ya h\u0259lak olub, ya da h\u0259bs edilib ki,\u00a0 bu da m\u0259s\u0259l\u0259y\u0259 kifay\u0259t q\u0259d\u0259r h\u0259ssas yana\u015fma t\u0259l\u0259b edir.<\/p>\n<p><img loading=\"lazy\" src=\"https:\/\/mektebgushesi.az\/wp-content\/uploads\/2019\/09\/bae182054a6eb7b6396b312b1b8e362f.jpg\" alt=\"Azad \u0130sazad\u0259: \u201cM\u0259kt\u0259bl\u0259rd\u0259 1-2 psixoloq tap\u0131lar, ya tap\u0131lmaz, halbuki\u2026\u201d\" width=\"698\" height=\"465\" \/><\/p>\n<p><strong>Azad \u0130sazad\u0259<\/strong><\/p>\n<p><strong>M\u00f6vzu il\u0259 ba\u011fl\u0131 tan\u0131nm\u0131\u015f psixoloq Azad \u0130sazad\u0259 \u201cYeni M\u00fcsavat\u201da dan\u0131\u015f\u0131b:<\/strong>\u00a0\u201cH\u0259min qad\u0131n v\u0259 u\u015faqlarla m\u0259\u015f\u011ful olan psixoloqlar\u0131n b\u0259zil\u0259rini tan\u0131y\u0131ram, dey\u0259 bil\u0259r\u0259m ki, bu m\u0259s\u0259l\u0259 il\u0259 ba\u011fl\u0131 \u00e7ox ciddi \u015f\u0259kild\u0259 \u00e7al\u0131\u015f\u0131rlar. Proses t\u0259z\u0259 ba\u015flay\u0131b v\u0259\u00a0 hesab edir\u0259m ki, uzun\u00a0 \u00e7\u0259k\u0259c\u0259k. \u00c7\u00fcnki h\u0259min qad\u0131n v\u0259 u\u015faqlar uzun m\u00fcdd\u0259t ideoloji t\u0259sir alt\u0131na d\u00fc\u015f\u00fcbl\u0259r.\u00a0 Y\u0259ni burada s\u00f6hb\u0259t psixoloji travmadan getmir, ideoloji t\u0259sir alt\u0131na d\u00fc\u015fd\u00fckl\u0259rin\u0259 g\u00f6r\u0259 psixoloqlar onlar\u0131n ideologiyas\u0131na, inam\u0131na, dinin\u0259 toxunmadan real h\u0259yata qaytarma\u011fa, interqrasiya\u00a0 olunmalar\u0131na \u00e7al\u0131\u015fmal\u0131d\u0131rlar. \u00c7\u00fcnki bir ki\u00e7ik t\u0259bli\u011fat ba\u015flasa,\u00a0 onlar d\u0259rhal k\u0259narla\u015facaq v\u0259 kontakt pozulacaq. Ona g\u00f6r\u0259 d\u0259 bu i\u015f\u0259 \u00e7ox ehtiyatla, yava\u015f yana\u015fmaq laz\u0131md\u0131r. Hesab edir\u0259m ki, bu m\u00f6vzu bir m\u00fcdd\u0259t yar\u0131qapal\u0131 qalsa daha yax\u015f\u0131 olar. \u00c7\u00fcnki n\u0259tic\u0259nin n\u0259 olaca\u011f\u0131n\u0131, n\u0259 ba\u015f ver\u0259c\u0259yini bilmirik. B\u0259zi ail\u0259l\u0259r natamamd\u0131r, \u0259ks\u0259riyy\u0259t u\u015faqlar yetimdir, b\u0259z\u0259n n\u0259n\u0259-baba, bibi-xala, \u0259mi-day\u0131 onlara yax\u0131n durmaq ist\u0259mir. H\u0259m\u00e7inin h\u0259min \u015f\u0259xsl\u0259r n\u0259 q\u0259d\u0259r hadis\u0259l\u0259rin canl\u0131 \u015fahidi olub. Bir s\u00f6zl\u0259, bu i\u015f \u00e7ox m\u00fcr\u0259kk\u0259bdir v\u0259 h\u0259r k\u0259s onu yerin\u0259 yetir\u0259 bilm\u0259z, bunun \u00fc\u00e7\u00fcn x\u00fcsusi haz\u0131rl\u0131q olmal\u0131d\u0131r. Psixoloqlar\u0131n \u00f6zl\u0259ri\u00a0 b\u0259z\u0259n bu a\u011f\u0131r i\u015fin i\u00e7ind\u0259 ziyan \u00e7\u0259k\u0259 bilirl\u0259r. Ona g\u00f6r\u0259 d\u0259 bir daha qeyd edir\u0259m ki, bacard\u0131\u011f\u0131m\u0131z q\u0259d\u0259r bu i\u015f\u0259 ehtiyatl\u0131 v\u0259 m\u00fclayim yana\u015fmal\u0131y\u0131q\u201d.<\/p>\n<p>Psixoloq qeyd edib ki, Suriyadan g\u0259tirilmi\u015f u\u015faqlar\u0131n c\u0259miyy\u0259t\u0259 inteqrasiyas\u0131 m\u00fcmk\u00fcnd\u00fcr, o halda ki, reabilitasiya v\u0259 inteqrasiya prosesi d\u00fczg\u00fcn apar\u0131ls\u0131n: \u201cAd\u0259t\u0259n u\u015faq travma ke\u00e7ir\u0259nd\u0259 b\u0259z\u0259n paradoksal reaksiya verir. U\u015faqlar b\u0259z\u0259n bizim \u00e7ox ciddi q\u0259bul etdiyimiz travmaya reaksiya verm\u0259y\u0259, amma \u00e7ox c\u00fczi bir travmaya \u00e7ox ciddi reaksiya ver\u0259 bil\u0259l\u0259r. Ona g\u00f6r\u0259 d\u0259 bu i\u015fl\u0259 m\u00fctl\u0259q pe\u015f\u0259kar, t\u0259liml\u0259r ke\u00e7mi\u015f u\u015faq psixoloqu m\u0259\u015f\u011ful olmal\u0131d\u0131r. \u015e\u0259xs\u0259n m\u0259n bu i\u015fl\u0259 m\u0259\u015f\u011ful ola bilm\u0259r\u0259m, \u00e7\u00fcnki u\u015faq psixoloqu deyil\u0259m. M\u0259n v\u0259 dig\u0259rl\u0259ri yaln\u0131z \u00fcmumi m\u0259s\u0259l\u0259ni m\u00fczakir\u0259 ed\u0259 bil\u0259rik.<\/p>\n<p>Amma qeyd ed\u0259 bil\u0259r\u0259m ki, h\u0259min u\u015faqlar c\u0259miyy\u0259t\u0259 inteqrasiya oluna bil\u0259r. S\u00f6zs\u00fcz ki, h\u0259r bir travman\u0131n izi qal\u0131r, m\u0259s\u0259l\u0259 o izin patoloji v\u0259 yaxud normal qalmas\u0131 il\u0259 ba\u011fl\u0131d\u0131r. Buna bir n\u00fcmun\u0259 dey\u0259 bil\u0259r\u0259m &#8211; h\u0259r birimiz y\u0131x\u0131l\u0131b, \u0259limizi s\u0131nd\u0131ra bil\u0259rik, s\u00fcm\u00fck yerin\u0259 d\u00fczg\u00fcn oturanda h\u0259yata t\u0259rzimiz\u0259 davam edirik v\u0259 b\u0259z\u0259n bunu unuduruq. Amma s\u00fcm\u00fck \u0259yri qalanda, bu, \u00f6m\u00fcr boyu h\u0259yat t\u0259rzimiz\u0259 t\u0259sir edir. \u0130ndi\u00a0 laz\u0131md\u0131r ki, biz \u201cs\u00fcm\u00fcy\u00fc\u201d d\u00fczg\u00fcn birl\u0259\u015fdir\u0259k, u\u015faqlar\u0131n ya\u015fad\u0131\u011f\u0131 d\u0259h\u015f\u0259tl\u0259r, faci\u0259l\u0259r, travmalar onun h\u0259yat\u0131na \u00e7ox da t\u0259sir etm\u0259sin&#8221;.<\/p>\n<p><img loading=\"lazy\" src=\"https:\/\/cdn.oxu.az\/uploads\/W1siZiIsIjIwMTkvMDgvMTEvMTEvMzYvMDIvMGViYTJhMjktMDdlYS00YjZhLTliMjAtZjRkZDExMWM1Mjk3LzY3NTU4MzEwXzEzNjY1ODgyNjM1MDY5MjZfNDgzMjMxNTAyMjM4NDMwMDAzMl9uLmpwZyJdLFsicCIsImVuY29kZSIsImpwZyIsIi1xdWFsaXR5IDgwIl0sWyJwIiwidGh1bWIiLCI1OTB4NTkwXHUwMDNlIl1d?sha=ee9ee89355710cca\" alt=\"Oxu.az - K\u0259mal\u0259 A\u011fazad\u0259: Donmamaq \u00fc\u00e7\u00fcn elektrik \u015fitinin i\u00e7ind\u0259 \u00f6l\u0259n u\u015faqdan  sonra s\u0131\u011f\u0131nacaq yaratd\u0131m - M\u00dcSAH\u0130B\u018f\" width=\"760\" height=\"505\" \/><\/p>\n<p><strong>K\u0259mal\u0259 A\u011fazad\u0259<\/strong><\/p>\n<p><strong>Az\u0259rbaycan U\u015faqlar Birliyinin s\u0259dri K\u0259mal\u0259 A\u011fazad\u0259\u00a0 dedi ki, bu sah\u0259d\u0259 Sosial Xidm\u0259tl\u0259r Agentliyi v\u0259 Ail\u0259 Qad\u0131n v\u0259 U\u015faq Probleml\u0259ri \u00fczr\u0259 D\u00f6vl\u0259t Komit\u0259si reabilitasiya proqram\u0131 h\u0259yata ke\u00e7irm\u0259k \u00fc\u00e7\u00fcn h\u0259tta T\u00fcrkiy\u0259d\u0259n m\u00fct\u0259x\u0259ssisl\u0259r d\u0259v\u0259t etmi\u015fdi:<\/strong>\u00a0\u201cSad\u0259c\u0259, bu proqram daha \u00e7ox Bak\u0131 \u015f\u0259h\u0259ri v\u0259 Sumqay\u0131t\u0131 \u0259hat\u0259 etmi\u015fdi. Amma \u015f\u0259xs\u0259n m\u0259nim \u00fc\u00e7\u00fcn d\u0259 sual olaraq qald\u0131 ki, ax\u0131 h\u0259min qad\u0131n v\u0259 u\u015faqlar\u0131n, yeniyetm\u0259l\u0259rin aras\u0131nda regiondan olanlar da var idi, bu proqramla regionlar\u0131 da \u0259hat\u0259 ed\u0259 bildil\u0259rmi? H\u0259l\u0259 d\u0259 bu suala cavab tapa bilm\u0259mi\u015f\u0259m. Qeyd edim ki, insan alveri haqda qanunda terror qruplar\u0131na c\u0259lb olunan u\u015faqlar v\u0259 ya b\u00f6y\u00fck insanlar inteqrasiyadan ke\u00e7dil\u0259rmi? Bununla ba\u011fl\u0131 \u00d6zb\u0259kistan t\u0259cr\u00fcb\u0259si var. Bu t\u0259cr\u00fcb\u0259 onu g\u00f6st\u0259rir ki, u\u015faqlar\u0131n \u015firnikl\u0259ndirilib apar\u0131lmas\u0131 m\u0259s\u0259l\u0259si var. Do\u011frudur, \u00d6zb\u0259kistanda biz\u0259 dedil\u0259r ki, bu faktlar \u00f6z t\u0259sdiqini tapmay\u0131b, lakin QHT n\u00fcmay\u0259nd\u0259l\u0259ri\u00a0 bildirdil\u0259r ki, h\u0259qiq\u0259t\u0259n d\u0259 h\u0259min u\u015faqlar\u0131n aras\u0131nda insan alverinin qurban\u0131 kimi tan\u0131nanlar da var.\u00a0 H\u0259min u\u015faq v\u0259 yeniyetm\u0259l\u0259rl\u0259 i\u015f prosesi bir ay\u0131n, bir ilin i\u015fi deyil, bu proses uzunm\u00fcdd\u0259tli apar\u0131lmal\u0131d\u0131r. \u00c7\u00fcnki h\u0259min \u015f\u0259xsl\u0259r\u00a0 uzun m\u00fcdd\u0259t terrorun, m\u00fcharib\u0259nin i\u00e7\u0259risind\u0259 olub. Bu bax\u0131mdan hesab edir\u0259m ki, onlarla davaml\u0131 olaraq i\u015f apar\u0131lmal\u0131\u00a0 v\u0259 burada t\u0259hl\u00fck\u0259sizlik m\u0259s\u0259l\u0259l\u0259ri il\u0259 ba\u011fl\u0131 h\u00fcquq qurumlar\u0131n\u0131n da rolu dan\u0131lmazd\u0131r\u201d.<\/p>\n<p>&nbsp;<\/p>\n<p><strong>K\u0259mal\u0259 A\u011fazad\u0259nin s\u00f6zl\u0259rin\u0259 g\u00f6r\u0259, ya\u015fad\u0131\u011f\u0131 travmalar x\u00fcsus\u0259n d\u0259 daha \u00e7ox u\u015faqlar\u0131n \u015f\u00fcuralt\u0131na hopdu\u011fu \u00fc\u00e7\u00fcn h\u0259min travmalar\u0131 aradan qald\u0131rmaq, onlar\u0131n c\u0259miyy\u0259t\u0259 inteqrasiya oluna bilm\u0259si ald\u0131qlar\u0131 reabilitasiya proqramlar\u0131ndan as\u0131l\u0131d\u0131r:<\/strong>\u00a0\u201cBel\u0259 \u00e7\u0131x\u0131r ki, burada m\u0259suliyy\u0259t birba\u015fa h\u0259min reabilitasiya ke\u00e7\u0259nl\u0259rin \u00fcz\u0259rin\u0259 d\u00fc\u015f\u00fcr. X\u00fcsus\u0259n d\u0259 \u0259g\u0259r h\u0259min u\u015faqlar v\u0259 yeniyetm\u0259l\u0259r hans\u0131sa qrupla\u015fmalar\u0131n, sektorlar\u0131n i\u00e7\u0259risind\u0259 olublarsa, m\u00fctl\u0259q \u015f\u0259kild\u0259 onlar daima n\u0259zar\u0259td\u0259 saxlan\u0131lmal\u0131d\u0131r\u201d.<\/p>\n","protected":false},"excerpt":{"rendered":"<p>Ekspert: \u201cH\u0259min u\u015faq v\u0259 yeniyetm\u0259l\u0259r hans\u0131sa qrupla\u015fmalar\u0131n, sektorlar\u0131n i\u00e7\u0259risind\u0259 olublarsa&#8230;\u201d M\u0259lum oldu\u011fu kimi, d\u00f6vl\u0259t qurumlar\u0131ndan ibar\u0259t n\u00fcmay\u0259nd\u0259 hey\u0259tinin m\u00fc\u015fayi\u0259ti il\u0259 noyabr\u0131n 24-d\u0259 13-\u00fc u\u015faq, 3-\u00fc qad\u0131n olmaqla, Suriyadan 16 n\u0259f\u0259rin \u00f6lk\u0259miz\u0259 repatriasiyas\u0131 h\u0259yata ke\u00e7irilib. \u0130raq v\u0259 Suriyadan Az\u0259rbaycan v\u0259t\u0259nda\u015flar\u0131n\u0131n repatriasiyas\u0131na m\u0259sul olan m\u00fcvafiq d\u00f6vl\u0259t qurumlar\u0131n\u0131n n\u00fcmay\u0259nd\u0259l\u0259ri T\u00fcrkiy\u0259 Respublikas\u0131na ezam olunub, repatriantlar\u0131n ilkin tibbi v\u0259 psixoloji m\u00fcayin\u0259sinin h\u0259yata ke\u00e7irilm\u0259si t\u0259min edilib. Qeyd ed\u0259k ki, bu g\u00fcn\u0259d\u0259k \u0130raq v\u0259 Suriyadan 380 u\u015faq v\u0259 29 qad\u0131n olmaqla, c\u0259mi 409 n\u0259f\u0259r v\u0259t\u0259nda\u015f\u0131m\u0131z\u0131n Az\u0259rbaycana repatriasiyas\u0131 h\u0259yata ke\u00e7irilib. \u018fm\u0259k v\u0259 \u018fhalinin Sosial M\u00fcdafi\u0259si Nazirliyind\u0259n\u00a0 veril\u0259n m\u0259lumata&hellip;<\/p>\n","protected":false},"author":2,"featured_media":539771,"comment_status":"closed","ping_status":"closed","sticky":false,"template":"","format":"standard","meta":{"om_disable_all_campaigns":false,"_monsterinsights_skip_tracking":false,"_monsterinsights_sitenote_active":false,"_monsterinsights_sitenote_note":"","_monsterinsights_sitenote_category":0},"categories":[19],"tags":[],"aioseo_notices":[],"gutentor_comment":0,"rttpg_featured_image_url":{"full":["https:\/\/arantv.az\/wp-content\/uploads\/2022\/11\/b58abcebcd22e0260742fed7445d7daf.jpg",870,500,false],"landscape":["https:\/\/arantv.az\/wp-content\/uploads\/2022\/11\/b58abcebcd22e0260742fed7445d7daf.jpg",870,500,false],"portraits":["https:\/\/arantv.az\/wp-content\/uploads\/2022\/11\/b58abcebcd22e0260742fed7445d7daf.jpg",870,500,false],"thumbnail":["https:\/\/arantv.az\/wp-content\/uploads\/2022\/11\/b58abcebcd22e0260742fed7445d7daf-500x280.jpg",500,280,true],"medium":["https:\/\/arantv.az\/wp-content\/uploads\/2022\/11\/b58abcebcd22e0260742fed7445d7daf-635x365.jpg",635,365,true],"large":["https:\/\/arantv.az\/wp-content\/uploads\/2022\/11\/b58abcebcd22e0260742fed7445d7daf-840x483.jpg",640,368,true],"1536x1536":["https:\/\/arantv.az\/wp-content\/uploads\/2022\/11\/b58abcebcd22e0260742fed7445d7daf.jpg",870,500,false],"2048x2048":["https:\/\/arantv.az\/wp-content\/uploads\/2022\/11\/b58abcebcd22e0260742fed7445d7daf.jpg",870,500,false],"post-thumbnail":["https:\/\/arantv.az\/wp-content\/uploads\/2022\/11\/b58abcebcd22e0260742fed7445d7daf-240x172.jpg",240,172,true],"advps-thumb-one":["https:\/\/arantv.az\/wp-content\/uploads\/2022\/11\/b58abcebcd22e0260742fed7445d7daf.jpg",870,500,false]},"rttpg_author":{"display_name":"V\u00fcsal Rafiqo\u011flu","author_link":"https:\/\/arantv.az\/?author=2"},"rttpg_comment":0,"rttpg_category":"<a href=\"https:\/\/arantv.az\/?cat=19\" rel=\"category\">G\u00fcnd\u0259m<\/a>","rttpg_excerpt":"Ekspert: \u201cH\u0259min u\u015faq v\u0259 yeniyetm\u0259l\u0259r hans\u0131sa qrupla\u015fmalar\u0131n, sektorlar\u0131n i\u00e7\u0259risind\u0259 olublarsa&#8230;\u201d M\u0259lum oldu\u011fu kimi, d\u00f6vl\u0259t qurumlar\u0131ndan ibar\u0259t n\u00fcmay\u0259nd\u0259 hey\u0259tinin m\u00fc\u015fayi\u0259ti il\u0259 noyabr\u0131n 24-d\u0259 13-\u00fc u\u015faq, 3-\u00fc qad\u0131n olmaqla, Suriyadan 16 n\u0259f\u0259rin \u00f6lk\u0259miz\u0259 repatriasiyas\u0131 h\u0259yata ke\u00e7irilib. \u0130raq v\u0259 Suriyadan Az\u0259rbaycan v\u0259t\u0259nda\u015flar\u0131n\u0131n repatriasiyas\u0131na m\u0259sul olan m\u00fcvafiq d\u00f6vl\u0259t qurumlar\u0131n\u0131n n\u00fcmay\u0259nd\u0259l\u0259ri T\u00fcrkiy\u0259 Respublikas\u0131na ezam olunub, repatriantlar\u0131n ilkin tibbi v\u0259 psixoloji&hellip;","_links":{"self":[{"href":"https:\/\/arantv.az\/index.php?rest_route=\/wp\/v2\/posts\/539770"}],"collection":[{"href":"https:\/\/arantv.az\/index.php?rest_route=\/wp\/v2\/posts"}],"about":[{"href":"https:\/\/arantv.az\/index.php?rest_route=\/wp\/v2\/types\/post"}],"author":[{"embeddable":true,"href":"https:\/\/arantv.az\/index.php?rest_route=\/wp\/v2\/users\/2"}],"replies":[{"embeddable":true,"href":"https:\/\/arantv.az\/index.php?rest_route=%2Fwp%2Fv2%2Fcomments&post=539770"}],"version-history":[{"count":0,"href":"https:\/\/arantv.az\/index.php?rest_route=\/wp\/v2\/posts\/539770\/revisions"}],"wp:featuredmedia":[{"embeddable":true,"href":"https:\/\/arantv.az\/index.php?rest_route=\/wp\/v2\/media\/539771"}],"wp:attachment":[{"href":"https:\/\/arantv.az\/index.php?rest_route=%2Fwp%2Fv2%2Fmedia&parent=539770"}],"wp:term":[{"taxonomy":"category","embeddable":true,"href":"https:\/\/arantv.az\/index.php?rest_route=%2Fwp%2Fv2%2Fcategories&post=539770"},{"taxonomy":"post_tag","embeddable":true,"href":"https:\/\/arantv.az\/index.php?rest_route=%2Fwp%2Fv2%2Ftags&post=539770"}],"curies":[{"name":"wp","href":"https:\/\/api.w.org\/{rel}","templated":true}]}}