{"id":539773,"date":"2022-11-30T09:48:18","date_gmt":"2022-11-30T06:48:18","guid":{"rendered":"https:\/\/arantv.az\/?p=539773"},"modified":"2022-11-30T09:48:18","modified_gmt":"2022-11-30T06:48:18","slug":"rusiya-sulhm%c9%99ramlilarina-bmt-mandati-vardanyan-moskvanin-%c9%99sas-kartini-acdi","status":"publish","type":"post","link":"https:\/\/arantv.az\/?p=539773","title":{"rendered":"Rusiya s\u00fclhm\u0259raml\u0131lar\u0131na BMT mandat\u0131? &#8211; Vardanyan Moskvan\u0131n \u0259sas \u201ckart\u0131n\u0131\u201d a\u00e7d\u0131"},"content":{"rendered":"<p><strong>Onun \u201c\u0259n d\u00fczg\u00fcn q\u0259rar Rusiya s\u00fclhm\u0259raml\u0131lar\u0131na beyn\u0259lxalq BMT mandat\u0131n\u0131n verilm\u0259si ola bil\u0259r\u201d fikri\u00a0 birba\u015fa Moskvan\u0131n maraqlar\u0131na cavab verir v\u0259 Kremlin sifari\u015fi il\u0259 ortaya at\u0131ld\u0131\u011f\u0131 \u015f\u00fcbh\u0259 do\u011furmur\u00a0\u00a0<\/strong><\/p>\n<p><em>Qaraba\u011f separat\u00e7\u0131lar\u0131n\u0131n \u201cd\u00f6vl\u0259t naziri\u201d, rusiyal\u0131 milyarder Ruben Vardanyan RTVI telekanal\u0131na m\u00fcsahib\u0259sind\u0259 \u201cg\u0259l\u0259c\u0259k planlar\u0131\u201d haqda dan\u0131\u015f\u0131b. Vardanyan deyib ki, onun Qaraba\u011fa g\u0259li\u015fi v\u0259 \u201cv\u0259zif\u0259y\u0259\u201d t\u0259yin olunmas\u0131 ham\u0131n\u0131n unuda bil\u0259c\u0259yi \u201cartsax m\u00f6vzusu\u201dnu daha da aktualla\u015fd\u0131r\u0131b.<\/em><\/p>\n<p>\u201c\u0130ndi Qaraba\u011fda ba\u015f ver\u0259n h\u0259r \u015fey Rusiya, Erm\u0259nistan, Az\u0259rbaycan v\u0259 d\u00fcnya m\u0259tbuat\u0131nda m\u00fczakir\u0259 m\u00f6vzusuna \u00e7evrilir\u201d, &#8211; Vardanyan vur\u011fulay\u0131b. Onun s\u00f6zl\u0259rin\u0259 g\u00f6r\u0259, Qaraba\u011f separat\u00e7\u0131lar\u0131n\u0131n ba\u015f\u00e7\u0131s\u0131 Araik Arutyunyanla raz\u0131la\u015fmas\u0131 var ki, Xank\u0259ndid\u0259ki qondarma \u201ch\u00f6kum\u0259t strukturunda\u201d islahatlar apar\u0131ls\u0131n. Milyarderin fikrinc\u0259, Xank\u0259ndid\u0259 \u00f6z\u00fcn\u00fcn vahid komandas\u0131n\u0131n formala\u015fd\u0131r\u0131lmas\u0131 z\u0259ruridir. Rusiyal\u0131 milyarder Qaraba\u011fa k\u00f6\u00e7m\u0259sin\u0259 reaksiyan\u0131 \u015f\u0259rh ed\u0259rk\u0259n deyib ki, guya bu q\u0259rar\u0131 he\u00e7 kimin g\u00f6st\u0259ri\u015fi olmadan, ail\u0259si il\u0259 birg\u0259 verib. \u201cM\u0259n h\u0259mi\u015f\u0259 Rusiya v\u0259t\u0259nda\u015f\u0131 olmu\u015fam, amma dig\u0259r t\u0259r\u0259fd\u0259n d\u0259 b\u00fct\u00fcn d\u00fcnyada i\u015fl\u0259mi\u015f\u0259m\u201d dey\u0259n Vardanyan\u0131n s\u00f6zl\u0259rin\u0259 g\u00f6r\u0259, Rusiya, \u0130ngilt\u0259r\u0259, Amerika, Kipr, Ukrayna, Qazax\u0131stan kimi \u00f6lk\u0259l\u0259rd\u0259 50-d\u0259n \u00e7ox biznes t\u0259\u015fkilat\u0131 qurub. Qaraba\u011fdak\u0131 planlar\u0131ndan dan\u0131\u015fan Vardanyan bildirib ki, b\u00fct\u00fcn sah\u0259l\u0259ri \u0259hat\u0259 ed\u0259n 15-\u0259 yax\u0131n islahat h\u0259yata ke\u00e7irm\u0259y\u0259 haz\u0131rla\u015f\u0131r &#8211; h\u0259rbid\u0259n tutmu\u015f iqtisadiyyata q\u0259d\u0259r. Onun s\u00f6zl\u0259rin\u0259 g\u00f6r\u0259, 44 g\u00fcnl\u00fck m\u00fcharib\u0259 n\u0259tic\u0259sind\u0259 m\u00fch\u00fcm \u0259razil\u0259rin Az\u0259rbaycan\u0131n n\u0259zar\u0259tin\u0259 ke\u00e7m\u0259sin\u0259 baxmayaraq, k\u0259nd t\u0259s\u0259rr\u00fcfat\u0131 separat\u00e7\u0131lar \u00fc\u00e7\u00fcn apar\u0131c\u0131 sah\u0259dir. Ruben Vardanyan Erm\u0259nistan\u0131n ba\u015f naziri Nikol Pa\u015finyanla m\u00fcnasib\u0259tl\u0259ri bar\u0259d\u0259 d\u0259 dan\u0131\u015f\u0131b. O, Pa\u015finyanla ilk d\u0259f\u0259 2018-ci ild\u0259, m\u0259xm\u0259ri inqilabdan sonra g\u00f6r\u00fc\u015fd\u00fcy\u00fcn\u00fc bildirib. \u201cOna dedim ki, m\u0259ni narahat ed\u0259n, h\u0259yat t\u0259rzimi d\u0259yi\u015fm\u0259y\u0259 haz\u0131r oldu\u011fum yegan\u0259 m\u00f6vzu &#8220;artsax&#8221;d\u0131r. M\u0259n ona a\u00e7\u0131q demi\u015f\u0259m ki, m\u0259n he\u00e7 vaxt \u0259vv\u0259lki prezidentl\u0259rin siyasi f\u0259aliyy\u0259tin\u0259 qar\u0131\u015fmam\u0131\u015fam v\u0259 indi d\u0259 qar\u0131\u015fmaq fikrind\u0259 deyil\u0259m, amma &#8220;artsax&#8221; m\u0259nim \u00fc\u00e7\u00fcn q\u0131rm\u0131z\u0131 x\u0259tdir\u201d, &#8211; Vardanyan bildirib.<\/p>\n<p>O vur\u011fulay\u0131b ki, o, erm\u0259ni elitas\u0131n\u0131n Qaraba\u011fla ba\u011fl\u0131 bigan\u0259liyini q\u0259buledilm\u0259z say\u0131r. Milyarder qeyd edib ki, onun Erm\u0259nistan\u0131n haz\u0131rk\u0131 ba\u015f naziri il\u0259 \u201ci\u015f\u00e7i m\u00fcnasib\u0259tl\u0259ri\u201d var. Vardanyan deyib ki, Qaraba\u011fdak\u0131 Rusiya s\u00fclhm\u0259raml\u0131lar\u0131n\u0131n mandat\u0131n\u0131n uzad\u0131lmas\u0131, onlar\u0131n say\u0131n\u0131n art\u0131r\u0131lmas\u0131 v\u0259 statusunun daha d\u0259qiq m\u00fc\u0259yy\u0259nl\u0259\u015fdirilm\u0259si m\u0259s\u0259l\u0259sini h\u0259ll etm\u0259k laz\u0131md\u0131r. Onun s\u00f6zl\u0259rin\u0259 g\u00f6r\u0259, \u0259n d\u00fczg\u00fcn q\u0259rar Rusiya s\u00fclhm\u0259raml\u0131lar\u0131na beyn\u0259lxalq BMT mandat\u0131n\u0131n verilm\u0259si ola bil\u0259r. \u201cBu m\u0259s\u0259l\u0259l\u0259r m\u00fcmk\u00fcn q\u0259d\u0259r tez h\u0259ll edilm\u0259lidir, \u00e7\u00fcnki Rusiya s\u00fclhm\u0259raml\u0131 kontingentinin birinci m\u00fcdd\u0259tinin ba\u015fa \u00e7atmas\u0131na c\u0259mi 2,5 il qal\u0131r\u201d. Vardanyan vur\u011fulay\u0131b ki, Qaraba\u011f m\u0259s\u0259l\u0259si beyn\u0259lxalq vasit\u0259\u00e7il\u0259rin i\u015ftirak\u0131 il\u0259 ayr\u0131ca dan\u0131\u015f\u0131qlar rejimind\u0259 h\u0259ll edilm\u0259lidir.<\/p>\n<p>G\u00f6r\u00fcnd\u00fcy\u00fc kimi, Vardanyan \u201cq\u0131rm\u0131z\u0131 x\u0259tti\u201d ke\u00e7ir v\u0259 \u201ch\u0259rbid\u0259n tutmu\u015f iqtisadiyyata q\u0259d\u0259r\u201d islahatlar v\u0259d edir. Onun \u201c\u0259n d\u00fczg\u00fcn q\u0259rar Rusiya s\u00fclhm\u0259raml\u0131lar\u0131na beyn\u0259lxalq BMT mandat\u0131n\u0131n verilm\u0259si ola bil\u0259r\u201d fikri d\u0259 birba\u015fa Moskvan\u0131n maraqlar\u0131na cavab verir v\u0259 Kremlin sifari\u015fi il\u0259 ortaya at\u0131ld\u0131\u011f\u0131 \u015f\u00fcbh\u0259 do\u011furmur.<\/p>\n<p><img loading=\"lazy\" src=\"https:\/\/stm.az\/storage\/writer\/1638858573.263749188_960350364578996_8456581009528294572_n.jpg\" alt=\"Pelosi gedir, yerin\u0259 Pelosi-2 g\u0259lir? - Erm\u0259nil\u0259rin AB\u015e sar\u0131dan  arxay\u0131n\u00e7\u0131l\u0131\u011f\u0131n\u0131n s\u0259b\u0259bi\" width=\"824\" height=\"1088\" \/><\/p>\n<p><strong>\u015e\u0259hla C\u0259lilzad\u0259<\/strong><\/p>\n<p><strong>Beyn\u0259lxalq m\u00fcnasib\u0259tl\u0259r \u00fczr\u0259 \u015f\u0259rh\u00e7i \u015e\u0259hla C\u0259lilzad\u0259 Vardanyan\u0131n \u00f6nc\u0259ki m\u00fcsahib\u0259l\u0259rini oxudu\u011funu v\u0259\u00a0\u00a0 b\u0259zi sitatlar\u0131 diqq\u0259t\u0259 \u00e7atd\u0131raraq dedi ki, erm\u0259ni separat\u00e7\u0131s\u0131n\u0131n fikirl\u0259rini v\u0259 son iki ild\u0259ki f\u0259aliyy\u0259tini ard\u0131c\u0131l olaraq izl\u0259yib analiz etdikd\u0259 onun Az\u0259rbaycan\u0131n b\u00f6lg\u0259d\u0259 yaratd\u0131\u011f\u0131 reall\u0131qlar\u0131 erm\u0259nil\u0259rin xeyrin\u0259 d\u0259yi\u015fm\u0259k \u00fc\u00e7\u00fcn, o c\u00fcml\u0259d\u0259n Qaraba\u011f\u0131n \u201cm\u00fcst\u0259qilliyinin t\u0259min edilm\u0259si\u201d \u00fc\u00e7\u00fcn erm\u0259ni diasporu t\u0259r\u0259find\u0259n t\u0259yin olunan, g\u00fccl\u00fc iqtisadi imkanlar\u0131 v\u0259 iddialar\u0131 olan siyasi fiqur oldu\u011fu \u00fcz\u0259 \u00e7\u0131x\u0131r:<\/strong>\u00a0\u201cO, Qaraba\u011f\u0131n &#8220;m\u00fcst\u0259qilliyinin qorunmas\u0131n\u0131&#8221; Rusiyan\u0131n t\u0259hl\u00fck\u0259sizlik \u00e7\u0259tiri alt\u0131nda m\u00fcmk\u00fcn g\u00f6r\u00fcr. Bu bax\u0131mdan, onun \u201cm\u00fcharib\u0259 m\u0259s\u0259l\u0259nin h\u0259ll yolu deyil\u201d dem\u0259si \u0259slind\u0259 n\u00f6vb\u0259ti bir ne\u00e7\u0259 on illik \u00fc\u00e7\u00fcn taym-aut g\u00f6t\u00fcrm\u0259k v\u0259 \u00fcmumd\u00fcnya erm\u0259ni\u00e7iliyinin g\u00fcc\u00fcn\u00fc Qaraba\u011fda s\u0259f\u0259rb\u0259r ed\u0259r\u0259k, Az\u0259rbaycana qar\u015f\u0131 yeni reall\u0131qlar yaratmaq dem\u0259kdir. Az\u0259rbaycan q\u0259tiyy\u0259n \u00fcmumd\u00fcnya erm\u0259ni\u00e7iliyin\u0259 bel\u0259 bir imkan\u0131 t\u0259qdim etm\u0259m\u0259li, Vardanyan v\u0259 onun himay\u0259\u00e7i q\u00fcvv\u0259l\u0259rin\u0259 Qaraba\u011fda separatizmin k\u00f6k\u00fcn\u00fc d\u0259rinl\u0259\u015fdirm\u0259y\u0259 mane olmal\u0131d\u0131r. Bunun \u00fc\u00e7\u00fcn ilkin olaraq n\u00f6vb\u0259ti antiterror \u0259m\u0259liyyat\u0131 il\u0259 La\u00e7\u0131n koridorunun ba\u011flanmas\u0131, Qaraba\u011fdak\u0131 qeyri-qanuni erm\u0259ni silahl\u0131 birl\u0259\u015fm\u0259l\u0259rin bird\u0259f\u0259lik m\u0259hv olunmas\u0131, 2025-ci ild\u0259 rus s\u00fclhm\u0259raml\u0131lar\u0131n\u0131n mandat\u0131n\u0131n uzad\u0131lmamas\u0131 v\u0259 qondarma rejimin beyn\u0259lxalq dan\u0131\u015f\u0131qlarda i\u015ftirak\u0131n\u0131n \u0259ng\u0259ll\u0259nm\u0259si, b\u00f6lg\u0259nin iqtisadi-siyasi reinteqrasiyas\u0131 \u00fc\u00e7\u00fcn m\u00fcvafiq layih\u0259l\u0259rin h\u0259yata ke\u00e7irilm\u0259si z\u0259ruridir&#8221;.<\/p>\n<p><img loading=\"lazy\" src=\"https:\/\/ovqat.com\/uploads\/posts\/2020-01\/1580299744_1579290479_dsc00752.jpg\" alt=\"R\u0259\u015fad Bayramov: \u201cPulsuz s\u0259hiyy\u0259 ka\u011f\u0131z \u00fcz\u0259rind\u0259dir\u201d\/ El\u00e7in Qurbanov: \u201cTibbi  xidm\u0259tl\u0259rd\u0259 \u018fDV-nin vergi d\u0259r\u0259c\u0259l\u0259ri azald\u0131ls\u0131n!\u201d \u00bb Siam.az\" width=\"533\" height=\"800\" \/><\/p>\n<p><strong>R\u0259\u015fad Bayramov<\/strong><\/p>\n<p><strong>AM\u0130P M\u0259rk\u0259zi \u015euras\u0131n\u0131n s\u0259dri, politoloq R\u0259\u015fad Bayramov bildirdi ki, Vardanyan\u0131n Rusiya v\u0259t\u0259nda\u015fl\u0131\u011f\u0131ndan guya imtina etdiyini b\u0259yan ed\u0259r\u0259k Qaraba\u011fa k\u00f6\u00e7m\u0259si ideyas\u0131n\u0131n arxas\u0131nda r\u0259smi Moskvan\u0131n dayand\u0131\u011f\u0131 \u00e7oxdan m\u0259lumdur:<\/strong>\u00a0\u201cB\u00fct\u00fcn varidat\u0131n\u0131 Rusiyada qazanan, Rusiyan\u0131n siyasi elitas\u0131 il\u0259 kifay\u0259t q\u0259d\u0259r yax\u015f\u0131 m\u00fcnasib\u0259tl\u0259ri olan, h\u0259min oliqarxlar\u0131n r\u00fc\u015fv\u0259t v\u0259 korrupsiya yolu il\u0259 \u0259ld\u0259 etdiyi \u00e7irkli pullar\u0131n yuyulmas\u0131nda ba\u015f oyun\u00e7u olmu\u015f Vardanyan\u0131n bird\u0259n-bir\u0259 Qaraba\u011fa k\u00f6\u00e7m\u0259sini b\u0259yan etm\u0259si t\u0259bii ki, t\u0259sad\u00fcfi deyildi. R\u0259smi Moskva \u00f6z\u00fcn\u00fcn Erm\u0259nistandak\u0131 \u0259n\u0259n\u0259vi oyun\u00e7ular\u0131n\u0131n xalq t\u0259r\u0259find\u0259n d\u0259st\u0259kl\u0259nm\u0259diyini g\u00f6rd\u00fcy\u00fc \u00fc\u00e7\u00fcn Vardanyan kart\u0131n\u0131 i\u015f\u0259 salm\u0131\u015fd\u0131.<\/p>\n<p>Vardanyan\u0131n missiyas\u0131n\u0131n n\u0259d\u0259n ibar\u0259t oldu\u011funu \u0259slind\u0259 o \u00f6z\u00fc el\u0259 ilk a\u00e7\u0131qlamas\u0131nda, y\u0259ni Qaraba\u011fa k\u00f6\u00e7m\u0259kl\u0259 ba\u011fl\u0131 verdiyi b\u0259yanatda a\u00e7\u0131qlam\u0131\u015fd\u0131. O demi\u015fdi ki, \u201c\u0259sas funksiyam h\u0259m idar\u0259\u00e7ilik, h\u0259m d\u0259 maliyy\u0259 \u0259laq\u0259l\u0259rimd\u0259n, o c\u00fcml\u0259d\u0259n dan\u0131\u015f\u0131qlar aparma\u011f\u0131 bil\u0259n bir insan kimi imkanlar\u0131mdan istifad\u0259 etm\u0259kdir ki, son d\u0259r\u0259c\u0259 \u00e7\u0259tin v\u0259ziyy\u0259t \u015f\u0259raitind\u0259 d\u0259rin uzunm\u00fcdd\u0259tli m\u00fcnaqi\u015f\u0259 n\u0259tic\u0259sind\u0259 minl\u0259rl\u0259 ildir erm\u0259nil\u0259rin Qaraba\u011fda ya\u015fad\u0131\u011f\u0131 torpaqlar\u0131n\u0131 saxlamas\u0131 \u00fc\u00e7\u00fcn h\u0259r \u015feyi edim\u201d. Y\u0259ni ba\u015fqa s\u00f6zl\u0259 des\u0259k, Vardanyan n\u0259yin bahas\u0131na olursa-olsun separat\u00e7\u0131 rejimin n\u0259zar\u0259tind\u0259 olan \u0259razil\u0259r \u00fcz\u0259rind\u0259 Az\u0259rbaycan\u0131n h\u00fcququnun t\u0259min olunmas\u0131na imkan verm\u0259y\u0259c\u0259yini b\u0259yan etmi\u015fdi. T\u0259bii ki, Rusiyan\u0131n k\u00f6m\u0259yi olmadan Vardanyan\u0131n bel\u0259 bir missiyan\u0131 h\u0259yata ke\u00e7ir\u0259 bil\u0259c\u0259yini d\u00fc\u015f\u00fcnm\u0259k bel\u0259 m\u00fcmk\u00fcn deyil. Odur ki, Vardanyan da m\u0259hz Rusiyan\u0131n maraqlar\u0131n\u0131 t\u0259min etm\u0259k \u00fc\u00e7\u00fcn ona verilmi\u015f tap\u015f\u0131r\u0131qlar\u0131n icras\u0131 il\u0259 m\u0259\u015f\u011fuldur.<\/p>\n<p>G\u00f6r\u00fcn\u0259n odur ki, ayr\u0131-ayr\u0131 Q\u0259rb \u00f6lk\u0259l\u0259ri il\u0259 d\u0259 biznes \u0259laq\u0259l\u0259ri olan Vardanyan\u0131n Q\u0259rb dair\u0259l\u0259rind\u0259 d\u0259 s\u0131caq qar\u015f\u0131lanaca\u011f\u0131n\u0131 bil\u0259n Rusiya onun vasit\u0259sil\u0259 Rusiya v\u0259 Q\u0259rbin Qaraba\u011fla ba\u011fl\u0131 maraqlar\u0131n\u0131 uzla\u015fd\u0131rmaq niyy\u0259tind\u0259dir. Burada is\u0259 \u0259n vacib m\u0259s\u0259l\u0259 Rusiya s\u00fclhm\u0259raml\u0131lar\u0131na beyn\u0259lxalq mandat\u0131n verilm\u0259sidir. Rusiya d\u00fc\u015f\u00fcn\u00fcr ki, bel\u0259 bir mandat ona indi m\u00fcv\u0259qq\u0259ti olaraq yerl\u0259\u015fdiyi \u0259razil\u0259rd\u0259 uzun m\u00fcdd\u0259t qalmaq imkan\u0131 tan\u0131yacaq. \u0130ndiki halda is\u0259 onlar\u0131n h\u0259r hans\u0131 bir mandat\u0131 yoxdur v\u0259 Az\u0259rbaycan \u0259razil\u0259rind\u0259 m\u00fcv\u0259qq\u0259ti yerl\u0259\u015fm\u0259l\u0259ri il\u0259 ba\u011fl\u0131 m\u0259s\u0259l\u0259 h\u0259tta Az\u0259rbaycan Respublikas\u0131 Qanunverici orqan\u0131nda bel\u0259 t\u0259sdiql\u0259nm\u0259yib. Y\u0259ni ba\u015fqa s\u00f6zl\u0259 des\u0259k, s\u00fclhm\u0259raml\u0131 adlanan Rusiya kontingentinin Az\u0259rbaycan \u0259razil\u0259rind\u0259n \u00e7\u0131xar\u0131lmas\u0131 t\u0259l\u0259bini ist\u0259nil\u0259n vaxt ir\u0259li s\u00fcrm\u0259k olar. \u018fn pis halda onlar\u0131n \u0259razil\u0259rimizd\u0259 qalmas\u0131 10 noyabr \u00fc\u00e7t\u0259r\u0259fli b\u0259yanat\u0131nda g\u00f6st\u0259rildiyi m\u00fcdd\u0259td\u0259 bit\u0259c\u0259k.<\/p>\n<p>Rusiya s\u00fclhm\u0259raml\u0131lar\u0131n\u0131n davran\u0131\u015flar\u0131, erm\u0259ni separat\u00e7\u0131lar\u0131n\u0131 d\u0259st\u0259kl\u0259y\u0259n h\u0259r\u0259k\u0259tl\u0259ri, La\u00e7\u0131n d\u0259hlizind\u0259n silah v\u0259 texnika da\u015f\u0131nmas\u0131 \u00fc\u00e7\u00fcn istifad\u0259 etdikl\u0259ri, el\u0259c\u0259 d\u0259 Rusiyan\u0131n r\u0259smi dair\u0259l\u0259rinin Az\u0259rbaycan t\u0259r\u0259finin etirazlar\u0131na baxmayaraq h\u0259l\u0259 d\u0259 \u0259razil\u0259rimizin adlar\u0131n\u0131 erm\u0259ni m\u0259nb\u0259l\u0259ri \u0259sas\u0131nda yazmas\u0131, \u0259razil\u0259rimizd\u0259 \u00f6zba\u015f\u0131na kils\u0259 tikm\u0259si, Rusiya icmas\u0131, Rusiya m\u0259rk\u0259zi a\u00e7mas\u0131 onu g\u00f6st\u0259rir ki, onlar\u0131n \u0259razil\u0259rimizd\u0259 qalma m\u00fcdd\u0259ti he\u00e7 bir \u015f\u0259kild\u0259 uzad\u0131lmayacaq. B\u00fct\u00fcn bunlar\u0131 Rusiya da ba\u015fa d\u00fc\u015fd\u00fcy\u00fc \u00fc\u00e7\u00fcn indi b\u00fct\u00fcn vasit\u0259l\u0259rd\u0259n istifad\u0259 ed\u0259r\u0259k \u00f6z\u00fcn\u00fcn Az\u0259rbaycan \u0259razil\u0259rind\u0259 qalmas\u0131n\u0131 r\u0259smil\u0259\u015fdirm\u0259k ist\u0259yir. \u0130lk olaraq bunu Pa\u015finyan\u0131n dili il\u0259 g\u00fcnd\u0259m\u0259 g\u0259tir\u0259r\u0259k rus h\u0259rbi kontingentinin \u0259razil\u0259rimizd\u0259 qalma m\u00fcdd\u0259tinin 15-20 il m\u00fcdd\u0259tin\u0259 uzad\u0131lmas\u0131 haqq\u0131nda q\u0259rar verilm\u0259sin\u0259 \u00e7al\u0131\u015fd\u0131. Lakin Az\u0259rbaycan t\u0259r\u0259finin m\u0259s\u0259l\u0259y\u0259 m\u00fcsb\u0259t baxmad\u0131\u011f\u0131n\u0131 g\u00f6rd\u00fcy\u00fc \u00fc\u00e7\u00fcn indi Vardanyan vasit\u0259sil\u0259 yeni oyuna ba\u015flay\u0131b. V\u0259 bu oyunda art\u0131q \u00f6z\u00fcn\u0259 t\u0259r\u0259fdar da tap\u0131b. Bu Fransad\u0131r. Bir ne\u00e7\u0259 m\u00fcdd\u0259tdir ki, m\u00fclki missiya s\u0259viyy\u0259sind\u0259 Qaraba\u011fda f\u0259aliyy\u0259t g\u00f6st\u0259rm\u0259k ist\u0259diyini b\u0259yan ed\u0259n Fransan\u0131n Rusiya il\u0259 gizli dan\u0131\u015f\u0131qlar apard\u0131\u011f\u0131 haqq\u0131nda m\u0259lumatlar var. Ba\u015fqa s\u00f6zl\u0259, plan ondan ibar\u0259tdir ki, Fransan\u0131n k\u00f6m\u0259yi il\u0259 Rusiya beyn\u0259lxalq mandat al\u0131r v\u0259 Fransa il\u0259 birlikd\u0259 Qaraba\u011fda s\u00fclhm\u0259raml\u0131 missiya icra edir.<\/p>\n<p>T\u0259bii ki, kimin hans\u0131 plan qurmas\u0131ndan as\u0131l\u0131 olmayaraq Az\u0259rbaycan t\u0259r\u0259fi buna he\u00e7 bir halda imkan verm\u0259y\u0259c\u0259k. Bununla ba\u011fl\u0131 beyn\u0259lxaq t\u0259zyiq olsa bel\u0259, Az\u0259rbaycan\u0131n buna imkan verm\u0259si m\u00fcmk\u00fcn deyil. \u00c7\u00fcnki bel\u0259 bir \u015feyin ba\u015f verm\u0259si separat\u00e7\u0131 rejimin daimi olaraq m\u00f6vcud olmas\u0131na icaz\u0259 verm\u0259k dem\u0259k olar. Odur ki, h\u0259m Rusiyan\u0131n, h\u0259m d\u0259 Fransan\u0131n oyunlar\u0131n\u0131 pozmaq \u00fc\u00e7\u00fcn q\u0259ti v\u0259 konkret add\u0131mlar\u0131n at\u0131lmas\u0131 \u015f\u0259rtdir. Bunun \u00fc\u00e7\u00fcn ilk n\u00f6vb\u0259d\u0259 separat\u00e7\u0131 rejimin r\u0259hb\u0259rl\u0259rind\u0259n biri olaraq Vardanyan haqq\u0131nda cinay\u0259t i\u015fi a\u00e7\u0131lmas\u0131 v\u0259 onun beyn\u0259lxaq axtar\u0131\u015fa verilm\u0259si t\u0259min edilm\u0259lidir. \u0130kincisi, Rusiyaya Az\u0259rbaycan \u0259razil\u0259rind\u0259 v\u0259 Az\u0259rbaycan qanunlar\u0131 \u0259sas\u0259nda f\u0259aliyy\u0259t g\u00f6st\u0259rm\u0259li olduqlar\u0131n\u0131 xat\u0131rlatmaq \u00fc\u00e7\u00fcn La\u00e7\u0131n d\u0259hlizi birt\u0259r\u0259fli qaydada ba\u011flanmal\u0131d\u0131r. Y\u0259ni ancaq \u00e7\u0131x\u0131\u015fa icaz\u0259 verilm\u0259lidir. Paralel \u015f\u0259kild\u0259 beyn\u0259lxalq t\u0259\u015fkilatlarla i\u015fl\u0259r s\u00fcr\u0259tl\u0259nm\u0259li v\u0259 Rusiyan\u0131n C\u0259nubi Qafqazda m\u00f6vqel\u0259rinin m\u00f6hk\u0259ml\u0259nm\u0259sini ist\u0259m\u0259y\u0259n d\u00f6vl\u0259tl\u0259rin d\u0259st\u0259yini almaq v\u0259 onlar\u0131n Erm\u0259nistana t\u0259zyiq g\u00f6st\u0259rm\u0259sini t\u0259min etm\u0259k \u00fc\u00e7\u00fcn konkret f\u0259aliyy\u0259t h\u0259yata ke\u00e7irilm\u0259lidir&#8221;.<\/p>\n","protected":false},"excerpt":{"rendered":"<p>Onun \u201c\u0259n d\u00fczg\u00fcn q\u0259rar Rusiya s\u00fclhm\u0259raml\u0131lar\u0131na beyn\u0259lxalq BMT mandat\u0131n\u0131n verilm\u0259si ola bil\u0259r\u201d fikri\u00a0 birba\u015fa Moskvan\u0131n maraqlar\u0131na cavab verir v\u0259 Kremlin sifari\u015fi il\u0259 ortaya at\u0131ld\u0131\u011f\u0131 \u015f\u00fcbh\u0259 do\u011furmur\u00a0\u00a0 Qaraba\u011f separat\u00e7\u0131lar\u0131n\u0131n \u201cd\u00f6vl\u0259t naziri\u201d, rusiyal\u0131 milyarder Ruben Vardanyan RTVI telekanal\u0131na m\u00fcsahib\u0259sind\u0259 \u201cg\u0259l\u0259c\u0259k planlar\u0131\u201d haqda dan\u0131\u015f\u0131b. Vardanyan deyib ki, onun Qaraba\u011fa g\u0259li\u015fi v\u0259 \u201cv\u0259zif\u0259y\u0259\u201d t\u0259yin olunmas\u0131 ham\u0131n\u0131n unuda bil\u0259c\u0259yi \u201cartsax m\u00f6vzusu\u201dnu daha da aktualla\u015fd\u0131r\u0131b. \u201c\u0130ndi Qaraba\u011fda ba\u015f ver\u0259n h\u0259r \u015fey Rusiya, Erm\u0259nistan, Az\u0259rbaycan v\u0259 d\u00fcnya m\u0259tbuat\u0131nda m\u00fczakir\u0259 m\u00f6vzusuna \u00e7evrilir\u201d, &#8211; Vardanyan vur\u011fulay\u0131b. Onun s\u00f6zl\u0259rin\u0259 g\u00f6r\u0259, Qaraba\u011f separat\u00e7\u0131lar\u0131n\u0131n ba\u015f\u00e7\u0131s\u0131 Araik Arutyunyanla raz\u0131la\u015fmas\u0131 var ki, Xank\u0259ndid\u0259ki qondarma&hellip;<\/p>\n","protected":false},"author":2,"featured_media":539774,"comment_status":"closed","ping_status":"closed","sticky":false,"template":"","format":"standard","meta":{"om_disable_all_campaigns":false,"_monsterinsights_skip_tracking":false,"_monsterinsights_sitenote_active":false,"_monsterinsights_sitenote_note":"","_monsterinsights_sitenote_category":0},"categories":[19],"tags":[],"aioseo_notices":[],"gutentor_comment":0,"rttpg_featured_image_url":{"full":["https:\/\/arantv.az\/wp-content\/uploads\/2022\/11\/017d9bee1e0fc78283ed79d410827c50.jpg",620,413,false],"landscape":["https:\/\/arantv.az\/wp-content\/uploads\/2022\/11\/017d9bee1e0fc78283ed79d410827c50.jpg",620,413,false],"portraits":["https:\/\/arantv.az\/wp-content\/uploads\/2022\/11\/017d9bee1e0fc78283ed79d410827c50.jpg",620,413,false],"thumbnail":["https:\/\/arantv.az\/wp-content\/uploads\/2022\/11\/017d9bee1e0fc78283ed79d410827c50-500x280.jpg",500,280,true],"medium":["https:\/\/arantv.az\/wp-content\/uploads\/2022\/11\/017d9bee1e0fc78283ed79d410827c50-548x365.jpg",548,365,true],"large":["https:\/\/arantv.az\/wp-content\/uploads\/2022\/11\/017d9bee1e0fc78283ed79d410827c50.jpg",620,413,false],"1536x1536":["https:\/\/arantv.az\/wp-content\/uploads\/2022\/11\/017d9bee1e0fc78283ed79d410827c50.jpg",620,413,false],"2048x2048":["https:\/\/arantv.az\/wp-content\/uploads\/2022\/11\/017d9bee1e0fc78283ed79d410827c50.jpg",620,413,false],"post-thumbnail":["https:\/\/arantv.az\/wp-content\/uploads\/2022\/11\/017d9bee1e0fc78283ed79d410827c50-240x172.jpg",240,172,true],"advps-thumb-one":["https:\/\/arantv.az\/wp-content\/uploads\/2022\/11\/017d9bee1e0fc78283ed79d410827c50.jpg",620,413,false]},"rttpg_author":{"display_name":"V\u00fcsal Rafiqo\u011flu","author_link":"https:\/\/arantv.az\/?author=2"},"rttpg_comment":0,"rttpg_category":"<a href=\"https:\/\/arantv.az\/?cat=19\" rel=\"category\">G\u00fcnd\u0259m<\/a>","rttpg_excerpt":"Onun \u201c\u0259n d\u00fczg\u00fcn q\u0259rar Rusiya s\u00fclhm\u0259raml\u0131lar\u0131na beyn\u0259lxalq BMT mandat\u0131n\u0131n verilm\u0259si ola bil\u0259r\u201d fikri\u00a0 birba\u015fa Moskvan\u0131n maraqlar\u0131na cavab verir v\u0259 Kremlin sifari\u015fi il\u0259 ortaya at\u0131ld\u0131\u011f\u0131 \u015f\u00fcbh\u0259 do\u011furmur\u00a0\u00a0 Qaraba\u011f separat\u00e7\u0131lar\u0131n\u0131n \u201cd\u00f6vl\u0259t naziri\u201d, rusiyal\u0131 milyarder Ruben Vardanyan RTVI telekanal\u0131na m\u00fcsahib\u0259sind\u0259 \u201cg\u0259l\u0259c\u0259k planlar\u0131\u201d haqda dan\u0131\u015f\u0131b. Vardanyan deyib ki, onun Qaraba\u011fa g\u0259li\u015fi v\u0259 \u201cv\u0259zif\u0259y\u0259\u201d t\u0259yin olunmas\u0131 ham\u0131n\u0131n unuda bil\u0259c\u0259yi \u201cartsax&hellip;","_links":{"self":[{"href":"https:\/\/arantv.az\/index.php?rest_route=\/wp\/v2\/posts\/539773"}],"collection":[{"href":"https:\/\/arantv.az\/index.php?rest_route=\/wp\/v2\/posts"}],"about":[{"href":"https:\/\/arantv.az\/index.php?rest_route=\/wp\/v2\/types\/post"}],"author":[{"embeddable":true,"href":"https:\/\/arantv.az\/index.php?rest_route=\/wp\/v2\/users\/2"}],"replies":[{"embeddable":true,"href":"https:\/\/arantv.az\/index.php?rest_route=%2Fwp%2Fv2%2Fcomments&post=539773"}],"version-history":[{"count":0,"href":"https:\/\/arantv.az\/index.php?rest_route=\/wp\/v2\/posts\/539773\/revisions"}],"wp:featuredmedia":[{"embeddable":true,"href":"https:\/\/arantv.az\/index.php?rest_route=\/wp\/v2\/media\/539774"}],"wp:attachment":[{"href":"https:\/\/arantv.az\/index.php?rest_route=%2Fwp%2Fv2%2Fmedia&parent=539773"}],"wp:term":[{"taxonomy":"category","embeddable":true,"href":"https:\/\/arantv.az\/index.php?rest_route=%2Fwp%2Fv2%2Fcategories&post=539773"},{"taxonomy":"post_tag","embeddable":true,"href":"https:\/\/arantv.az\/index.php?rest_route=%2Fwp%2Fv2%2Ftags&post=539773"}],"curies":[{"name":"wp","href":"https:\/\/api.w.org\/{rel}","templated":true}]}}