{"id":539825,"date":"2022-11-30T11:44:54","date_gmt":"2022-11-30T08:44:54","guid":{"rendered":"https:\/\/arantv.az\/?p=539825"},"modified":"2022-11-30T11:44:54","modified_gmt":"2022-11-30T08:44:54","slug":"pentaqondan-rusiyaya-veril%c9%99n-iran-pua-lari-bar%c9%99d%c9%99-aciqlama","status":"publish","type":"post","link":"https:\/\/arantv.az\/?p=539825","title":{"rendered":"Pentaqondan Rusiyaya veril\u0259n \u0130ran PUA-lar\u0131 bar\u0259d\u0259 A\u00c7IQLAMA"},"content":{"rendered":"<p>\u201c\u0130ran rejiminin Ukraynaya z\u0259rb\u0259l\u0259r endirm\u0259k \u00fc\u00e7\u00fcn ruslara t\u0259hvil verdiyi d\u00f6y\u00fc\u015f PUA-lar\u0131n\u0131n say\u0131 y\u00fczl\u0259rl\u0259dir\u201d.<\/p>\n<div class=\"AdviadNativeVideo\"><\/div>\n<p>Bunu Pentaqonun spikeri general Patrik Rayder brifinqd\u0259 deyib.<\/p>\n<p>O qeyd edib ki, Rusiya \u0259lav\u0259 d\u00f6y\u00fc\u015f sisteml\u0259ri \u0259ld\u0259 etm\u0259yin yollar\u0131n\u0131 axtarmaqda davam edir.<\/p>\n<p>Pentaqonun s\u00f6z\u00e7\u00fcs\u00fc \u0130ran v\u0259 Rusiya aras\u0131nda qar\u015f\u0131l\u0131ql\u0131 f\u0259aliyy\u0259td\u0259n d\u0259 narahatl\u0131\u011f\u0131n\u0131 dil\u0259 g\u0259tirib. Onun s\u00f6zl\u0259rin\u0259 g\u00f6r\u0259, onlar \u201cterror ixrac\u0131n\u0131 davam etdirirl\u0259r v\u0259 bu sisteml\u0259rd\u0259n qeyri-h\u0259rbi h\u0259d\u0259fl\u0259r\u0259, o c\u00fcml\u0259d\u0259n m\u00fclki \u015f\u0259xsl\u0259r\u0259 h\u00fccum etm\u0259k \u00fc\u00e7\u00fcn istifad\u0259 edirl\u0259r\u201d.<\/p>\n<p>M\u0259nb\u0259: Ukrinform<\/p>\n","protected":false},"excerpt":{"rendered":"<p>\u201c\u0130ran rejiminin Ukraynaya z\u0259rb\u0259l\u0259r endirm\u0259k \u00fc\u00e7\u00fcn ruslara t\u0259hvil verdiyi d\u00f6y\u00fc\u015f PUA-lar\u0131n\u0131n say\u0131 y\u00fczl\u0259rl\u0259dir\u201d. Bunu Pentaqonun spikeri general Patrik Rayder brifinqd\u0259 deyib. O qeyd edib ki, Rusiya \u0259lav\u0259 d\u00f6y\u00fc\u015f sisteml\u0259ri \u0259ld\u0259 etm\u0259yin yollar\u0131n\u0131 axtarmaqda davam edir. Pentaqonun s\u00f6z\u00e7\u00fcs\u00fc \u0130ran v\u0259 Rusiya aras\u0131nda qar\u015f\u0131l\u0131ql\u0131 f\u0259aliyy\u0259td\u0259n d\u0259 narahatl\u0131\u011f\u0131n\u0131 dil\u0259 g\u0259tirib. Onun s\u00f6zl\u0259rin\u0259 g\u00f6r\u0259, onlar \u201cterror ixrac\u0131n\u0131 davam etdirirl\u0259r v\u0259 bu sisteml\u0259rd\u0259n qeyri-h\u0259rbi h\u0259d\u0259fl\u0259r\u0259, o c\u00fcml\u0259d\u0259n m\u00fclki \u015f\u0259xsl\u0259r\u0259 h\u00fccum etm\u0259k \u00fc\u00e7\u00fcn istifad\u0259 edirl\u0259r\u201d. M\u0259nb\u0259: Ukrinform<\/p>\n","protected":false},"author":2,"featured_media":539826,"comment_status":"closed","ping_status":"closed","sticky":false,"template":"","format":"standard","meta":{"om_disable_all_campaigns":false,"_monsterinsights_skip_tracking":false,"_monsterinsights_sitenote_active":false,"_monsterinsights_sitenote_note":"","_monsterinsights_sitenote_category":0},"categories":[7],"tags":[],"aioseo_notices":[],"gutentor_comment":0,"rttpg_featured_image_url":{"full":["https:\/\/arantv.az\/wp-content\/uploads\/2022\/11\/FotoJet-2022-11-30T112730.725.jpg",620,413,false],"landscape":["https:\/\/arantv.az\/wp-content\/uploads\/2022\/11\/FotoJet-2022-11-30T112730.725.jpg",620,413,false],"portraits":["https:\/\/arantv.az\/wp-content\/uploads\/2022\/11\/FotoJet-2022-11-30T112730.725.jpg",620,413,false],"thumbnail":["https:\/\/arantv.az\/wp-content\/uploads\/2022\/11\/FotoJet-2022-11-30T112730.725-500x280.jpg",500,280,true],"medium":["https:\/\/arantv.az\/wp-content\/uploads\/2022\/11\/FotoJet-2022-11-30T112730.725-548x365.jpg",548,365,true],"large":["https:\/\/arantv.az\/wp-content\/uploads\/2022\/11\/FotoJet-2022-11-30T112730.725.jpg",620,413,false],"1536x1536":["https:\/\/arantv.az\/wp-content\/uploads\/2022\/11\/FotoJet-2022-11-30T112730.725.jpg",620,413,false],"2048x2048":["https:\/\/arantv.az\/wp-content\/uploads\/2022\/11\/FotoJet-2022-11-30T112730.725.jpg",620,413,false],"post-thumbnail":["https:\/\/arantv.az\/wp-content\/uploads\/2022\/11\/FotoJet-2022-11-30T112730.725-240x172.jpg",240,172,true],"advps-thumb-one":["https:\/\/arantv.az\/wp-content\/uploads\/2022\/11\/FotoJet-2022-11-30T112730.725.jpg",620,413,false]},"rttpg_author":{"display_name":"V\u00fcsal Rafiqo\u011flu","author_link":"https:\/\/arantv.az\/?author=2"},"rttpg_comment":0,"rttpg_category":"<a href=\"https:\/\/arantv.az\/?cat=7\" rel=\"category\">D\u00fcnya<\/a>","rttpg_excerpt":"\u201c\u0130ran rejiminin Ukraynaya z\u0259rb\u0259l\u0259r endirm\u0259k \u00fc\u00e7\u00fcn ruslara t\u0259hvil verdiyi d\u00f6y\u00fc\u015f PUA-lar\u0131n\u0131n say\u0131 y\u00fczl\u0259rl\u0259dir\u201d. Bunu Pentaqonun spikeri general Patrik Rayder brifinqd\u0259 deyib. O qeyd edib ki, Rusiya \u0259lav\u0259 d\u00f6y\u00fc\u015f sisteml\u0259ri \u0259ld\u0259 etm\u0259yin yollar\u0131n\u0131 axtarmaqda davam edir. Pentaqonun s\u00f6z\u00e7\u00fcs\u00fc \u0130ran v\u0259 Rusiya aras\u0131nda qar\u015f\u0131l\u0131ql\u0131 f\u0259aliyy\u0259td\u0259n d\u0259 narahatl\u0131\u011f\u0131n\u0131 dil\u0259 g\u0259tirib. Onun s\u00f6zl\u0259rin\u0259 g\u00f6r\u0259, onlar \u201cterror ixrac\u0131n\u0131 davam etdirirl\u0259r&hellip;","_links":{"self":[{"href":"https:\/\/arantv.az\/index.php?rest_route=\/wp\/v2\/posts\/539825"}],"collection":[{"href":"https:\/\/arantv.az\/index.php?rest_route=\/wp\/v2\/posts"}],"about":[{"href":"https:\/\/arantv.az\/index.php?rest_route=\/wp\/v2\/types\/post"}],"author":[{"embeddable":true,"href":"https:\/\/arantv.az\/index.php?rest_route=\/wp\/v2\/users\/2"}],"replies":[{"embeddable":true,"href":"https:\/\/arantv.az\/index.php?rest_route=%2Fwp%2Fv2%2Fcomments&post=539825"}],"version-history":[{"count":0,"href":"https:\/\/arantv.az\/index.php?rest_route=\/wp\/v2\/posts\/539825\/revisions"}],"wp:featuredmedia":[{"embeddable":true,"href":"https:\/\/arantv.az\/index.php?rest_route=\/wp\/v2\/media\/539826"}],"wp:attachment":[{"href":"https:\/\/arantv.az\/index.php?rest_route=%2Fwp%2Fv2%2Fmedia&parent=539825"}],"wp:term":[{"taxonomy":"category","embeddable":true,"href":"https:\/\/arantv.az\/index.php?rest_route=%2Fwp%2Fv2%2Fcategories&post=539825"},{"taxonomy":"post_tag","embeddable":true,"href":"https:\/\/arantv.az\/index.php?rest_route=%2Fwp%2Fv2%2Ftags&post=539825"}],"curies":[{"name":"wp","href":"https:\/\/api.w.org\/{rel}","templated":true}]}}