{"id":54015,"date":"2019-04-30T11:35:56","date_gmt":"2019-04-30T08:35:56","guid":{"rendered":"http:\/\/arantv.az\/?p=54015"},"modified":"2019-04-30T11:35:56","modified_gmt":"2019-04-30T08:35:56","slug":"bu-rayonlarda-yasayan-g%c9%99nc-oglanlara-sad-x%c9%99b%c9%99r-nazir-is%c9%99-q%c9%99bul-kecir%c9%99c%c9%99k","status":"publish","type":"post","link":"https:\/\/arantv.az\/?p=54015","title":{"rendered":"Bu rayonlarda ya\u015fayan g\u0259nc o\u011flanlara \u015eAD X\u018fB\u018fR \u2013 Nazir i\u015f\u0259 q\u0259bul ke\u00e7ir\u0259c\u0259k"},"content":{"rendered":"<div id=\"entry\" class=\"entry\">2019-cu il may ay\u0131n\u0131n 3-d\u0259 saat 8:00-da Az\u0259rbaycan Respublikas\u0131n\u0131n daxili i\u015fl\u0259r naziri, general-polkovnik Ramil Usubov t\u0259r\u0259find\u0259n Quba, Xa\u00e7maz, Qusar, \u015eabran, Siy\u0259z\u0259n v\u0259 X\u0131z\u0131 rayon polis orqanlar\u0131nda vakant (42 \u015ftat) olan post-patrul xidm\u0259tinin polis n\u0259f\u0259ri (gec\u0259 xidm\u0259ti) v\u0259zif\u0259l\u0259rind\u0259 xidm\u0259t\u0259 q\u0259bulla ba\u011fl\u0131 D\u0130N-in Daxili Qo\u015funlar\u0131n\u0131n Quba rayonunda yerl\u0259\u015f\u0259n h\u0259rbi hiss\u0259sind\u0259 s\u0131ra bax\u0131\u015f\u0131 ke\u00e7iril\u0259c\u0259k.<\/p>\n<p><b>ARANTV.AZ\u00a0<\/b> x\u0259b\u0259r verir ki, s\u0131ra bax\u0131\u015f\u0131nda yaln\u0131z qeyd olunan rayonlarda ya\u015fay\u0131\u015f yeri \u00fczr\u0259 daimi qeydiyyatda olan v\u0259 ya\u015fayan, a\u015fa\u011f\u0131dak\u0131 \u015f\u0259rtl\u0259r\u0259 cavab ver\u0259n \u015f\u0259xsl\u0259r i\u015ftirak ed\u0259 bil\u0259rl\u0259r:<\/p>\n<p>&#8211; ali v\u0259 ya orta-ixtisas, yaxud tam orta t\u0259hsilli, ya\u015f\u0131 20-d\u0259n 25-d\u0259k, boyu 180 santimetrd\u0259n h\u00fcnd\u00fcr, idman c\u00fcss\u0259li, h\u0259qiqi h\u0259rbi xidm\u0259t m\u00fcdd\u0259tini tam ba\u015fa vurmu\u015f, \u0259vv\u0259ll\u0259r \u00f6z\u00fc v\u0259 yax\u0131n qohumlar\u0131 q\u0259sd\u0259n t\u00f6r\u0259dilmi\u015f a\u011f\u0131r cinay\u0259tl\u0259r\u0259 g\u00f6r\u0259 m\u0259hkum olunmam\u0131\u015f (ehtiyats\u0131zl\u0131qdan b\u00f6y\u00fck ictimai t\u0259hl\u00fck\u0259 t\u00f6r\u0259tm\u0259y\u0259n cinay\u0259tl\u0259r\u0259 g\u00f6r\u0259 m\u0259hkum olunmu\u015f yax\u0131n qohumlar istisna olmaqla), &#8220;Az\u0259rbaycan Respublikas\u0131n\u0131n daxili i\u015fl\u0259r orqanlar\u0131nda xidm\u0259t ke\u00e7m\u0259 haqq\u0131nda \u018fsasnam\u0259&#8221; il\u0259 m\u00fc\u0259yy\u0259n edilmi\u015f \u015f\u0259rtl\u0259r\u0259 cavab ver\u0259n Az\u0259rbaycan Respublikas\u0131n\u0131n ki\u015fi cinsli v\u0259t\u0259nda\u015flar\u0131 i\u015ftirak ed\u0259 bil\u0259rl\u0259r.<\/p>\n<p>S\u0131ra bax\u0131\u015f\u0131na g\u0259l\u0259nl\u0259r \u015f\u0259xsiyy\u0259t v\u0259siq\u0259sini t\u0259qdim etm\u0259lidirl\u0259r.<\/p>\n<div id=\"AdviadNativeVideo0\" class=\"AdviadNativeVideo\"><\/div>\n<p>H\u0259min v\u0259zif\u0259l\u0259rd\u0259 \u0259m\u0259k funksiyalar\u0131n\u0131n spesifikliyini, y\u00fcks\u0259k fiziki v\u0259 psixoloji g\u0259rginlikl\u0259 ba\u011fl\u0131 olmas\u0131, el\u0259c\u0259 d\u0259 xidm\u0259tin n\u00f6vb\u0259li, bir \u00e7ox hallarda \u0259sas i\u015f vaxt\u0131ndan \u0259lav\u0259 m\u00fcdd\u0259td\u0259 apar\u0131laca\u011f\u0131 bax\u0131m\u0131ndan m\u00fcsabiq\u0259 i\u015ftirak\u00e7\u0131lar\u0131n\u0131n sa\u011flaml\u0131q v\u0259ziyy\u0259ti, biliyi, fiziki haz\u0131rl\u0131q s\u0259viyy\u0259si m\u00fc\u0259yy\u0259n olunmu\u015f qaydada yoxlan\u0131lacaqd\u0131r.<\/p>\n<p>Kompyuter avadanl\u0131qlar\u0131 il\u0259 i\u015fl\u0259m\u0259k qabiliyy\u0259tin\u0259 malik, ali t\u0259hsilli v\u0259 xarici dill\u0259rd\u0259n birini (\u0259sas\u0259n ingilis dili) s\u0259rb\u0259st bil\u0259n v\u0259t\u0259nda\u015flara \u00fcst\u00fcnl\u00fck veril\u0259c\u0259kdir.<\/p>\n<p>\u018flav\u0259 olaraq n\u0259z\u0259r\u0259 \u00e7atd\u0131r\u0131l\u0131r ki, boyu 180 santimetrd\u0259n a\u015fa\u011f\u0131 olan v\u0259 m\u00fcsabiq\u0259nin dig\u0259r \u015f\u0259rtl\u0259rin\u0259 uy\u011fun g\u0259lm\u0259y\u0259n namiz\u0259dl\u0259r ke\u00e7id m\u0259nt\u0259q\u0259sind\u0259 yoxlan\u0131laraq s\u0131ra bax\u0131\u015f\u0131na i\u015ftiraka burax\u0131lmayacaqlar.<\/p>\n<p>\u018flav\u0259 m\u0259lumat almaq \u00fc\u00e7\u00fcn \u0259laq\u0259 telefonlar\u0131: (012)-590-97-52; (012)-590-92-54;<\/p>\n<p>(012)-590-93-45; (012)-590-92-37.<\/p><\/div>\n<div>big.az<\/div>\n","protected":false},"excerpt":{"rendered":"<p>2019-cu il may ay\u0131n\u0131n 3-d\u0259 saat 8:00-da Az\u0259rbaycan Respublikas\u0131n\u0131n daxili i\u015fl\u0259r naziri, general-polkovnik Ramil Usubov t\u0259r\u0259find\u0259n Quba, Xa\u00e7maz, Qusar, \u015eabran, Siy\u0259z\u0259n v\u0259 X\u0131z\u0131 rayon polis orqanlar\u0131nda vakant (42 \u015ftat) olan post-patrul xidm\u0259tinin polis n\u0259f\u0259ri (gec\u0259 xidm\u0259ti) v\u0259zif\u0259l\u0259rind\u0259 xidm\u0259t\u0259 q\u0259bulla ba\u011fl\u0131 D\u0130N-in Daxili Qo\u015funlar\u0131n\u0131n Quba rayonunda yerl\u0259\u015f\u0259n h\u0259rbi hiss\u0259sind\u0259 s\u0131ra bax\u0131\u015f\u0131 ke\u00e7iril\u0259c\u0259k. ARANTV.AZ\u00a0 x\u0259b\u0259r verir ki, s\u0131ra bax\u0131\u015f\u0131nda yaln\u0131z qeyd olunan rayonlarda ya\u015fay\u0131\u015f yeri \u00fczr\u0259 daimi qeydiyyatda olan v\u0259 ya\u015fayan, a\u015fa\u011f\u0131dak\u0131 \u015f\u0259rtl\u0259r\u0259 cavab ver\u0259n \u015f\u0259xsl\u0259r i\u015ftirak ed\u0259 bil\u0259rl\u0259r: &#8211; ali v\u0259 ya orta-ixtisas, yaxud tam orta t\u0259hsilli, ya\u015f\u0131 20-d\u0259n 25-d\u0259k, boyu&hellip;<\/p>\n","protected":false},"author":2,"featured_media":54016,"comment_status":"closed","ping_status":"closed","sticky":false,"template":"","format":"standard","meta":{"om_disable_all_campaigns":false,"_monsterinsights_skip_tracking":false,"_monsterinsights_sitenote_active":false,"_monsterinsights_sitenote_note":"","_monsterinsights_sitenote_category":0},"categories":[1],"tags":[],"aioseo_notices":[],"gutentor_comment":0,"rttpg_featured_image_url":{"full":["https:\/\/arantv.az\/wp-content\/uploads\/2019\/04\/1_91556612876.jpg",600,400,false],"landscape":["https:\/\/arantv.az\/wp-content\/uploads\/2019\/04\/1_91556612876.jpg",600,400,false],"portraits":["https:\/\/arantv.az\/wp-content\/uploads\/2019\/04\/1_91556612876.jpg",600,400,false],"thumbnail":["https:\/\/arantv.az\/wp-content\/uploads\/2019\/04\/1_91556612876-150x150.jpg",150,150,true],"medium":["https:\/\/arantv.az\/wp-content\/uploads\/2019\/04\/1_91556612876-300x200.jpg",300,200,true],"large":["https:\/\/arantv.az\/wp-content\/uploads\/2019\/04\/1_91556612876.jpg",600,400,false],"1536x1536":["https:\/\/arantv.az\/wp-content\/uploads\/2019\/04\/1_91556612876.jpg",600,400,false],"2048x2048":["https:\/\/arantv.az\/wp-content\/uploads\/2019\/04\/1_91556612876.jpg",600,400,false],"post-thumbnail":["https:\/\/arantv.az\/wp-content\/uploads\/2019\/04\/1_91556612876-240x172.jpg",240,172,true],"advps-thumb-one":["https:\/\/arantv.az\/wp-content\/uploads\/2019\/04\/1_91556612876.jpg",600,400,false]},"rttpg_author":{"display_name":"V\u00fcsal Rafiqo\u011flu","author_link":"https:\/\/arantv.az\/?author=2"},"rttpg_comment":0,"rttpg_category":"<a href=\"https:\/\/arantv.az\/?cat=1\" rel=\"category\">C\u0259miyy\u0259t<\/a>","rttpg_excerpt":"2019-cu il may ay\u0131n\u0131n 3-d\u0259 saat 8:00-da Az\u0259rbaycan Respublikas\u0131n\u0131n daxili i\u015fl\u0259r naziri, general-polkovnik Ramil Usubov t\u0259r\u0259find\u0259n Quba, Xa\u00e7maz, Qusar, \u015eabran, Siy\u0259z\u0259n v\u0259 X\u0131z\u0131 rayon polis orqanlar\u0131nda vakant (42 \u015ftat) olan post-patrul xidm\u0259tinin polis n\u0259f\u0259ri (gec\u0259 xidm\u0259ti) v\u0259zif\u0259l\u0259rind\u0259 xidm\u0259t\u0259 q\u0259bulla ba\u011fl\u0131 D\u0130N-in Daxili Qo\u015funlar\u0131n\u0131n Quba rayonunda yerl\u0259\u015f\u0259n h\u0259rbi hiss\u0259sind\u0259 s\u0131ra bax\u0131\u015f\u0131 ke\u00e7iril\u0259c\u0259k. ARANTV.AZ\u00a0 x\u0259b\u0259r verir ki,&hellip;","_links":{"self":[{"href":"https:\/\/arantv.az\/index.php?rest_route=\/wp\/v2\/posts\/54015"}],"collection":[{"href":"https:\/\/arantv.az\/index.php?rest_route=\/wp\/v2\/posts"}],"about":[{"href":"https:\/\/arantv.az\/index.php?rest_route=\/wp\/v2\/types\/post"}],"author":[{"embeddable":true,"href":"https:\/\/arantv.az\/index.php?rest_route=\/wp\/v2\/users\/2"}],"replies":[{"embeddable":true,"href":"https:\/\/arantv.az\/index.php?rest_route=%2Fwp%2Fv2%2Fcomments&post=54015"}],"version-history":[{"count":0,"href":"https:\/\/arantv.az\/index.php?rest_route=\/wp\/v2\/posts\/54015\/revisions"}],"wp:featuredmedia":[{"embeddable":true,"href":"https:\/\/arantv.az\/index.php?rest_route=\/wp\/v2\/media\/54016"}],"wp:attachment":[{"href":"https:\/\/arantv.az\/index.php?rest_route=%2Fwp%2Fv2%2Fmedia&parent=54015"}],"wp:term":[{"taxonomy":"category","embeddable":true,"href":"https:\/\/arantv.az\/index.php?rest_route=%2Fwp%2Fv2%2Fcategories&post=54015"},{"taxonomy":"post_tag","embeddable":true,"href":"https:\/\/arantv.az\/index.php?rest_route=%2Fwp%2Fv2%2Ftags&post=54015"}],"curies":[{"name":"wp","href":"https:\/\/api.w.org\/{rel}","templated":true}]}}