{"id":54035,"date":"2019-04-30T12:42:03","date_gmt":"2019-04-30T09:42:03","guid":{"rendered":"http:\/\/arantv.az\/?p=54035"},"modified":"2019-04-30T12:42:03","modified_gmt":"2019-04-30T09:42:03","slug":"o-d%c9%99hs%c9%99tli-gun-bir-qiz-bel%c9%99-gull%c9%99-yarasi-almadi-adna-rektoru-faci%c9%99-qurbani-olan-t%c9%99l%c9%99b%c9%99l%c9%99r-haqda","status":"publish","type":"post","link":"https:\/\/arantv.az\/?p=54035","title":{"rendered":"&#8220;O d\u0259h\u015f\u0259tli g\u00fcn bir q\u0131z bel\u0259 g\u00fcll\u0259 yaras\u0131 almad\u0131&#8221; &#8211; ADNA rektoru faci\u0259 qurban\u0131 olan t\u0259l\u0259b\u0259l\u0259r haqda"},"content":{"rendered":"<p>Bu g\u00fcn ADNA faci\u0259sinin 10 ili tamamlan\u0131r.<\/p>\n<p>Bu m\u00fcnasib\u0259tl\u0259 ali m\u0259kt\u0259bd\u0259 an\u0131m t\u00f6r\u0259ni d\u00fcz\u0259nl\u0259nib. \u00d6nc\u0259 30 aprel qurbanlar\u0131n\u0131n xatir\u0259sin\u0259 ucald\u0131lm\u0131\u015f barelyefin qar\u015f\u0131s\u0131na \u0259klill\u0259r qoyulub.<\/p>\n<p>T\u0259dbird\u0259 ADNA terroru qurbanlar\u0131n\u0131 xatir\u0259sin\u0259 h\u0259sr olunmu\u015f 30 d\u0259qiq\u0259lik film n\u00fcmayi\u015f olunub.<\/p>\n<div id=\"AdviadNativeVideo0\" class=\"AdviadNativeVideo\"><\/div>\n<p>An\u0131m t\u0259dbirind\u0259 ADNA-n\u0131n rektoru Mustafa Babanl\u0131 \u00e7\u0131x\u0131\u015f edib. Bildirib ki, terror qurbanlar\u0131n\u0131n xatir\u0259si \u00fc\u00e7\u00fcn h\u0259r il bel\u0259 bir film \u00e7\u0259kil\u0259c\u0259k: \u201cOnlar\u0131n xat\u0131r\u0259si \u0259b\u0259di olaraq qalacaq. G\u00f6r\u00fcn, bu g\u0259ncl\u0259r nec\u0259 q\u0259hr\u0259manl\u0131q edibl\u0259r ki, bir q\u0131z t\u0259l\u0259b\u0259 bel\u0259 g\u00fcll\u0259 yaras\u0131 almay\u0131b. Bizim t\u0259s\u0259llimiz universitetimizin \u00f6nd\u0259 olmas\u0131, \u00f6lk\u0259mizin d\u00fcnya \u00f6lk\u0259l\u0259ri s\u0131ras\u0131nda olmas\u0131d\u0131r\u201d.<\/p>\n<p>Daha sonra faci\u0259li olay zaman\u0131 \u00f6vladlar\u0131n\u0131 itir\u0259n valideynl\u0259r v\u0259 yaralananlar ya\u015fad\u0131qlar\u0131 d\u0259h\u015f\u0259tli anlarla ba\u011fl\u0131 fikirl\u0259rini payla\u015f\u0131blar.<\/p>\n<p>m\u0259nb\u0259: news24.az<br \/>\n<img class=\"imgbcodecent\" src=\"https:\/\/upload.az\/foto\/arxiv\/d2_61556614813.jpg\" alt=\"&quot;O d\u0259h\u015f\u0259tli g\u00fcn bir q\u0131z bel\u0259 g\u00fcll\u0259 yaras\u0131 almad\u0131&quot; - ADNA rektoru faci\u0259 qurban\u0131 olan t\u0259l\u0259b\u0259l\u0259r haqda\" \/><\/p>\n","protected":false},"excerpt":{"rendered":"<p>Bu g\u00fcn ADNA faci\u0259sinin 10 ili tamamlan\u0131r. Bu m\u00fcnasib\u0259tl\u0259 ali m\u0259kt\u0259bd\u0259 an\u0131m t\u00f6r\u0259ni d\u00fcz\u0259nl\u0259nib. \u00d6nc\u0259 30 aprel qurbanlar\u0131n\u0131n xatir\u0259sin\u0259 ucald\u0131lm\u0131\u015f barelyefin qar\u015f\u0131s\u0131na \u0259klill\u0259r qoyulub. T\u0259dbird\u0259 ADNA terroru qurbanlar\u0131n\u0131 xatir\u0259sin\u0259 h\u0259sr olunmu\u015f 30 d\u0259qiq\u0259lik film n\u00fcmayi\u015f olunub. An\u0131m t\u0259dbirind\u0259 ADNA-n\u0131n rektoru Mustafa Babanl\u0131 \u00e7\u0131x\u0131\u015f edib. Bildirib ki, terror qurbanlar\u0131n\u0131n xatir\u0259si \u00fc\u00e7\u00fcn h\u0259r il bel\u0259 bir film \u00e7\u0259kil\u0259c\u0259k: \u201cOnlar\u0131n xat\u0131r\u0259si \u0259b\u0259di olaraq qalacaq. G\u00f6r\u00fcn, bu g\u0259ncl\u0259r nec\u0259 q\u0259hr\u0259manl\u0131q edibl\u0259r ki, bir q\u0131z t\u0259l\u0259b\u0259 bel\u0259 g\u00fcll\u0259 yaras\u0131 almay\u0131b. Bizim t\u0259s\u0259llimiz universitetimizin \u00f6nd\u0259 olmas\u0131, \u00f6lk\u0259mizin d\u00fcnya \u00f6lk\u0259l\u0259ri s\u0131ras\u0131nda olmas\u0131d\u0131r\u201d. Daha sonra faci\u0259li olay zaman\u0131&hellip;<\/p>\n","protected":false},"author":2,"featured_media":54036,"comment_status":"closed","ping_status":"closed","sticky":false,"template":"","format":"standard","meta":{"om_disable_all_campaigns":false,"_monsterinsights_skip_tracking":false,"_monsterinsights_sitenote_active":false,"_monsterinsights_sitenote_note":"","_monsterinsights_sitenote_category":0},"categories":[1],"tags":[],"aioseo_notices":[],"gutentor_comment":0,"rttpg_featured_image_url":{"full":["https:\/\/arantv.az\/wp-content\/uploads\/2019\/04\/d1_11556614813.jpg",649,371,false],"landscape":["https:\/\/arantv.az\/wp-content\/uploads\/2019\/04\/d1_11556614813.jpg",649,371,false],"portraits":["https:\/\/arantv.az\/wp-content\/uploads\/2019\/04\/d1_11556614813.jpg",649,371,false],"thumbnail":["https:\/\/arantv.az\/wp-content\/uploads\/2019\/04\/d1_11556614813-150x150.jpg",150,150,true],"medium":["https:\/\/arantv.az\/wp-content\/uploads\/2019\/04\/d1_11556614813-300x171.jpg",300,171,true],"large":["https:\/\/arantv.az\/wp-content\/uploads\/2019\/04\/d1_11556614813.jpg",640,366,false],"1536x1536":["https:\/\/arantv.az\/wp-content\/uploads\/2019\/04\/d1_11556614813.jpg",649,371,false],"2048x2048":["https:\/\/arantv.az\/wp-content\/uploads\/2019\/04\/d1_11556614813.jpg",649,371,false],"post-thumbnail":["https:\/\/arantv.az\/wp-content\/uploads\/2019\/04\/d1_11556614813-240x172.jpg",240,172,true],"advps-thumb-one":["https:\/\/arantv.az\/wp-content\/uploads\/2019\/04\/d1_11556614813.jpg",649,371,false]},"rttpg_author":{"display_name":"V\u00fcsal Rafiqo\u011flu","author_link":"https:\/\/arantv.az\/?author=2"},"rttpg_comment":0,"rttpg_category":"<a href=\"https:\/\/arantv.az\/?cat=1\" rel=\"category\">C\u0259miyy\u0259t<\/a>","rttpg_excerpt":"Bu g\u00fcn ADNA faci\u0259sinin 10 ili tamamlan\u0131r. Bu m\u00fcnasib\u0259tl\u0259 ali m\u0259kt\u0259bd\u0259 an\u0131m t\u00f6r\u0259ni d\u00fcz\u0259nl\u0259nib. \u00d6nc\u0259 30 aprel qurbanlar\u0131n\u0131n xatir\u0259sin\u0259 ucald\u0131lm\u0131\u015f barelyefin qar\u015f\u0131s\u0131na \u0259klill\u0259r qoyulub. T\u0259dbird\u0259 ADNA terroru qurbanlar\u0131n\u0131 xatir\u0259sin\u0259 h\u0259sr olunmu\u015f 30 d\u0259qiq\u0259lik film n\u00fcmayi\u015f olunub. An\u0131m t\u0259dbirind\u0259 ADNA-n\u0131n rektoru Mustafa Babanl\u0131 \u00e7\u0131x\u0131\u015f edib. Bildirib ki, terror qurbanlar\u0131n\u0131n xatir\u0259si \u00fc\u00e7\u00fcn h\u0259r il bel\u0259 bir film&hellip;","_links":{"self":[{"href":"https:\/\/arantv.az\/index.php?rest_route=\/wp\/v2\/posts\/54035"}],"collection":[{"href":"https:\/\/arantv.az\/index.php?rest_route=\/wp\/v2\/posts"}],"about":[{"href":"https:\/\/arantv.az\/index.php?rest_route=\/wp\/v2\/types\/post"}],"author":[{"embeddable":true,"href":"https:\/\/arantv.az\/index.php?rest_route=\/wp\/v2\/users\/2"}],"replies":[{"embeddable":true,"href":"https:\/\/arantv.az\/index.php?rest_route=%2Fwp%2Fv2%2Fcomments&post=54035"}],"version-history":[{"count":0,"href":"https:\/\/arantv.az\/index.php?rest_route=\/wp\/v2\/posts\/54035\/revisions"}],"wp:featuredmedia":[{"embeddable":true,"href":"https:\/\/arantv.az\/index.php?rest_route=\/wp\/v2\/media\/54036"}],"wp:attachment":[{"href":"https:\/\/arantv.az\/index.php?rest_route=%2Fwp%2Fv2%2Fmedia&parent=54035"}],"wp:term":[{"taxonomy":"category","embeddable":true,"href":"https:\/\/arantv.az\/index.php?rest_route=%2Fwp%2Fv2%2Fcategories&post=54035"},{"taxonomy":"post_tag","embeddable":true,"href":"https:\/\/arantv.az\/index.php?rest_route=%2Fwp%2Fv2%2Ftags&post=54035"}],"curies":[{"name":"wp","href":"https:\/\/api.w.org\/{rel}","templated":true}]}}