{"id":54077,"date":"2019-04-30T14:14:15","date_gmt":"2019-04-30T11:14:15","guid":{"rendered":"http:\/\/arantv.az\/?p=54077"},"modified":"2019-04-30T14:14:15","modified_gmt":"2019-04-30T11:14:15","slug":"nazird%c9%99n-azanla-bagli-sensasion-addim","status":"publish","type":"post","link":"https:\/\/arantv.az\/?p=54077","title":{"rendered":"Nazird\u0259n azanla ba\u011fl\u0131 SENSAS\u0130ON ADDIM"},"content":{"rendered":"<p><strong>M\u0259scidl\u0259rd\u0259 y\u00fcks\u0259k s\u0259sl\u0259 oxunan azan \u0259trafdak\u0131lara narahatl\u0131q ver\u0259 bil\u0259r, ona g\u00f6r\u0259 d\u0259 s\u0259si azald\u0131lmal\u0131d\u0131r.<\/strong><\/p>\n<p><strong>ARANTV.AZ\u00a0\u00a0<\/strong>x\u0259b\u0259r verir ki, bu iddia il\u0259 S\u0259udiyy\u0259 \u018fr\u0259bistan\u0131n\u0131n \u0130slam i\u015fl\u0259ri naziri \u018fbd\u00fcll\u0259tif \u018fl \u015eeyx \u00e7\u0131x\u0131\u015f edib.<\/p>\n<p>Nazir azan\u0131n namaz\u0131n vacib t\u0259l\u0259bl\u0259rind\u0259n oldu\u011funu, lakin imamlar\u0131n \u0259trafdak\u0131lara h\u00f6rm\u0259t etm\u0259li oldu\u011funu deyib.<\/p>\n<p>Nazirlik t\u0259r\u0259find\u0259n yay\u0131lan a\u00e7\u0131qlamada \u018fbd\u00fcll\u0259tif \u018fl \u015eeyx m\u0259scidd\u0259 s\u0259sl\u0259ndiril\u0259n y\u00fcks\u0259k s\u0259sli azan\u0131n evind\u0259 oturan v\u0259 x\u0259st\u0259 insanlar\u0131 narahat ed\u0259 bil\u0259c\u0259yi bildirilib. A\u00e7\u0131qlamada bildirilib ki, bir m\u0259scidin azan s\u0259si dig\u0259r m\u0259scidl\u0259rin s\u0259sini \u00fcst\u0259l\u0259yir.<\/p>\n<p>\u201c\u0130nsanlara Allah\u0131n evini sevdirm\u0259k laz\u0131md\u0131r. M\u0259scidl\u0259rd\u0259 m\u0259n\u0259viyyat v\u0259 s\u0259ssizlik hakim olmal\u0131d\u0131r, insanlar\u0131 narahat etm\u0259m\u0259liyik\u201d.<\/p>\n<p>Qeyd ed\u0259k ki, S\u0259udiyy\u0259 \u018fr\u0259bistan\u0131n\u0131n v\u0259li\u0259hd \u015fahzad\u0259si M\u0259h\u0259mm\u0259d ibn Salman m\u00fclayim \u0130slama qay\u0131dacaqlar\u0131n\u0131 a\u00e7\u0131qlam\u0131\u015fd\u0131. \u015eahzad\u0259 ifrat\u0131n aradan qald\u0131r\u0131laca\u011f\u0131n\u0131 v\u0259 d\u0259yi\u015fiklikl\u0259rin olaca\u011f\u0131n\u0131 x\u0259b\u0259rdarl\u0131q etmi\u015fdi. Salman\u0131n bu t\u0259limatlar\u0131 AB\u015e v\u0259 \u0130srail t\u0259r\u0259find\u0259n alq\u0131\u015flanm\u0131\u015fd\u0131.publika.az<\/p>\n","protected":false},"excerpt":{"rendered":"<p>M\u0259scidl\u0259rd\u0259 y\u00fcks\u0259k s\u0259sl\u0259 oxunan azan \u0259trafdak\u0131lara narahatl\u0131q ver\u0259 bil\u0259r, ona g\u00f6r\u0259 d\u0259 s\u0259si azald\u0131lmal\u0131d\u0131r. ARANTV.AZ\u00a0\u00a0x\u0259b\u0259r verir ki, bu iddia il\u0259 S\u0259udiyy\u0259 \u018fr\u0259bistan\u0131n\u0131n \u0130slam i\u015fl\u0259ri naziri \u018fbd\u00fcll\u0259tif \u018fl \u015eeyx \u00e7\u0131x\u0131\u015f edib. Nazir azan\u0131n namaz\u0131n vacib t\u0259l\u0259bl\u0259rind\u0259n oldu\u011funu, lakin imamlar\u0131n \u0259trafdak\u0131lara h\u00f6rm\u0259t etm\u0259li oldu\u011funu deyib. Nazirlik t\u0259r\u0259find\u0259n yay\u0131lan a\u00e7\u0131qlamada \u018fbd\u00fcll\u0259tif \u018fl \u015eeyx m\u0259scidd\u0259 s\u0259sl\u0259ndiril\u0259n y\u00fcks\u0259k s\u0259sli azan\u0131n evind\u0259 oturan v\u0259 x\u0259st\u0259 insanlar\u0131 narahat ed\u0259 bil\u0259c\u0259yi bildirilib. A\u00e7\u0131qlamada bildirilib ki, bir m\u0259scidin azan s\u0259si dig\u0259r m\u0259scidl\u0259rin s\u0259sini \u00fcst\u0259l\u0259yir. \u201c\u0130nsanlara Allah\u0131n evini sevdirm\u0259k laz\u0131md\u0131r. M\u0259scidl\u0259rd\u0259 m\u0259n\u0259viyyat v\u0259 s\u0259ssizlik hakim olmal\u0131d\u0131r, insanlar\u0131 narahat etm\u0259m\u0259liyik\u201d. Qeyd&hellip;<\/p>\n","protected":false},"author":2,"featured_media":54078,"comment_status":"closed","ping_status":"closed","sticky":false,"template":"","format":"standard","meta":{"om_disable_all_campaigns":false,"_monsterinsights_skip_tracking":false,"_monsterinsights_sitenote_active":false,"_monsterinsights_sitenote_note":"","_monsterinsights_sitenote_category":0},"categories":[1],"tags":[],"aioseo_notices":[],"gutentor_comment":0,"rttpg_featured_image_url":{"full":["https:\/\/arantv.az\/wp-content\/uploads\/2019\/04\/mescid.jpg",800,450,false],"landscape":["https:\/\/arantv.az\/wp-content\/uploads\/2019\/04\/mescid.jpg",800,450,false],"portraits":["https:\/\/arantv.az\/wp-content\/uploads\/2019\/04\/mescid.jpg",800,450,false],"thumbnail":["https:\/\/arantv.az\/wp-content\/uploads\/2019\/04\/mescid-150x150.jpg",150,150,true],"medium":["https:\/\/arantv.az\/wp-content\/uploads\/2019\/04\/mescid-300x169.jpg",300,169,true],"large":["https:\/\/arantv.az\/wp-content\/uploads\/2019\/04\/mescid.jpg",640,360,false],"1536x1536":["https:\/\/arantv.az\/wp-content\/uploads\/2019\/04\/mescid.jpg",800,450,false],"2048x2048":["https:\/\/arantv.az\/wp-content\/uploads\/2019\/04\/mescid.jpg",800,450,false],"post-thumbnail":["https:\/\/arantv.az\/wp-content\/uploads\/2019\/04\/mescid-240x172.jpg",240,172,true],"advps-thumb-one":["https:\/\/arantv.az\/wp-content\/uploads\/2019\/04\/mescid.jpg",800,450,false]},"rttpg_author":{"display_name":"V\u00fcsal Rafiqo\u011flu","author_link":"https:\/\/arantv.az\/?author=2"},"rttpg_comment":0,"rttpg_category":"<a href=\"https:\/\/arantv.az\/?cat=1\" rel=\"category\">C\u0259miyy\u0259t<\/a>","rttpg_excerpt":"M\u0259scidl\u0259rd\u0259 y\u00fcks\u0259k s\u0259sl\u0259 oxunan azan \u0259trafdak\u0131lara narahatl\u0131q ver\u0259 bil\u0259r, ona g\u00f6r\u0259 d\u0259 s\u0259si azald\u0131lmal\u0131d\u0131r. ARANTV.AZ\u00a0\u00a0x\u0259b\u0259r verir ki, bu iddia il\u0259 S\u0259udiyy\u0259 \u018fr\u0259bistan\u0131n\u0131n \u0130slam i\u015fl\u0259ri naziri \u018fbd\u00fcll\u0259tif \u018fl \u015eeyx \u00e7\u0131x\u0131\u015f edib. Nazir azan\u0131n namaz\u0131n vacib t\u0259l\u0259bl\u0259rind\u0259n oldu\u011funu, lakin imamlar\u0131n \u0259trafdak\u0131lara h\u00f6rm\u0259t etm\u0259li oldu\u011funu deyib. Nazirlik t\u0259r\u0259find\u0259n yay\u0131lan a\u00e7\u0131qlamada \u018fbd\u00fcll\u0259tif \u018fl \u015eeyx m\u0259scidd\u0259 s\u0259sl\u0259ndiril\u0259n y\u00fcks\u0259k s\u0259sli azan\u0131n&hellip;","_links":{"self":[{"href":"https:\/\/arantv.az\/index.php?rest_route=\/wp\/v2\/posts\/54077"}],"collection":[{"href":"https:\/\/arantv.az\/index.php?rest_route=\/wp\/v2\/posts"}],"about":[{"href":"https:\/\/arantv.az\/index.php?rest_route=\/wp\/v2\/types\/post"}],"author":[{"embeddable":true,"href":"https:\/\/arantv.az\/index.php?rest_route=\/wp\/v2\/users\/2"}],"replies":[{"embeddable":true,"href":"https:\/\/arantv.az\/index.php?rest_route=%2Fwp%2Fv2%2Fcomments&post=54077"}],"version-history":[{"count":0,"href":"https:\/\/arantv.az\/index.php?rest_route=\/wp\/v2\/posts\/54077\/revisions"}],"wp:featuredmedia":[{"embeddable":true,"href":"https:\/\/arantv.az\/index.php?rest_route=\/wp\/v2\/media\/54078"}],"wp:attachment":[{"href":"https:\/\/arantv.az\/index.php?rest_route=%2Fwp%2Fv2%2Fmedia&parent=54077"}],"wp:term":[{"taxonomy":"category","embeddable":true,"href":"https:\/\/arantv.az\/index.php?rest_route=%2Fwp%2Fv2%2Fcategories&post=54077"},{"taxonomy":"post_tag","embeddable":true,"href":"https:\/\/arantv.az\/index.php?rest_route=%2Fwp%2Fv2%2Ftags&post=54077"}],"curies":[{"name":"wp","href":"https:\/\/api.w.org\/{rel}","templated":true}]}}