{"id":54087,"date":"2019-04-30T14:31:53","date_gmt":"2019-04-30T11:31:53","guid":{"rendered":"http:\/\/arantv.az\/?p=54087"},"modified":"2019-04-30T14:31:53","modified_gmt":"2019-04-30T11:31:53","slug":"c%c9%99lilabadda-qizi-bogub-anasinin-is%c9%99-basini-k%c9%99sdil%c9%99r-d%c9%99hs%c9%99tli-cinay%c9%99tin-t%c9%99f%c9%99rruati","status":"publish","type":"post","link":"https:\/\/arantv.az\/?p=54087","title":{"rendered":"C\u0259lilabadda q\u0131z\u0131 bo\u011fub, anas\u0131n\u0131n is\u0259 ba\u015f\u0131n\u0131 k\u0259sdil\u0259r &#8211; D\u0259h\u015f\u0259tli cinay\u0259tin t\u0259f\u0259rr\u00fcat\u0131"},"content":{"rendered":"<p><strong>L\u0259nk\u0259ran A\u011f\u0131r Cinay\u0259tl\u0259r M\u0259hk\u0259m\u0259sind\u0259 q\u0259sd\u0259n adam \u00f6ld\u00fcrm\u0259 v\u0259 quldurluq etm\u0259d\u0259 t\u0259qsirl\u0259ndiril\u0259n Ya\u015far Bayramovun cinay\u0259t i\u015fi \u00fczr\u0259 m\u0259hk\u0259m\u0259 iclas\u0131 ba\u015fa \u00e7at\u0131b.<\/strong><\/p>\n<p><strong>ARANTV.AZ\u00a0<\/strong> \u00f6lk\u0259.az-a istinad\u0259n\u00a0x\u0259b\u0259r verir ki, hakim Oruc C\u0259lilovun s\u0259drliyi il\u0259 ke\u00e7iril\u0259n prosesd\u0259 h\u00f6km oxunub.<\/p>\n<p>M\u0259hk\u0259m\u0259nin h\u00f6km\u00fc il\u0259 Y.Bayramov \u00f6m\u00fcrl\u00fck azadl\u0131qdan m\u0259hrum edilib.<\/p>\n<p>Qeyd ed\u0259k ki, hadis\u0259 \u00f6t\u0259n il avqustun 29-da gec\u0259 saatlar\u0131nda C\u0259lilabad rayonunun Qaraz\u0259ncir k\u0259ndind\u0259 ba\u015f verib.<\/p>\n<p>K\u0259nd sakini 86 ya\u015fl\u0131 Firuz\u0259 \u018fsg\u0259rova v\u0259 onun q\u0131z\u0131, 46 ya\u015fl\u0131 S\u0259nub\u0259r \u018fsg\u0259rova q\u0259tl\u0259 yetirilib.<\/p>\n<p>Q\u0259tli \u018fsg\u0259rovlar\u0131n qon\u015fulu\u011funda ya\u015fayan 1984-c\u00fc il t\u0259v\u0259ll\u00fcdl\u00fc Ya\u015far Bayramovun t\u00f6r\u0259tdiyi m\u0259lum olub.<\/p>\n<p>Ya\u015far Bayramov 2011-ci ilin avqustun 17-d\u0259 Firuz\u0259 \u018fsg\u0259rovan\u0131n o\u011flu Oqtay\u0131 b\u0131\u00e7aqlay\u0131b. Onun \u015fikay\u0259ti \u0259sas\u0131nda Ya\u015far Bayramov h\u0259bs edilib.<br \/>\nL\u0259nk\u0259ran A\u011f\u0131r Cinay\u0259tl\u0259r M\u0259hk\u0259m\u0259sinin 2012-ci ild\u0259 ke\u00e7irl\u0259n iclaslar\u0131nda Ya\u015far Bayramovun cinay\u0259t t\u00f6r\u0259tdiyi s\u00fcbuta yetirilib. M\u0259hk\u0259m\u0259nin h\u00f6km\u00fc il\u0259 o, 6 il m\u00fcdd\u0259tin\u0259 azadl\u0131qdan m\u0259hrum edilib.<\/p>\n<p>C\u0259zas\u0131n\u0131 \u00e7\u0259k\u0259n Ya\u015far Bayramov \u00f6t\u0259n il azadl\u0131\u011fa \u00e7\u0131x\u0131b. Ya\u015far Bayramov Oqtay \u018fsg\u0259rovu \u00f6ld\u00fcr\u0259c\u0259yi il\u0259 h\u0259d\u0259l\u0259yib. Amma o, azadl\u0131\u011fa \u00e7\u0131xd\u0131qdan bir ne\u00e7\u0259 g\u00fcn sonra Oqtay v\u0259fat edib.<br \/>\n\u0130lkin ehtimala g\u00f6r\u0259, Ya\u015far Bayramov ail\u0259 \u00fczvl\u0259rini qisas m\u0259qs\u0259di il\u0259 \u00f6ld\u00fcr\u00fcb.<br \/>\nH\u0259bsd\u0259n azad olunan Ya\u015far Bayramov C\u0259lilabad rayonunda deyil, paytaxtda ya\u015fama\u011fa ba\u015flay\u0131b. O, paytaxtda kiray\u0259d\u0259 ya\u015fay\u0131b v\u0259 f\u0259hl\u0259likl\u0259 m\u0259\u015f\u011ful olub.<\/p>\n<div id=\"AdviadNativeVideo0\" class=\"AdviadNativeVideo\"><\/div>\n<p>Avqustun 29-da k\u0259nd\u0259 g\u0259l\u0259n Ya\u015far Bayramovun Firuz\u0259 \u018fsk\u0259rova il\u0259 m\u00fcbahis\u0259si yaran\u0131b.<br \/>\nAx\u015fam saatlar\u0131nda onlar\u0131n evin\u0259 yollanan Ya\u015far Bayramov S\u0259nub\u0259r \u018fsk\u0259rovaya t\u0259cav\u00fcz edib.<br \/>\nDaha sonra o, t\u0259cav\u00fcz etdiyi q\u0131z\u0131 bo\u011faraq \u00f6ld\u00fcr\u00fcb.<\/p>\n<p>Evd\u0259n \u00e7\u0131xan Ya\u015far Bayramov h\u0259y\u0259td\u0259 Firuz\u0259 \u018fsk\u0259rovan\u0131n ba\u015f\u0131n\u0131 k\u0259sib.<\/p>\n<p>Ana v\u0259 q\u0131z\u0131n meyitini t\u00f6vl\u0259y\u0259 aparan Ya\u015far Bayramov meyitl\u0259ri orada basd\u0131r\u0131b v\u0259 hadis\u0259 yerini t\u0259rk edib.<br \/>\nAmma yerd\u0259 qan izl\u0259rinin olmas\u0131 cinay\u0259tin q\u0131\u015fa zamanda a\u00e7\u0131lmas\u0131na s\u0259b\u0259b olub.<\/p>\n<p>Polis v\u0259 prokurorluq \u0259m\u0259kda\u015flar\u0131n\u0131n ke\u00e7irdiyi \u0259m\u0259liyyat n\u0259tic\u0259sind\u0259 cinay\u0259ti t\u00f6r\u0259tm\u0259kd\u0259 \u015f\u00fcbh\u0259li bilin\u0259n Ya\u015far Bayramov h\u0259bs edilib.<\/p>\n<p>Qeyd ed\u0259k ki, h\u00f6kmd\u0259n naraz\u0131 qalan Ya\u015far Bayramov apellyasiya \u015fikay\u0259ti verib. \u015eirvan Apellyasiya M\u0259hk\u0259m\u0259si is\u0259 onun \u015fikay\u0259tini t\u0259min etm\u0259yib.<\/p>\n","protected":false},"excerpt":{"rendered":"<p>L\u0259nk\u0259ran A\u011f\u0131r Cinay\u0259tl\u0259r M\u0259hk\u0259m\u0259sind\u0259 q\u0259sd\u0259n adam \u00f6ld\u00fcrm\u0259 v\u0259 quldurluq etm\u0259d\u0259 t\u0259qsirl\u0259ndiril\u0259n Ya\u015far Bayramovun cinay\u0259t i\u015fi \u00fczr\u0259 m\u0259hk\u0259m\u0259 iclas\u0131 ba\u015fa \u00e7at\u0131b. ARANTV.AZ\u00a0 \u00f6lk\u0259.az-a istinad\u0259n\u00a0x\u0259b\u0259r verir ki, hakim Oruc C\u0259lilovun s\u0259drliyi il\u0259 ke\u00e7iril\u0259n prosesd\u0259 h\u00f6km oxunub. M\u0259hk\u0259m\u0259nin h\u00f6km\u00fc il\u0259 Y.Bayramov \u00f6m\u00fcrl\u00fck azadl\u0131qdan m\u0259hrum edilib. Qeyd ed\u0259k ki, hadis\u0259 \u00f6t\u0259n il avqustun 29-da gec\u0259 saatlar\u0131nda C\u0259lilabad rayonunun Qaraz\u0259ncir k\u0259ndind\u0259 ba\u015f verib. K\u0259nd sakini 86 ya\u015fl\u0131 Firuz\u0259 \u018fsg\u0259rova v\u0259 onun q\u0131z\u0131, 46 ya\u015fl\u0131 S\u0259nub\u0259r \u018fsg\u0259rova q\u0259tl\u0259 yetirilib. Q\u0259tli \u018fsg\u0259rovlar\u0131n qon\u015fulu\u011funda ya\u015fayan 1984-c\u00fc il t\u0259v\u0259ll\u00fcdl\u00fc Ya\u015far Bayramovun t\u00f6r\u0259tdiyi m\u0259lum olub. Ya\u015far Bayramov 2011-ci ilin avqustun&hellip;<\/p>\n","protected":false},"author":2,"featured_media":54088,"comment_status":"closed","ping_status":"closed","sticky":false,"template":"","format":"standard","meta":{"om_disable_all_campaigns":false,"_monsterinsights_skip_tracking":false,"_monsterinsights_sitenote_active":false,"_monsterinsights_sitenote_note":"","_monsterinsights_sitenote_category":0},"categories":[3],"tags":[],"aioseo_notices":[],"gutentor_comment":0,"rttpg_featured_image_url":{"full":["https:\/\/arantv.az\/wp-content\/uploads\/2019\/04\/750961.jpg",800,600,false],"landscape":["https:\/\/arantv.az\/wp-content\/uploads\/2019\/04\/750961.jpg",800,600,false],"portraits":["https:\/\/arantv.az\/wp-content\/uploads\/2019\/04\/750961.jpg",800,600,false],"thumbnail":["https:\/\/arantv.az\/wp-content\/uploads\/2019\/04\/750961-150x150.jpg",150,150,true],"medium":["https:\/\/arantv.az\/wp-content\/uploads\/2019\/04\/750961-300x225.jpg",300,225,true],"large":["https:\/\/arantv.az\/wp-content\/uploads\/2019\/04\/750961.jpg",640,480,false],"1536x1536":["https:\/\/arantv.az\/wp-content\/uploads\/2019\/04\/750961.jpg",800,600,false],"2048x2048":["https:\/\/arantv.az\/wp-content\/uploads\/2019\/04\/750961.jpg",800,600,false],"post-thumbnail":["https:\/\/arantv.az\/wp-content\/uploads\/2019\/04\/750961-240x172.jpg",240,172,true],"advps-thumb-one":["https:\/\/arantv.az\/wp-content\/uploads\/2019\/04\/750961.jpg",800,600,false]},"rttpg_author":{"display_name":"V\u00fcsal Rafiqo\u011flu","author_link":"https:\/\/arantv.az\/?author=2"},"rttpg_comment":0,"rttpg_category":"<a href=\"https:\/\/arantv.az\/?cat=3\" rel=\"category\">Kriminal<\/a>","rttpg_excerpt":"L\u0259nk\u0259ran A\u011f\u0131r Cinay\u0259tl\u0259r M\u0259hk\u0259m\u0259sind\u0259 q\u0259sd\u0259n adam \u00f6ld\u00fcrm\u0259 v\u0259 quldurluq etm\u0259d\u0259 t\u0259qsirl\u0259ndiril\u0259n Ya\u015far Bayramovun cinay\u0259t i\u015fi \u00fczr\u0259 m\u0259hk\u0259m\u0259 iclas\u0131 ba\u015fa \u00e7at\u0131b. ARANTV.AZ\u00a0 \u00f6lk\u0259.az-a istinad\u0259n\u00a0x\u0259b\u0259r verir ki, hakim Oruc C\u0259lilovun s\u0259drliyi il\u0259 ke\u00e7iril\u0259n prosesd\u0259 h\u00f6km oxunub. M\u0259hk\u0259m\u0259nin h\u00f6km\u00fc il\u0259 Y.Bayramov \u00f6m\u00fcrl\u00fck azadl\u0131qdan m\u0259hrum edilib. Qeyd ed\u0259k ki, hadis\u0259 \u00f6t\u0259n il avqustun 29-da gec\u0259 saatlar\u0131nda C\u0259lilabad rayonunun Qaraz\u0259ncir&hellip;","_links":{"self":[{"href":"https:\/\/arantv.az\/index.php?rest_route=\/wp\/v2\/posts\/54087"}],"collection":[{"href":"https:\/\/arantv.az\/index.php?rest_route=\/wp\/v2\/posts"}],"about":[{"href":"https:\/\/arantv.az\/index.php?rest_route=\/wp\/v2\/types\/post"}],"author":[{"embeddable":true,"href":"https:\/\/arantv.az\/index.php?rest_route=\/wp\/v2\/users\/2"}],"replies":[{"embeddable":true,"href":"https:\/\/arantv.az\/index.php?rest_route=%2Fwp%2Fv2%2Fcomments&post=54087"}],"version-history":[{"count":0,"href":"https:\/\/arantv.az\/index.php?rest_route=\/wp\/v2\/posts\/54087\/revisions"}],"wp:featuredmedia":[{"embeddable":true,"href":"https:\/\/arantv.az\/index.php?rest_route=\/wp\/v2\/media\/54088"}],"wp:attachment":[{"href":"https:\/\/arantv.az\/index.php?rest_route=%2Fwp%2Fv2%2Fmedia&parent=54087"}],"wp:term":[{"taxonomy":"category","embeddable":true,"href":"https:\/\/arantv.az\/index.php?rest_route=%2Fwp%2Fv2%2Fcategories&post=54087"},{"taxonomy":"post_tag","embeddable":true,"href":"https:\/\/arantv.az\/index.php?rest_route=%2Fwp%2Fv2%2Ftags&post=54087"}],"curies":[{"name":"wp","href":"https:\/\/api.w.org\/{rel}","templated":true}]}}