{"id":54098,"date":"2019-04-30T14:58:47","date_gmt":"2019-04-30T11:58:47","guid":{"rendered":"http:\/\/arantv.az\/?p=54098"},"modified":"2019-04-30T14:58:47","modified_gmt":"2019-04-30T11:58:47","slug":"falci-qapisindan-biabirci-foto","status":"publish","type":"post","link":"https:\/\/arantv.az\/?p=54098","title":{"rendered":"Fal\u00e7\u0131 qap\u0131s\u0131ndan B\u0130ABIR\u00c7I FOTO"},"content":{"rendered":"<p>Sosial \u015f\u0259b\u0259k\u0259d\u0259 yay\u0131lan bir foto b\u00f6y\u00fck mara\u011fa s\u0259b\u0259b olub.<br \/>\n<b>ARANTV.AZ\u00a0<\/b>\u00a0&#8220;\u00d6lk\u0259.Az&#8221;a istinad\u0259n x\u0259b\u0259r verir ki, \u0130nstaqram s\u0259hif\u0259l\u0259rinin birind\u0259 &#8220;Fal\u00e7\u0131 qap\u0131s\u0131nda&#8221; ad\u0131 alt\u0131nda payla\u015f\u0131lan foto m\u00fczakir\u0259l\u0259r\u0259 s\u0259b\u0259b olub.<\/p>\n<p>&#8220;Bu g\u00f6r\u00fcnt\u00fc Bak\u0131da saat 07.10 d\u0259 \u00e7\u0259kilib. Camaat fal\u00e7\u0131 yan\u0131na g\u0259lib. S\u00fcbh tezd\u0259n n\u00f6vb\u0259dir.&#8221;- dey\u0259 bildiril\u0259n foto izl\u0259yicil\u0259r t\u0259r\u0259find\u0259n bir m\u0259nal\u0131 qar\u015f\u0131lanmay\u0131b.<\/p>\n<div id=\"AdviadNativeVideo0\" class=\"AdviadNativeVideo\"><\/div>\n<p>Kimi orada s\u0259h\u0259r saat 4-d\u0259n n\u00f6vb\u0259 tutan insanlara ac\u0131y\u0131b, kimi is\u0259 onlar\u0131 savads\u0131zl\u0131qda, avaml\u0131qda g\u00fcnahland\u0131r\u0131b.<\/p>\n<p>&#8220;Yaz\u0131qlar \u00e7ar\u0259sizdir q\u0131namay\u0131n&#8221;, &#8220;\u018flacs\u0131zl\u0131qdan gedibl\u0259r, Allah k\u00f6m\u0259kl\u0259ri olsun&#8221;, &#8220;Mill\u0259t nec\u0259 avam, savads\u0131zd\u0131r&#8221;, &#8220;Olmasaydi axmaqlar, ac qalardi sarsaqlar. Ba\u015fda savad yoxdursa yerini m\u00f6vhumat c\u0259hal\u0259t tutar.&#8221;- kimi \u015f\u0259rhl\u0259r yaz\u0131l\u0131b.<br \/>\nBundan ba\u015fqa fal\u00e7\u0131n\u0131n \u0259laq\u0259 n\u00f6mr\u0259si v\u0259 \u00fcnvan\u0131 il\u0259 maraqlananlar da olub.<\/p>\n","protected":false},"excerpt":{"rendered":"<p>Sosial \u015f\u0259b\u0259k\u0259d\u0259 yay\u0131lan bir foto b\u00f6y\u00fck mara\u011fa s\u0259b\u0259b olub. ARANTV.AZ\u00a0\u00a0&#8220;\u00d6lk\u0259.Az&#8221;a istinad\u0259n x\u0259b\u0259r verir ki, \u0130nstaqram s\u0259hif\u0259l\u0259rinin birind\u0259 &#8220;Fal\u00e7\u0131 qap\u0131s\u0131nda&#8221; ad\u0131 alt\u0131nda payla\u015f\u0131lan foto m\u00fczakir\u0259l\u0259r\u0259 s\u0259b\u0259b olub. &#8220;Bu g\u00f6r\u00fcnt\u00fc Bak\u0131da saat 07.10 d\u0259 \u00e7\u0259kilib. Camaat fal\u00e7\u0131 yan\u0131na g\u0259lib. S\u00fcbh tezd\u0259n n\u00f6vb\u0259dir.&#8221;- dey\u0259 bildiril\u0259n foto izl\u0259yicil\u0259r t\u0259r\u0259find\u0259n bir m\u0259nal\u0131 qar\u015f\u0131lanmay\u0131b. Kimi orada s\u0259h\u0259r saat 4-d\u0259n n\u00f6vb\u0259 tutan insanlara ac\u0131y\u0131b, kimi is\u0259 onlar\u0131 savads\u0131zl\u0131qda, avaml\u0131qda g\u00fcnahland\u0131r\u0131b. &#8220;Yaz\u0131qlar \u00e7ar\u0259sizdir q\u0131namay\u0131n&#8221;, &#8220;\u018flacs\u0131zl\u0131qdan gedibl\u0259r, Allah k\u00f6m\u0259kl\u0259ri olsun&#8221;, &#8220;Mill\u0259t nec\u0259 avam, savads\u0131zd\u0131r&#8221;, &#8220;Olmasaydi axmaqlar, ac qalardi sarsaqlar. Ba\u015fda savad yoxdursa yerini m\u00f6vhumat c\u0259hal\u0259t tutar.&#8221;- kimi \u015f\u0259rhl\u0259r yaz\u0131l\u0131b.&hellip;<\/p>\n","protected":false},"author":2,"featured_media":54099,"comment_status":"closed","ping_status":"closed","sticky":false,"template":"","format":"standard","meta":{"om_disable_all_campaigns":false,"_monsterinsights_skip_tracking":false,"_monsterinsights_sitenote_active":false,"_monsterinsights_sitenote_note":"","_monsterinsights_sitenote_category":0},"categories":[1],"tags":[],"aioseo_notices":[],"gutentor_comment":0,"rttpg_featured_image_url":{"full":["https:\/\/arantv.az\/wp-content\/uploads\/2019\/04\/ytyyt.jpg",550,522,false],"landscape":["https:\/\/arantv.az\/wp-content\/uploads\/2019\/04\/ytyyt.jpg",550,522,false],"portraits":["https:\/\/arantv.az\/wp-content\/uploads\/2019\/04\/ytyyt.jpg",550,522,false],"thumbnail":["https:\/\/arantv.az\/wp-content\/uploads\/2019\/04\/ytyyt-150x150.jpg",150,150,true],"medium":["https:\/\/arantv.az\/wp-content\/uploads\/2019\/04\/ytyyt-300x285.jpg",300,285,true],"large":["https:\/\/arantv.az\/wp-content\/uploads\/2019\/04\/ytyyt.jpg",550,522,false],"1536x1536":["https:\/\/arantv.az\/wp-content\/uploads\/2019\/04\/ytyyt.jpg",550,522,false],"2048x2048":["https:\/\/arantv.az\/wp-content\/uploads\/2019\/04\/ytyyt.jpg",550,522,false],"post-thumbnail":["https:\/\/arantv.az\/wp-content\/uploads\/2019\/04\/ytyyt-240x172.jpg",240,172,true],"advps-thumb-one":["https:\/\/arantv.az\/wp-content\/uploads\/2019\/04\/ytyyt.jpg",550,522,false]},"rttpg_author":{"display_name":"V\u00fcsal Rafiqo\u011flu","author_link":"https:\/\/arantv.az\/?author=2"},"rttpg_comment":0,"rttpg_category":"<a href=\"https:\/\/arantv.az\/?cat=1\" rel=\"category\">C\u0259miyy\u0259t<\/a>","rttpg_excerpt":"Sosial \u015f\u0259b\u0259k\u0259d\u0259 yay\u0131lan bir foto b\u00f6y\u00fck mara\u011fa s\u0259b\u0259b olub. ARANTV.AZ\u00a0\u00a0&#8220;\u00d6lk\u0259.Az&#8221;a istinad\u0259n x\u0259b\u0259r verir ki, \u0130nstaqram s\u0259hif\u0259l\u0259rinin birind\u0259 &#8220;Fal\u00e7\u0131 qap\u0131s\u0131nda&#8221; ad\u0131 alt\u0131nda payla\u015f\u0131lan foto m\u00fczakir\u0259l\u0259r\u0259 s\u0259b\u0259b olub. &#8220;Bu g\u00f6r\u00fcnt\u00fc Bak\u0131da saat 07.10 d\u0259 \u00e7\u0259kilib. Camaat fal\u00e7\u0131 yan\u0131na g\u0259lib. S\u00fcbh tezd\u0259n n\u00f6vb\u0259dir.&#8221;- dey\u0259 bildiril\u0259n foto izl\u0259yicil\u0259r t\u0259r\u0259find\u0259n bir m\u0259nal\u0131 qar\u015f\u0131lanmay\u0131b. Kimi orada s\u0259h\u0259r saat 4-d\u0259n n\u00f6vb\u0259 tutan&hellip;","_links":{"self":[{"href":"https:\/\/arantv.az\/index.php?rest_route=\/wp\/v2\/posts\/54098"}],"collection":[{"href":"https:\/\/arantv.az\/index.php?rest_route=\/wp\/v2\/posts"}],"about":[{"href":"https:\/\/arantv.az\/index.php?rest_route=\/wp\/v2\/types\/post"}],"author":[{"embeddable":true,"href":"https:\/\/arantv.az\/index.php?rest_route=\/wp\/v2\/users\/2"}],"replies":[{"embeddable":true,"href":"https:\/\/arantv.az\/index.php?rest_route=%2Fwp%2Fv2%2Fcomments&post=54098"}],"version-history":[{"count":0,"href":"https:\/\/arantv.az\/index.php?rest_route=\/wp\/v2\/posts\/54098\/revisions"}],"wp:featuredmedia":[{"embeddable":true,"href":"https:\/\/arantv.az\/index.php?rest_route=\/wp\/v2\/media\/54099"}],"wp:attachment":[{"href":"https:\/\/arantv.az\/index.php?rest_route=%2Fwp%2Fv2%2Fmedia&parent=54098"}],"wp:term":[{"taxonomy":"category","embeddable":true,"href":"https:\/\/arantv.az\/index.php?rest_route=%2Fwp%2Fv2%2Fcategories&post=54098"},{"taxonomy":"post_tag","embeddable":true,"href":"https:\/\/arantv.az\/index.php?rest_route=%2Fwp%2Fv2%2Ftags&post=54098"}],"curies":[{"name":"wp","href":"https:\/\/api.w.org\/{rel}","templated":true}]}}