{"id":54104,"date":"2019-04-30T15:15:52","date_gmt":"2019-04-30T12:15:52","guid":{"rendered":"http:\/\/arantv.az\/?p=54104"},"modified":"2019-04-30T15:15:52","modified_gmt":"2019-04-30T12:15:52","slug":"h%c9%99rbi-prokurorluqda-elmi-praktik-konfrans-kecirilib","status":"publish","type":"post","link":"https:\/\/arantv.az\/?p=54104","title":{"rendered":"H\u0259rbi Prokurorluqda elmi-praktik konfrans ke\u00e7irilib"},"content":{"rendered":"<p>Bu g\u00fcn Az\u0259rbaycan Respublikas\u0131n\u0131n H\u0259rbi Prokurorlu\u011funda m\u00fcasir Az\u0259rbaycan d\u00f6vl\u0259tinin memar\u0131 v\u0259 qurucusu, Az\u0259rbaycan xalq\u0131n\u0131n \u00fcmummilli lideri Heyd\u0259r \u018fliyevin 96 illik yubileyi m\u00fcnasib\u0259ti il\u0259 \u0259laq\u0259dar \u201cAz\u0259rbaycan Silahl\u0131 Q\u00fcvv\u0259l\u0259rinin yarad\u0131lmas\u0131nda Heyd\u0259r \u018fliyevin x\u00fcsusi xidm\u0259tl\u0259ri v\u0259 Az\u0259rbaycan Silahl\u0131 Q\u00fcvv\u0259l\u0259rinin bu g\u00fcn\u00fc\u201d m\u00f6vzusunda elmi-praktik konfrans ke\u00e7irilmi\u015fdir.<\/p>\n<p><b>ARANTV.AZ\u00a0<\/b>x\u0259b\u0259r verir ki, t\u0259dbir i\u015ftirak\u00e7\u0131lar\u0131 &#8211; Respublika H\u0259rbi prokuroru Xanlar V\u0259liyev, Milli M\u0259clisin deputatlar\u0131 Musa Quliyev, \u0130lham M\u0259mm\u0259dov, Respublika Veteranlar T\u0259\u015fkilat\u0131n\u0131n s\u0259dr m\u00fcavini C\u0259lil X\u0259lilov, \u00fczv\u00fc B\u0259hr\u0259m Zahidov, Az\u0259rbaycan V\u0259t\u0259n M\u00fcharib\u0259si Veteranlar\u0131 \u0130ctimai Birliyinin s\u0259dri F\u00fczuli Rzaquliyev, s\u0259dr m\u00fcavini Vahid Abudur\u0259hmanov v\u0259 H\u0259rbi Prokurorlu\u011fun r\u0259hb\u0259r v\u0259zif\u0259li i\u015f\u00e7il\u0259ri \u0259vv\u0259lc\u0259 H\u0259rbi Prokurorlu\u011fun inzibati binas\u0131nda yerl\u0259\u015f\u0259n \u201cHeyd\u0259r \u018fliyev gu\u015f\u0259si\u201dnd\u0259 Ulu \u00f6nd\u0259r Heyd\u0259r \u018fliyevin b\u00fcst\u00fc \u00f6n\u00fcn\u0259 g\u00fcl d\u0259st\u0259l\u0259ri d\u00fcz\u0259r\u0259k b\u00f6y\u00fck \u015f\u0259xsiyy\u0259tin \u0259ziz v\u0259 unudulmaz xatir\u0259sin\u0259 olan d\u0259rin ehtiramlar\u0131n\u0131 bildirdil\u0259r.<\/p>\n<p>Konfrans ba\u015flamam\u0131\u015fdan \u00f6nc\u0259 \u00fcmummilli liderin m\u00fcq\u0259dd\u0259s ruhu s\u00fckutla yad edildi. Ard\u0131nca konfrans\u0131 a\u00e7\u0131q elan etm\u0259kl\u0259, \u00e7\u0131x\u0131\u015f\u0131na ba\u015flayan H\u0259rbi prokuror Xanlar V\u0259liyev f\u00f6vq\u0259lb\u0259\u015f\u0259r Heyd\u0259r \u018fliyevin \u00e7ox\u015fax\u0259li, \u015f\u0259r\u0259fli, m\u0259nal\u0131 \u00f6m\u00fcr yolundan, z\u0259ngin d\u00f6vl\u0259t\u00e7ilik t\u0259cr\u00fcb\u0259sind\u0259n, mill\u0259timiz v\u0259 d\u00f6vl\u0259timiz qar\u015f\u0131s\u0131ndak\u0131 misilsiz xidm\u0259tl\u0259rind\u0259n, o c\u00fcml\u0259d\u0259n Az\u0259rbaycan Silahl\u0131 Q\u00fcvv\u0259l\u0259rinin qurulmas\u0131 v\u0259 formala\u015fd\u0131r\u0131lmas\u0131 istiqam\u0259tind\u0259 g\u00f6rd\u00fcy\u00fc n\u0259h\u0259ng i\u015fl\u0259rd\u0259n s\u00f6z a\u00e7araq, ulu \u00f6nd\u0259rin m\u00fc\u0259yy\u0259n etdiyi, Az\u0259rbaycan\u0131n parlaq g\u0259l\u0259c\u0259yin\u0259 hesablanm\u0131\u015f siyasi kursu u\u011furla davam etdir\u0259n Az\u0259rbaycan Respublikas\u0131n\u0131n Prezidenti c\u0259nab \u0130lham \u018fliyevin r\u0259hb\u0259rliyi il\u0259 \u00f6lk\u0259mizd\u0259 b\u00fct\u00fcn sah\u0259l\u0259rd\u0259, o c\u00fcml\u0259d\u0259n ordu quruculu\u011funda \u0259ld\u0259 olunmu\u015f b\u00f6y\u00fck nailiyy\u0259tl\u0259ri diqq\u0259t\u0259 \u00e7atd\u0131rd\u0131.<\/p>\n<p>H\u0259rbi prokuror Xanlar V\u0259liyev bildirdi ki, bir q\u0259rin\u0259d\u0259n d\u0259 \u00e7ox zaman k\u0259siyind\u0259 \u00f6lk\u0259mizin r\u0259hb\u0259ri olmu\u015f \u00fcmummilli lider Heyd\u0259r \u018fliyev t\u0259kc\u0259 qeyd olunan d\u00f6vrd\u0259 deyil, b\u00fct\u00fcn h\u0259yat\u0131 boyu Az\u0259rbaycan\u0131n v\u0259 onun xalq\u0131n\u0131n rifah\u0131n\u0131 d\u00fc\u015f\u00fcn\u0259r\u0259k, bu ali amal u\u011frunda yorulmaz f\u0259aliyy\u0259t g\u00f6st\u0259rm\u0259kl\u0259, \u00f6mr\u00fcn\u00fc bu yolda f\u0259da etdiyi \u00fc\u00e7\u00fcn q\u0259lbl\u0259rd\u0259 daimi sevgi, yadda\u015flarda \u0259b\u0259diya\u015farl\u0131q qazanm\u0131\u015fd\u0131r. M\u0259hz ulu \u00f6nd\u0259r Heyd\u0259r \u018fliyevin r\u0259hb\u0259rliyi il\u0259 tarixin \u0259n s\u0259rt v\u0259 \u00e7\u0259tin s\u0131naqlar\u0131ndan ke\u00e7\u0259n xalq\u0131m\u0131z, \u0259xz etdiyi milli d\u00f6vl\u0259t\u00e7ilik \u0259n\u0259n\u0259l\u0259rini vahid sistem hal\u0131na salaraq \u00f6z\u00fcn\u00fc t\u0259sdiq etmi\u015f, m\u00fcst\u0259qil d\u00f6vl\u0259td\u0259 suveren ya\u015fama\u011f\u0131 v\u0259 \u00f6z\u00fcn\u00fc idar\u0259 etm\u0259k haqq\u0131n\u0131 qoruma\u011f\u0131 bacarm\u0131\u015fd\u0131r.<\/p>\n<p>\u00dcmummilli liderin z\u0259ngin v\u0259 \u00e7ox\u015fax\u0259li f\u0259aliyy\u0259tinin prioritet istiqam\u0259tl\u0259rind\u0259n birinin d\u0259 Az\u0259rbaycan\u0131n t\u0259hl\u00fck\u0259siz g\u0259l\u0259c\u0259yin\u0259 t\u0259minat, m\u00fcst\u0259qilliyin\u0259 z\u0259man\u0259t ver\u0259n ordu quruculu\u011funun t\u0259\u015fkil etdiyini vur\u011fulayan Xanlar V\u0259liyev bildirdi ki, 14 iyul 1969-cu il tarixd\u0259 Az\u0259rbaycanda siyasi hakimiyy\u0259t\u0259 g\u0259l\u0259n ulu \u00f6nd\u0259r \u00f6lk\u0259mizd\u0259 SSR\u0130 m\u00fcdafi\u0259 s\u0259nayesinin on bir b\u00f6y\u00fck zavodunun tikilm\u0259sini, h\u0259min zavodlarda o d\u00f6vr\u00fcn \u0259n m\u00fcasir texnologiyalar\u0131 t\u0259tbiq olunmaqla keyfiyy\u0259tli h\u0259rbi s\u0259naye m\u0259hsullar\u0131n istehsal\u0131n\u0131, milli h\u0259rbi kadrlar\u0131n haz\u0131rlanmas\u0131n\u0131 v\u0259 bu sah\u0259d\u0259 dig\u0259r z\u0259ruri t\u0259dbirl\u0259rin g\u00f6r\u00fclm\u0259sini t\u0259min etm\u0259kl\u0259, m\u00fcst\u0259qillik \u0259ld\u0259 olunmas\u0131ndan ill\u0259r \u00f6nc\u0259 ilkin milli h\u0259rbi bazan\u0131n \u0259n y\u00fcks\u0259k s\u0259viyy\u0259d\u0259 t\u0259\u015fkilin\u0259 nail olmu\u015fdur.<br \/>\nXanlar V\u0259liyev qeyd etdi ki, m\u00fcst\u0259qilliyin ilk ill\u0259rind\u0259 \u00f6lk\u0259nin m\u0259ruz qald\u0131\u011f\u0131 h\u0259rbi t\u0259cav\u00fcz\u00fcn, Erm\u0259nistan-Az\u0259rbaycan, Da\u011fl\u0131q Qaraba\u011f m\u00fcnaqi\u015f\u0259sinin a\u011f\u0131r n\u0259tic\u0259l\u0259rinin, habel\u0259 \u00f6lk\u0259 daxilind\u0259 siyasi \u00e7\u0259ki\u015fm\u0259l\u0259rin m\u00f6vcud oldu\u011fu, v\u0259t\u0259nda\u015f m\u00fcharib\u0259sinin reall\u0131\u011fa \u00e7evrildiyi bir \u015f\u0259raitd\u0259 nicat axtaran xalq\u0131m\u0131z\u0131n yegan\u0259 \u00fcmidi olan ulu \u00f6nd\u0259r Heyd\u0259r \u018fliyev bel\u0259 bir m\u00fcr\u0259kk\u0259b v\u0259ziyy\u0259td\u0259, 1993-c\u00fc ild\u0259 xalq\u0131n israrl\u0131 \u00e7a\u011f\u0131r\u0131\u015f\u0131 il\u0259 respublika r\u0259hb\u0259rliyin\u0259 qay\u0131daraq, d\u0259rin t\u0259f\u0259kk\u00fcr\u00fc, iti z\u0259kas\u0131, polad kimi m\u0259tin irad\u0259si, m\u00fcdrikliy\u0259 s\u00f6yk\u0259n\u0259n qeyri-adi c\u0259sar\u0259ti v\u0259 b\u0259nz\u0259rsiz q\u0259tiyy\u0259ti say\u0259sind\u0259 mill\u0259timizi v\u0259 d\u00f6vl\u0259timizi b\u00f6y\u00fck b\u0259lalardan xilas etm\u0259kl\u0259, Az\u0259rbaycan\u0131 ke\u00e7mi\u015f Sovetl\u0259r Birliyind\u0259n miras qalm\u0131\u015f rejimd\u0259n \u00e7\u0131xararaq, \u00f6lk\u0259mizin g\u00fccl\u00fc iqtisadiyyat\u0131 v\u0259 Silahl\u0131 Q\u00fcvv\u0259l\u0259ri olan demokratik, h\u00fcquqi v\u0259 d\u00fcny\u0259vi d\u00f6vl\u0259t\u0259 \u00e7evrilm\u0259sin\u0259 m\u00fcv\u0259ff\u0259q oldu.<\/p>\n<div id=\"AdviadNativeVideo0\" class=\"AdviadNativeVideo\"><\/div>\n<p>Az\u0259rbaycan xalq\u0131n\u0131n \u0259n parlaq \u015f\u0259xsiyy\u0259tl\u0259rinin f\u00f6vq\u00fcnd\u0259 dayanan ulu \u00f6nd\u0259r Heyd\u0259r \u018fliyevin m\u00fc\u0259yy\u0259nl\u0259\u015fdirdiyi inki\u015faf strategiyas\u0131n\u0131 u\u011furla davam etdir\u0259n m\u00f6ht\u0259r\u0259m Prezident, c\u0259nab \u0130lham \u018fliyevin m\u00fcdrik siyas\u0259ti, m\u00fck\u0259mm\u0259l r\u0259hb\u0259rliyi, h\u0259m\u00e7inin g\u0259rgin \u0259m\u0259yi v\u0259 yorulmaz f\u0259aliyy\u0259ti il\u0259 respublikam\u0131zda apar\u0131lan islahatlar v\u0259 \u0259ld\u0259 olunmu\u015f b\u00f6y\u00fck nailiyy\u0259tl\u0259rd\u0259n, \u00f6lk\u0259mizin s\u00fcr\u0259tl\u0259 v\u0259 h\u0259rt\u0259r\u0259fli inki\u015faf etm\u0259sind\u0259n, d\u00f6vl\u0259timizin daha da q\u00fcdr\u0259tl\u0259nm\u0259sind\u0259n b\u0259hs ed\u0259n Xanlar V\u0259liyev bildirdi ki, Az\u0259rbaycan qeyd olunan d\u00f6vrd\u0259 misli g\u00f6r\u00fcnm\u0259mi\u015f u\u011furlar \u0259ld\u0259 etmi\u015f, \u00f6lk\u0259nin m\u00fcasirl\u0259\u015fm\u0259si sah\u0259sind\u0259 m\u00f6ht\u0259\u015f\u0259m layih\u0259l\u0259r icra olunmu\u015f, paytaxt Bak\u0131 \u015f\u0259h\u0259ri il\u0259 yana\u015f\u0131, regionlar da s\u00fcr\u0259tli inki\u015faf etdirilmi\u015f, insanlar\u0131n ya\u015fay\u0131\u015f v\u0259 \u0259m\u0259k \u015f\u0259raiti \u0259sasl\u0131 yax\u015f\u0131la\u015fd\u0131r\u0131lm\u0131\u015fd\u0131r. H\u0259rbi prokuror h\u0259m\u00e7inin qeyd etdi ki, \u00f6lk\u0259d\u0259 insan h\u00fcquq v\u0259 azadl\u0131qlar\u0131n\u0131n etibarl\u0131 m\u00fcdafi\u0259si, d\u00fcnya tarixi-m\u0259d\u0259ni irsinin inki\u015faf\u0131na v\u0259 tolerantl\u0131\u011fa x\u00fcsusi \u00f6n\u0259m verilm\u0259si, beyn\u0259lxalq h\u00fcquqa v\u0259 d\u00fcnyada m\u00f6vcud olan siyasi d\u0259y\u0259rl\u0259r\u0259 s\u0259daq\u0259t Az\u0259rbaycan\u0131n beyn\u0259lxalq n\u00fcfuzunu art\u0131rmaqla, d\u00fcnya d\u00f6vl\u0259tl\u0259ri s\u0131ras\u0131nda m\u00f6vqeyini d\u0259 g\u00fccl\u0259ndirmi\u015fd\u0131r. Ulu \u00f6nd\u0259r Heyd\u0259r \u018fliyevin m\u00fck\u0259mm\u0259l ordu quruculu\u011fu strategiyas\u0131n\u0131n m\u00fcdrik lider c\u0259nab \u0130lham \u018fliyev t\u0259r\u0259find\u0259n yeni m\u00fcst\u0259vid\u0259 u\u011furla davam etdirilm\u0259si n\u0259tic\u0259sind\u0259 maddi-texniki bazas\u0131 m\u00f6hk\u0259ml\u0259ndirilmi\u015f, arsenal\u0131 \u0259n m\u00fcasir silah v\u0259 dig\u0259r h\u0259rbi texnika il\u0259 z\u0259nginl\u0259\u015fdirilmi\u015f, \u015f\u0259xsi hey\u0259ti d\u0259rin n\u0259z\u0259ri bilikl\u0259r\u0259 v\u0259 pe\u015f\u0259kar v\u0259rdi\u015fl\u0259r\u0259 malik h\u0259rb\u00e7il\u0259rd\u0259n komplektl\u0259\u015fdirilmi\u015f, ist\u0259nil\u0259n d\u00f6y\u00fc\u015f tap\u015f\u0131r\u0131\u011f\u0131n\u0131 \u0259n y\u00fcks\u0259k s\u0259viyy\u0259d\u0259 yerin\u0259 yetirm\u0259y\u0259 qadir olan Az\u0259rbaycan Silahl\u0131 Q\u00fcvv\u0259l\u0259rinin formala\u015fd\u0131r\u0131ld\u0131\u011f\u0131n\u0131 vur\u011fulayan H\u0259rbi prokuror, 2003-c\u00fc ild\u0259n bu g\u00fcn\u0259 q\u0259d\u0259r h\u0259rbi x\u0259rcl\u0259rimizin 15 d\u0259f\u0259 artmas\u0131ndan, c\u0259nab Prezidentin t\u0259\u015f\u0259bb\u00fcs\u00fc il\u0259 20-d\u0259n \u00e7ox h\u0259rbi zavodun yarad\u0131lmas\u0131ndan, bu zavodlarda istehsal olunan 1200 adda h\u0259rbi t\u0259yinatl\u0131 m\u00fcxt\u0259lif m\u0259hsullar\u0131n hesab\u0131na ordumuzun potensial\u0131n\u0131n g\u00fccl\u0259ndirilm\u0259sind\u0259n, eyni zamanda h\u0259rbi m\u0259hsullar\u0131m\u0131z\u0131n dig\u0259r \u00f6lk\u0259l\u0259r\u0259 ixrac olunmas\u0131ndan, bununla b\u0259rab\u0259r, xarici \u00f6lk\u0259l\u0259rd\u0259n \u0259n m\u00fcasir h\u0259rbi texnika v\u0259 silahlar al\u0131nmaqla Silahl\u0131 Q\u00fcvv\u0259l\u0259rimizin maddi-texniki bazas\u0131n\u0131n daha da g\u00fccl\u0259ndirilm\u0259sind\u0259n geni\u015f s\u00f6z a\u00e7d\u0131. Ard\u0131nca H\u0259rbi prokuror Silahl\u0131 Q\u00fcvv\u0259l\u0259rimizin q\u00fcdr\u0259tini v\u0259 n\u0259y\u0259 qadir oldu\u011funu s\u00fcbut ed\u0259n 2016-c\u0131 ilin \u201caprel\u201d v\u0259 2018-ci ilin \u201cmay\u201d d\u00f6y\u00fc\u015fl\u0259rind\u0259n, h\u0259m\u00e7inin y\u00fcks\u0259k s\u0259viyy\u0259d\u0259 ke\u00e7iril\u0259n m\u00f6ht\u0259\u015f\u0259m paradlardan b\u0259hs etdi. \u201cGlobal Firepower\u201d t\u0259\u015fkilat\u0131n\u0131n d\u00fcnya \u00f6lk\u0259l\u0259ri ordular\u0131n\u0131n g\u00fcc\u00fc il\u0259 ba\u011fl\u0131 haz\u0131rlad\u0131\u011f\u0131 yeni hesabatda G\u00fcrc\u00fcstan 85-ci, Erm\u0259nistan 96-c\u0131 s\u0131rada q\u0259rarla\u015fd\u0131\u011f\u0131 halda, ordumuzun 52-ci yeri tutmas\u0131n\u0131, bununla da, Az\u0259rbaycan Ordusunun C\u0259nubi Qafqaz\u0131n \u0259n g\u00fccl\u00fc ordusu oldu\u011funun bir daha \u00f6z t\u0259sdiqini tapmas\u0131n\u0131 v\u0259 bunun t\u0259sad\u00fcf olmad\u0131\u011f\u0131n\u0131 x\u00fcsusi vur\u011fulayan Xanlar V\u0259liyev, m\u00f6ht\u0259r\u0259m Prezident \u0130lham \u018fliyevin r\u0259hb\u0259rliyi il\u0259 Silahl\u0131 Q\u00fcvv\u0259l\u0259rd\u0259 apar\u0131lm\u0131\u015f k\u00f6kl\u00fc islahatlar v\u0259 g\u00f6r\u00fclm\u00fc\u015f z\u0259ruri t\u0259dbirl\u0259r say\u0259sind\u0259 haz\u0131rda Silahl\u0131 Q\u00fcvv\u0259l\u0259rimizd\u0259 m\u00f6vcud olan ciddi nizam intizamdan, qanun\u00e7ulu\u011fun v\u0259 h\u00fcquq qaydas\u0131n\u0131n daha da m\u00f6hk\u0259ml\u0259nm\u0259sind\u0259n, \u015f\u0259xsi hey\u0259tin pe\u015f\u0259kar haz\u0131rl\u0131\u011f\u0131ndan, y\u00fcks\u0259k d\u00f6y\u00fc\u015f ruhundan, el\u0259c\u0259 d\u0259 H\u0259rbi Prokurorlu\u011fun s\u0259m\u0259r\u0259li f\u0259aliyy\u0259tind\u0259n n\u0259tic\u0259d\u0259 Silahl\u0131 q\u00fcvv\u0259ll\u0259rd\u0259 ba\u015f ver\u0259n cinay\u0259tl\u0259rin, o c\u00fcml\u0259d\u0259n h\u0259rbi xidm\u0259t \u0259leyhin\u0259 olan cinay\u0259tl\u0259rin say\u0131n\u0131n \u0259h\u0259miyy\u0259tli d\u0259r\u0259c\u0259d\u0259 azalmas\u0131ndan dan\u0131\u015fmaqla, nitqinin davam\u0131nda bildirdi ki, \u00f6t\u0259n ild\u0259 Az\u0259rbaycan Respublikas\u0131 H\u0259rbi Prokurorlu\u011fu \u00fczr\u0259 qeyd\u0259 al\u0131nm\u0131\u015f m\u00fcxt\u0259lif q\u0259bild\u0259n olan cinay\u0259tl\u0259rin dig\u0259r f\u0259rqli ill\u0259rl\u0259 m\u00fcqayis\u0259li t\u0259hlili apar\u0131lark\u0259n m\u0259lum olmu\u015fdur ki, h\u0259rbi xidm\u0259t \u0259leyhin\u0259 olan cinay\u0259tl\u0259r 1998-ci ill\u0259 m\u00fcqayis\u0259d\u0259 7 d\u0259f\u0259, h\u0259rbi xidm\u0259td\u0259n yay\u0131nma cinay\u0259tl\u0259ri 1998-ci ill\u0259 m\u00fcqayis\u0259d\u0259 33 d\u0259f\u0259, h\u0259rbi hiss\u0259ni v\u0259 ya xidm\u0259t yerini \u00f6zba\u015f\u0131na t\u0259rk etm\u0259 cinay\u0259tl\u0259ri 1998-ci ill\u0259 m\u00fcqayis\u0259d\u0259 29 d\u0259f\u0259, f\u0259rarilik cinay\u0259tl\u0259ri 1998-ci ill\u0259 m\u00fcqayis\u0259d\u0259 371 d\u0259f\u0259, m\u00fcharib\u0259 vaxt\u0131 v\u0259 ya d\u00f6y\u00fc\u015f \u015f\u0259raitind\u0259 h\u0259rbi hiss\u0259ni v\u0259 ya xidm\u0259t yerini \u00f6zba\u015f\u0131na t\u0259rk etm\u0259 cinay\u0259tl\u0259ri 1998-ci ill\u0259 m\u00fcqayis\u0259d\u0259 1000 d\u0259f\u0259; tabe\u00e7ilik qaydalar\u0131 \u0259leyhin\u0259 olan cinay\u0259tl\u0259r 2007-ci ill\u0259 m\u00fcqayis\u0259d\u0259 2 d\u0259f\u0259; h\u0259rbi qulluq\u00e7unu t\u0259hqir etm\u0259, d\u00f6ym\u0259 v\u0259 ya i\u015fg\u0259nc\u0259 verm\u0259 cinay\u0259tl\u0259ri 2007-ci ill\u0259 m\u00fcqayis\u0259d\u0259 2 d\u0259f\u0259; tabelik m\u00fcnasib\u0259tl\u0259rind\u0259 olmayan h\u0259rbi qulluq\u00e7ular aras\u0131nda qar\u015f\u0131l\u0131ql\u0131 m\u00fcnasib\u0259tl\u0259rin nizamnam\u0259 qaydalar\u0131n\u0131 pozma cinay\u0259tl\u0259ri 2013-c\u00fc ill\u0259 m\u00fcqayis\u0259d\u0259 41,7%; hakimiyy\u0259td\u0259n sui-istifad\u0259 etm\u0259 1998-ci ill\u0259 m\u00fcqayis\u0259d\u0259 36,0 %; qullu\u011fa s\u0259hl\u0259nkar yana\u015fma cinay\u0259tl\u0259ri 1998-ci ill\u0259 m\u00fcqayis\u0259d\u0259 51,4 %; qeyri h\u0259rbi cinay\u0259tl\u0259r 1998-ci ill\u0259 m\u00fcqayis\u0259d\u0259 10,2%, 1998-ci ill\u0259 m\u00fcqayis\u0259d\u0259 q\u0259sd\u0259n adam \u00f6ld\u00fcrm\u0259 cinay\u0259tl\u0259ri 5 d\u0259f\u0259 v\u0259 \u00f6z\u00fcn\u00fc \u00f6ld\u00fcrm\u0259 h\u0259ddin\u0259 \u00e7atd\u0131rma cinay\u0259tl\u0259ri is\u0259 2 d\u0259f\u0259 azalm\u0131\u015fd\u0131r.<\/p>\n<p>\u00d6lk\u0259mizd\u0259 b\u00fct\u00fcn sah\u0259l\u0259rd\u0259 \u0259ld\u0259 olunan u\u011furlar bar\u0259d\u0259 nitqini davam etdir\u0259n Xanlar V\u0259liyev, bu u\u011furlar\u0131n qazan\u0131lmas\u0131nda Az\u0259rbaycan Respublikas\u0131n\u0131n Birinci vitse-prezidenti, Heyd\u0259r \u018fliyev Fondunun prezidenti Mehriban xan\u0131m \u018fliyevan\u0131n \u0259v\u0259zsiz xidm\u0259tl\u0259rini x\u00fcsusi vur\u011fulayaraq, Mehriban xan\u0131m\u0131n g\u00f6rk\u0259mli d\u00f6vl\u0259t xadimi kimi uzun ill\u0259r \u0259rzind\u0259 \u00f6lk\u0259mizin h\u0259rt\u0259r\u0259fli v\u0259 s\u00fcr\u0259tli inki\u015faf\u0131, d\u00f6vl\u0259t\u00e7iliyimizin m\u00f6hk\u0259ml\u0259ndirilm\u0259si, xalq\u0131m\u0131z\u0131n rifah\u0131n\u0131n yax\u015f\u0131la\u015fd\u0131r\u0131lmas\u0131, d\u00f6vl\u0259timizin, xalq\u0131m\u0131z\u0131n, m\u0259d\u0259niyy\u0259timizin v\u0259 milli d\u0259y\u0259rl\u0259rimizin b\u00fct\u00fcn d\u00fcnyaya tan\u0131d\u0131lmas\u0131 istiqam\u0259tind\u0259 z\u0259ngin v\u0259 d\u0259y\u0259rli f\u0259aliyy\u0259ti bar\u0259d\u0259 geni\u015f \u00e7\u0131x\u0131\u015f etdi.<br \/>\nDaha sonra, mill\u0259t v\u0259kill\u0259ri Musa Quliyev, \u0130lham M\u0259mm\u0259dov, professorlar C\u0259lil X\u0259lilov v\u0259 B\u0259hr\u0259m Zahidov b\u00f6y\u00fck \u015f\u0259xsiyy\u0259t Heyd\u0259r \u018fliyevin z\u0259ngin v\u0259 m\u0259nal\u0131 h\u0259yat\u0131ndan, ali idar\u0259\u00e7ilik t\u0259cr\u00fcb\u0259sind\u0259n, \u00e7ox\u015fax\u0259li f\u0259aliyy\u0259tind\u0259n, onun uzaqg\u00f6r\u0259n v\u0259 m\u00fcdrik siyas\u0259tinin layiqli davam\u00e7\u0131s\u0131 m\u00f6ht\u0259r\u0259m Prezident, c\u0259nab \u0130lham \u018fliyev t\u0259r\u0259find\u0259n u\u011furla davam etdirilm\u0259sind\u0259n b\u0259hs ed\u0259r\u0259k, geni\u015f nitql\u0259r s\u00f6yl\u0259dil\u0259r.<\/p>\n<p>Sonda Xanlar V\u0259liyev, 11 aprel 2018-ci il tarixd\u0259 Az\u0259rbaycan xalq\u0131n\u0131n n\u00f6vb\u0259ti d\u0259f\u0259 d\u00fczg\u00fcn se\u00e7im etdiyini, bu m\u00fcdrik se\u00e7imin \u00fcmummilli lider\u0259 v\u0259 m\u00f6ht\u0259r\u0259m Prezident, c\u0259nab \u0130lham \u018fliyev\u0259 xalqda yaranm\u0131\u015f sonsuz inam v\u0259 sevgid\u0259n ir\u0259li g\u0259l\u0259n z\u0259rur\u0259td\u0259n do\u011fdu\u011funu x\u00fcsusi vur\u011fulayaraq bildirdi ki, H\u0259rbi Prokurorlu\u011fun kollektivi mill\u0259timizin v\u0259 d\u00f6vl\u0259timizin maraqlar\u0131na xidm\u0259t ed\u0259n ulu \u00f6nd\u0259r siyas\u0259tinin m\u00f6ht\u0259r\u0259m Prezidentimiz t\u0259r\u0259find\u0259n u\u011furla davam etdirilm\u0259sind\u0259, o c\u00fcml\u0259d\u0259n d\u00f6vl\u0259t m\u00fcst\u0259qilliyinin, ictimai-siyasi sabitliyin, \u0259min-amanl\u0131\u011f\u0131n qorunmas\u0131nda, insan h\u00fcquq v\u0259 azadl\u0131qlar\u0131n\u0131n etibarl\u0131 m\u00fcdafi\u0259sind\u0259, Silahl\u0131<\/p>\n<p>Q\u00fcvv\u0259l\u0259rd\u0259 qanun\u00e7ulu\u011fun, h\u00fcquq qaydas\u0131n\u0131n v\u0259 h\u0259rbi intizam\u0131n daha da m\u00f6hk\u0259ml\u0259ndirilm\u0259sind\u0259, qanunun aliliyinin t\u0259min edilm\u0259sind\u0259 \u00fcz\u0259rin\u0259 d\u00fc\u015f\u0259n v\u0259zif\u0259l\u0259ri layiqinc\u0259 icra etm\u0259kl\u0259 Az\u0259rbaycan\u0131n firavan g\u0259l\u0259c\u0259yinin t\u0259minat\u0131 olan bu siyas\u0259ti daim d\u0259st\u0259kl\u0259y\u0259c\u0259kdir.<br \/>\n<img class=\"imgbcodecent\" src=\"https:\/\/upload.az\/foto\/arxiv\/1_41556625443.jpg\" alt=\"H\u0259rbi Prokurorluqda elmi-praktik konfrans ke\u00e7irilib\" \/><br \/>\n<img class=\"imgbcodecent\" src=\"https:\/\/upload.az\/foto\/arxiv\/2_71556625443.jpg\" alt=\"H\u0259rbi Prokurorluqda elmi-praktik konfrans ke\u00e7irilib\" \/><br \/>\n<img class=\"imgbcodecent\" src=\"https:\/\/upload.az\/foto\/arxiv\/3_91556625443.jpg\" alt=\"H\u0259rbi Prokurorluqda elmi-praktik konfrans ke\u00e7irilib\" \/><br \/>\n<img class=\"imgbcodecent\" src=\"https:\/\/upload.az\/foto\/arxiv\/4_81556625443.jpg\" alt=\"H\u0259rbi Prokurorluqda elmi-praktik konfrans ke\u00e7irilib\" \/><\/p>\n<p>big.az<\/p>\n","protected":false},"excerpt":{"rendered":"<p>Bu g\u00fcn Az\u0259rbaycan Respublikas\u0131n\u0131n H\u0259rbi Prokurorlu\u011funda m\u00fcasir Az\u0259rbaycan d\u00f6vl\u0259tinin memar\u0131 v\u0259 qurucusu, Az\u0259rbaycan xalq\u0131n\u0131n \u00fcmummilli lideri Heyd\u0259r \u018fliyevin 96 illik yubileyi m\u00fcnasib\u0259ti il\u0259 \u0259laq\u0259dar \u201cAz\u0259rbaycan Silahl\u0131 Q\u00fcvv\u0259l\u0259rinin yarad\u0131lmas\u0131nda Heyd\u0259r \u018fliyevin x\u00fcsusi xidm\u0259tl\u0259ri v\u0259 Az\u0259rbaycan Silahl\u0131 Q\u00fcvv\u0259l\u0259rinin bu g\u00fcn\u00fc\u201d m\u00f6vzusunda elmi-praktik konfrans ke\u00e7irilmi\u015fdir. ARANTV.AZ\u00a0x\u0259b\u0259r verir ki, t\u0259dbir i\u015ftirak\u00e7\u0131lar\u0131 &#8211; Respublika H\u0259rbi prokuroru Xanlar V\u0259liyev, Milli M\u0259clisin deputatlar\u0131 Musa Quliyev, \u0130lham M\u0259mm\u0259dov, Respublika Veteranlar T\u0259\u015fkilat\u0131n\u0131n s\u0259dr m\u00fcavini C\u0259lil X\u0259lilov, \u00fczv\u00fc B\u0259hr\u0259m Zahidov, Az\u0259rbaycan V\u0259t\u0259n M\u00fcharib\u0259si Veteranlar\u0131 \u0130ctimai Birliyinin s\u0259dri F\u00fczuli Rzaquliyev, s\u0259dr m\u00fcavini Vahid Abudur\u0259hmanov v\u0259 H\u0259rbi Prokurorlu\u011fun r\u0259hb\u0259r v\u0259zif\u0259li i\u015f\u00e7il\u0259ri \u0259vv\u0259lc\u0259&hellip;<\/p>\n","protected":false},"author":2,"featured_media":54105,"comment_status":"closed","ping_status":"closed","sticky":false,"template":"","format":"standard","meta":{"om_disable_all_campaigns":false,"_monsterinsights_skip_tracking":false,"_monsterinsights_sitenote_active":false,"_monsterinsights_sitenote_note":"","_monsterinsights_sitenote_category":0},"categories":[19],"tags":[],"aioseo_notices":[],"gutentor_comment":0,"rttpg_featured_image_url":{"full":["https:\/\/arantv.az\/wp-content\/uploads\/2019\/04\/4_71556625487.jpg",650,532,false],"landscape":["https:\/\/arantv.az\/wp-content\/uploads\/2019\/04\/4_71556625487.jpg",650,532,false],"portraits":["https:\/\/arantv.az\/wp-content\/uploads\/2019\/04\/4_71556625487.jpg",650,532,false],"thumbnail":["https:\/\/arantv.az\/wp-content\/uploads\/2019\/04\/4_71556625487-150x150.jpg",150,150,true],"medium":["https:\/\/arantv.az\/wp-content\/uploads\/2019\/04\/4_71556625487-300x246.jpg",300,246,true],"large":["https:\/\/arantv.az\/wp-content\/uploads\/2019\/04\/4_71556625487.jpg",640,524,false],"1536x1536":["https:\/\/arantv.az\/wp-content\/uploads\/2019\/04\/4_71556625487.jpg",650,532,false],"2048x2048":["https:\/\/arantv.az\/wp-content\/uploads\/2019\/04\/4_71556625487.jpg",650,532,false],"post-thumbnail":["https:\/\/arantv.az\/wp-content\/uploads\/2019\/04\/4_71556625487-240x172.jpg",240,172,true],"advps-thumb-one":["https:\/\/arantv.az\/wp-content\/uploads\/2019\/04\/4_71556625487.jpg",650,532,false]},"rttpg_author":{"display_name":"V\u00fcsal Rafiqo\u011flu","author_link":"https:\/\/arantv.az\/?author=2"},"rttpg_comment":0,"rttpg_category":"<a href=\"https:\/\/arantv.az\/?cat=19\" rel=\"category\">G\u00fcnd\u0259m<\/a>","rttpg_excerpt":"Bu g\u00fcn Az\u0259rbaycan Respublikas\u0131n\u0131n H\u0259rbi Prokurorlu\u011funda m\u00fcasir Az\u0259rbaycan d\u00f6vl\u0259tinin memar\u0131 v\u0259 qurucusu, Az\u0259rbaycan xalq\u0131n\u0131n \u00fcmummilli lideri Heyd\u0259r \u018fliyevin 96 illik yubileyi m\u00fcnasib\u0259ti il\u0259 \u0259laq\u0259dar \u201cAz\u0259rbaycan Silahl\u0131 Q\u00fcvv\u0259l\u0259rinin yarad\u0131lmas\u0131nda Heyd\u0259r \u018fliyevin x\u00fcsusi xidm\u0259tl\u0259ri v\u0259 Az\u0259rbaycan Silahl\u0131 Q\u00fcvv\u0259l\u0259rinin bu g\u00fcn\u00fc\u201d m\u00f6vzusunda elmi-praktik konfrans ke\u00e7irilmi\u015fdir. ARANTV.AZ\u00a0x\u0259b\u0259r verir ki, t\u0259dbir i\u015ftirak\u00e7\u0131lar\u0131 &#8211; Respublika H\u0259rbi prokuroru Xanlar V\u0259liyev, Milli M\u0259clisin&hellip;","_links":{"self":[{"href":"https:\/\/arantv.az\/index.php?rest_route=\/wp\/v2\/posts\/54104"}],"collection":[{"href":"https:\/\/arantv.az\/index.php?rest_route=\/wp\/v2\/posts"}],"about":[{"href":"https:\/\/arantv.az\/index.php?rest_route=\/wp\/v2\/types\/post"}],"author":[{"embeddable":true,"href":"https:\/\/arantv.az\/index.php?rest_route=\/wp\/v2\/users\/2"}],"replies":[{"embeddable":true,"href":"https:\/\/arantv.az\/index.php?rest_route=%2Fwp%2Fv2%2Fcomments&post=54104"}],"version-history":[{"count":0,"href":"https:\/\/arantv.az\/index.php?rest_route=\/wp\/v2\/posts\/54104\/revisions"}],"wp:featuredmedia":[{"embeddable":true,"href":"https:\/\/arantv.az\/index.php?rest_route=\/wp\/v2\/media\/54105"}],"wp:attachment":[{"href":"https:\/\/arantv.az\/index.php?rest_route=%2Fwp%2Fv2%2Fmedia&parent=54104"}],"wp:term":[{"taxonomy":"category","embeddable":true,"href":"https:\/\/arantv.az\/index.php?rest_route=%2Fwp%2Fv2%2Fcategories&post=54104"},{"taxonomy":"post_tag","embeddable":true,"href":"https:\/\/arantv.az\/index.php?rest_route=%2Fwp%2Fv2%2Ftags&post=54104"}],"curies":[{"name":"wp","href":"https:\/\/api.w.org\/{rel}","templated":true}]}}