{"id":54110,"date":"2019-04-30T15:28:45","date_gmt":"2019-04-30T12:28:45","guid":{"rendered":"http:\/\/arantv.az\/?p=54110"},"modified":"2019-04-30T15:28:45","modified_gmt":"2019-04-30T12:28:45","slug":"prezident-ilham-%c9%99liyev-siyas%c9%99timizin-m%c9%99rk%c9%99zind%c9%99-az%c9%99rbaycan-v%c9%99t%c9%99ndasi-dayanir-v%c9%99-v%c9%99t%c9%99ndasin-rifahi-ucun-%c9%99limizd%c9%99n-g%c9%99l%c9%99ni-ed","status":"publish","type":"post","link":"https:\/\/arantv.az\/?p=54110","title":{"rendered":"Prezident \u0130lham \u018fliyev: &#8220;Siyas\u0259timizin m\u0259rk\u0259zind\u0259 Az\u0259rbaycan v\u0259t\u0259nda\u015f\u0131 dayan\u0131r v\u0259 v\u0259t\u0259nda\u015f\u0131n rifah\u0131 \u00fc\u00e7\u00fcn \u0259limizd\u0259n g\u0259l\u0259ni edirik&#8221;"},"content":{"rendered":"<p>&#8220;Siyas\u0259timizin m\u0259rk\u0259zind\u0259 Az\u0259rbaycan v\u0259t\u0259nda\u015f\u0131 dayan\u0131r v\u0259 v\u0259t\u0259nda\u015f\u0131n rifah\u0131 \u00fc\u00e7\u00fcn \u0259limizd\u0259n g\u0259l\u0259ni edirik&#8221;.<\/p>\n<p><strong>ARANTV.AZ<\/strong> az\u0259rtac-a istinad\u0259n x\u0259b\u0259r verir ki, bunu Prezident \u0130lham \u018fliyev aprelin 30-da Nazirl\u0259r Kabinetinin 2019-cu ilin birinci r\u00fcb\u00fcn\u00fcn sosial-iqtisadi inki\u015faf\u0131n\u0131n yekunlar\u0131na v\u0259 qar\u015f\u0131da duran v\u0259zif\u0259l\u0259r\u0259 h\u0259sr olunan iclas\u0131nda \u00e7\u0131x\u0131\u015f\u0131 zaman\u0131 deyib.<\/p>\n<p>D\u00f6vl\u0259timizin ba\u015f\u00e7\u0131s\u0131 \u0130lham \u018fliyev ke\u00e7\u0259n il prezident se\u00e7kil\u0259rind\u0259n sonra islahatlar\u0131n yeni m\u0259rh\u0259l\u0259sinin ba\u015flad\u0131\u011f\u0131n\u0131 v\u0259 onun icras\u0131 \u00fc\u00e7\u00fcn m\u0259qs\u0259dy\u00f6nl\u00fc add\u0131mlar at\u0131ld\u0131\u011f\u0131n\u0131 bildirdi. &#8220;\u0130slahatlara alternativ yoxdur&#8221;, &#8211; dey\u0259n Prezident \u0130lham \u018fliyev vur\u011fulad\u0131 ki, son 15 ild\u0259 Az\u0259rbaycan q\u0259d\u0259r d\u00fcnyada inki\u015faf ed\u0259n ikinci \u00f6lk\u0259 yoxdur.<\/p>\n<p>Birinci r\u00fcbd\u0259 b\u00fcdc\u0259 daxilolmalar\u0131n\u0131n artd\u0131\u011f\u0131n\u0131, bununla da \u0259lav\u0259 maliyy\u0259 resursunun formala\u015fd\u0131\u011f\u0131n\u0131 dey\u0259n d\u00f6vl\u0259timizin ba\u015f\u00e7\u0131s\u0131 ilin \u0259vv\u0259lind\u0259n \u00fcmumi daxili m\u0259hsulun, s\u0259naye istehsal\u0131n\u0131n, qeyri-neft s\u0259nayesinin, k\u0259nd t\u0259s\u0259rr\u00fcfat\u0131n\u0131n, \u0259halinin g\u0259lirl\u0259rinin artd\u0131\u011f\u0131n\u0131, \u00f6lk\u0259 iqtisadiyyat\u0131na 2,8 milyard dollar s\u0259rmay\u0259 qoyuldu\u011funu dedi. Qeyd etdi ki, D\u00fcnya Bank\u0131n\u0131n &#8220;Doing Business&#8221; hesabat\u0131nda Az\u0259rbaycan 25-ci yer\u0259 layiq g\u00f6r\u00fcl\u00fcb v\u0259 10 \u0259n islahat\u00e7\u0131 \u00f6lk\u0259 aras\u0131ndad\u0131r. \u0130lin \u0259vv\u0259lind\u0259n b\u00f6y\u00fck h\u0259cmli sosial paketin icra edildiyini dey\u0259n Prezident \u0130lham \u018fliyev minimum \u0259m\u0259khaqq\u0131n\u0131n, minimum pensiyalar\u0131n, m\u0259cburi k\u00f6\u00e7k\u00fcnl\u0259r\u0259 veril\u0259n m\u00fcavin\u0259tl\u0259rin, t\u0259l\u0259b\u0259l\u0259rin t\u0259qa\u00fcdl\u0259rinin v\u0259 dig\u0259r sosial m\u00fcavin\u0259tl\u0259rin artd\u0131\u011f\u0131n\u0131 bildirdi, problemli kreditl\u0259rl\u0259 ba\u011fl\u0131 m\u0259s\u0259l\u0259nin v\u0259 vaxtil\u0259 tikil\u0259n, lakin istismara q\u0259bul edilm\u0259y\u0259n binalarla ba\u011fl\u0131 yaranan problemin h\u0259ll olundu\u011funu vur\u011fulad\u0131.<\/p>\n<p>&#8220;Bizim siyas\u0259timizin m\u0259rk\u0259zind\u0259 Az\u0259rbaycan v\u0259t\u0259nda\u015f\u0131 dayan\u0131r v\u0259 v\u0259t\u0259nda\u015f\u0131n rifah\u0131 \u00fc\u00e7\u00fcn biz \u0259limizd\u0259n g\u0259l\u0259ni edirik&#8221;, &#8211; dey\u0259n Prezident \u0130lham \u018fliyev regionlar\u0131n sosial-iqtisadi inki\u015faf\u0131na dair d\u00f6rd\u00fcnc\u00fc D\u00f6vl\u0259t Proqram\u0131n\u0131n \u0259h\u0259miyy\u0259tind\u0259n dan\u0131\u015fd\u0131.<\/p>\n<p>Erm\u0259nistan-Az\u0259rbaycan Da\u011fl\u0131q Qaraba\u011f m\u00fcnaqi\u015f\u0259sind\u0259n b\u0259hs ed\u0259rk\u0259n d\u00f6vl\u0259timizin ba\u015f\u00e7\u0131s\u0131 bildirdi ki, bu m\u0259s\u0259l\u0259 il\u0259 ba\u011fl\u0131 Az\u0259rbaycan\u0131n m\u00f6vqeyind\u0259 he\u00e7 bir d\u0259yi\u015fiklik yoxdur v\u0259 m\u00fcnaqi\u015f\u0259 \u00f6lk\u0259mizin \u0259razi b\u00fct\u00f6vl\u00fcy\u00fc, suverenliyi \u00e7\u0259r\u00e7iv\u0259sind\u0259, beyn\u0259lxalq h\u00fcququn normalar\u0131na uy\u011fun h\u0259ll olunmal\u0131d\u0131r.<\/p>\n<p>Sonra Prezidentin iqtisadi siyas\u0259t v\u0259 s\u0259naye m\u0259s\u0259l\u0259l\u0259ri \u00fczr\u0259 k\u00f6m\u0259k\u00e7isi Natiq \u018fmirov, k\u0259nd t\u0259s\u0259rr\u00fcfat\u0131 naziri \u0130nam K\u0259rimov, \u0130cbari Tibbi S\u0131\u011forta \u00fczr\u0259 D\u00f6vl\u0259t Agentliyinin \u0130dar\u0259 hey\u0259tinin s\u0259dri Zaur \u018fliyev g\u00f6r\u00fcl\u0259n i\u015fl\u0259rl\u0259 ba\u011fl\u0131 m\u0259ruz\u0259 etdil\u0259r.<\/p>\n<p>Prezident \u0130lham \u018fliyev yekun nitqind\u0259 haz\u0131rda iqtisadiyyat\u0131n yeni inki\u015faf strategiyas\u0131n\u0131n haz\u0131rland\u0131\u011f\u0131n\u0131, \u00f6lk\u0259d\u0259 apar\u0131lan islahatlar\u0131n beyn\u0259lxalq qurumlar t\u0259r\u0259find\u0259n d\u0259st\u0259kl\u0259ndiyini bildirdi. D\u00f6vl\u0259timizin ba\u015f\u00e7\u0131s\u0131 ilin sonuna q\u0259d\u0259r elektrik enerjisi, qazla\u015fd\u0131rma, i\u00e7m\u0259li su, meliorativ t\u0259dbirl\u0259r, xarici s\u0259rmay\u0259l\u0259rin c\u0259lbi, m\u0259cburi k\u00f6\u00e7k\u00fcnl\u0259r v\u0259 \u015f\u0259hid ail\u0259l\u0259rinin yeni m\u0259nzill\u0259rl\u0259 t\u0259min olunmas\u0131 il\u0259 ba\u011fl\u0131 g\u00f6r\u00fcl\u0259c\u0259k i\u015fl\u0259rd\u0259n dan\u0131\u015fd\u0131. Son 15 ild\u0259 \u00f6lk\u0259d\u0259 2 milyon yeni i\u015f yerinin yarad\u0131ld\u0131\u011f\u0131n\u0131, \u0259halinin say\u0131n\u0131n 10 milyona \u00e7atd\u0131\u011f\u0131n\u0131, bunun da qar\u015f\u0131da yeni v\u0259zif\u0259l\u0259r qoydu\u011funu dey\u0259n Prezident \u0130lham \u018fliyev bildirdi ki, bu il d\u0259 sosial infrastruktur layih\u0259l\u0259rinin icras\u0131 diqq\u0259t m\u0259rk\u0259zind\u0259 saxlan\u0131lacaq. A\u011fsu, \u0130smay\u0131ll\u0131 v\u0259 \u015eamax\u0131 rayonlar\u0131nda ba\u015f ver\u0259n z\u0259lz\u0259l\u0259nin f\u0259sadlar\u0131n\u0131n u\u011furla aradan qald\u0131r\u0131ld\u0131\u011f\u0131n\u0131 dey\u0259n d\u00f6vl\u0259timizin ba\u015f\u00e7\u0131s\u0131 Az\u0259rbaycan v\u0259t\u0259nda\u015flar\u0131n\u0131 \u0259min etdi ki, d\u00f6vl\u0259t h\u0259r zaman onlar\u0131n yan\u0131nda olacaq.<\/p>\n<p>Sonda Prezident \u0130lham \u018fliyev 2019-cu ilin d\u0259 xalq\u0131m\u0131z \u00fc\u00e7\u00fcn u\u011furlu olaca\u011f\u0131na \u0259minliyini ifad\u0259 etdi.<\/p>\n","protected":false},"excerpt":{"rendered":"<p>&#8220;Siyas\u0259timizin m\u0259rk\u0259zind\u0259 Az\u0259rbaycan v\u0259t\u0259nda\u015f\u0131 dayan\u0131r v\u0259 v\u0259t\u0259nda\u015f\u0131n rifah\u0131 \u00fc\u00e7\u00fcn \u0259limizd\u0259n g\u0259l\u0259ni edirik&#8221;. ARANTV.AZ az\u0259rtac-a istinad\u0259n x\u0259b\u0259r verir ki, bunu Prezident \u0130lham \u018fliyev aprelin 30-da Nazirl\u0259r Kabinetinin 2019-cu ilin birinci r\u00fcb\u00fcn\u00fcn sosial-iqtisadi inki\u015faf\u0131n\u0131n yekunlar\u0131na v\u0259 qar\u015f\u0131da duran v\u0259zif\u0259l\u0259r\u0259 h\u0259sr olunan iclas\u0131nda \u00e7\u0131x\u0131\u015f\u0131 zaman\u0131 deyib. D\u00f6vl\u0259timizin ba\u015f\u00e7\u0131s\u0131 \u0130lham \u018fliyev ke\u00e7\u0259n il prezident se\u00e7kil\u0259rind\u0259n sonra islahatlar\u0131n yeni m\u0259rh\u0259l\u0259sinin ba\u015flad\u0131\u011f\u0131n\u0131 v\u0259 onun icras\u0131 \u00fc\u00e7\u00fcn m\u0259qs\u0259dy\u00f6nl\u00fc add\u0131mlar at\u0131ld\u0131\u011f\u0131n\u0131 bildirdi. &#8220;\u0130slahatlara alternativ yoxdur&#8221;, &#8211; dey\u0259n Prezident \u0130lham \u018fliyev vur\u011fulad\u0131 ki, son 15 ild\u0259 Az\u0259rbaycan q\u0259d\u0259r d\u00fcnyada inki\u015faf ed\u0259n ikinci \u00f6lk\u0259 yoxdur. Birinci r\u00fcbd\u0259 b\u00fcdc\u0259 daxilolmalar\u0131n\u0131n artd\u0131\u011f\u0131n\u0131,&hellip;<\/p>\n","protected":false},"author":2,"featured_media":54111,"comment_status":"closed","ping_status":"closed","sticky":false,"template":"","format":"standard","meta":{"om_disable_all_campaigns":false,"_monsterinsights_skip_tracking":false,"_monsterinsights_sitenote_active":false,"_monsterinsights_sitenote_note":"","_monsterinsights_sitenote_category":0},"categories":[4],"tags":[],"aioseo_notices":[],"gutentor_comment":0,"rttpg_featured_image_url":{"full":["https:\/\/arantv.az\/wp-content\/uploads\/2019\/04\/751016.jpg",800,600,false],"landscape":["https:\/\/arantv.az\/wp-content\/uploads\/2019\/04\/751016.jpg",800,600,false],"portraits":["https:\/\/arantv.az\/wp-content\/uploads\/2019\/04\/751016.jpg",800,600,false],"thumbnail":["https:\/\/arantv.az\/wp-content\/uploads\/2019\/04\/751016-150x150.jpg",150,150,true],"medium":["https:\/\/arantv.az\/wp-content\/uploads\/2019\/04\/751016-300x225.jpg",300,225,true],"large":["https:\/\/arantv.az\/wp-content\/uploads\/2019\/04\/751016.jpg",640,480,false],"1536x1536":["https:\/\/arantv.az\/wp-content\/uploads\/2019\/04\/751016.jpg",800,600,false],"2048x2048":["https:\/\/arantv.az\/wp-content\/uploads\/2019\/04\/751016.jpg",800,600,false],"post-thumbnail":["https:\/\/arantv.az\/wp-content\/uploads\/2019\/04\/751016-240x172.jpg",240,172,true],"advps-thumb-one":["https:\/\/arantv.az\/wp-content\/uploads\/2019\/04\/751016.jpg",800,600,false]},"rttpg_author":{"display_name":"V\u00fcsal Rafiqo\u011flu","author_link":"https:\/\/arantv.az\/?author=2"},"rttpg_comment":0,"rttpg_category":"<a href=\"https:\/\/arantv.az\/?cat=4\" rel=\"category\">Siyas\u0259t<\/a>","rttpg_excerpt":"&#8220;Siyas\u0259timizin m\u0259rk\u0259zind\u0259 Az\u0259rbaycan v\u0259t\u0259nda\u015f\u0131 dayan\u0131r v\u0259 v\u0259t\u0259nda\u015f\u0131n rifah\u0131 \u00fc\u00e7\u00fcn \u0259limizd\u0259n g\u0259l\u0259ni edirik&#8221;. ARANTV.AZ az\u0259rtac-a istinad\u0259n x\u0259b\u0259r verir ki, bunu Prezident \u0130lham \u018fliyev aprelin 30-da Nazirl\u0259r Kabinetinin 2019-cu ilin birinci r\u00fcb\u00fcn\u00fcn sosial-iqtisadi inki\u015faf\u0131n\u0131n yekunlar\u0131na v\u0259 qar\u015f\u0131da duran v\u0259zif\u0259l\u0259r\u0259 h\u0259sr olunan iclas\u0131nda \u00e7\u0131x\u0131\u015f\u0131 zaman\u0131 deyib. D\u00f6vl\u0259timizin ba\u015f\u00e7\u0131s\u0131 \u0130lham \u018fliyev ke\u00e7\u0259n il prezident se\u00e7kil\u0259rind\u0259n sonra islahatlar\u0131n yeni m\u0259rh\u0259l\u0259sinin&hellip;","_links":{"self":[{"href":"https:\/\/arantv.az\/index.php?rest_route=\/wp\/v2\/posts\/54110"}],"collection":[{"href":"https:\/\/arantv.az\/index.php?rest_route=\/wp\/v2\/posts"}],"about":[{"href":"https:\/\/arantv.az\/index.php?rest_route=\/wp\/v2\/types\/post"}],"author":[{"embeddable":true,"href":"https:\/\/arantv.az\/index.php?rest_route=\/wp\/v2\/users\/2"}],"replies":[{"embeddable":true,"href":"https:\/\/arantv.az\/index.php?rest_route=%2Fwp%2Fv2%2Fcomments&post=54110"}],"version-history":[{"count":0,"href":"https:\/\/arantv.az\/index.php?rest_route=\/wp\/v2\/posts\/54110\/revisions"}],"wp:featuredmedia":[{"embeddable":true,"href":"https:\/\/arantv.az\/index.php?rest_route=\/wp\/v2\/media\/54111"}],"wp:attachment":[{"href":"https:\/\/arantv.az\/index.php?rest_route=%2Fwp%2Fv2%2Fmedia&parent=54110"}],"wp:term":[{"taxonomy":"category","embeddable":true,"href":"https:\/\/arantv.az\/index.php?rest_route=%2Fwp%2Fv2%2Fcategories&post=54110"},{"taxonomy":"post_tag","embeddable":true,"href":"https:\/\/arantv.az\/index.php?rest_route=%2Fwp%2Fv2%2Ftags&post=54110"}],"curies":[{"name":"wp","href":"https:\/\/api.w.org\/{rel}","templated":true}]}}