{"id":54113,"date":"2019-04-30T15:30:12","date_gmt":"2019-04-30T12:30:12","guid":{"rendered":"http:\/\/arantv.az\/?p=54113"},"modified":"2019-04-30T15:30:12","modified_gmt":"2019-04-30T12:30:12","slug":"astarada-torpaq-surusm%c9%99si-bas-verdi-3-ev-tam-q%c9%99zali-v%c9%99ziyy%c9%99t%c9%99-dusdu","status":"publish","type":"post","link":"https:\/\/arantv.az\/?p=54113","title":{"rendered":"Astarada torpaq s\u00fcr\u00fc\u015fm\u0259si ba\u015f verdi, 3 ev tam q\u0259zal\u0131 v\u0259ziyy\u0259t\u0259 d\u00fc\u015fd\u00fc"},"content":{"rendered":"<p><strong>Astara rayonunda ba\u015f ver\u0259n torpaq s\u00fcr\u00fc\u015fm\u0259si n\u0259tic\u0259sind\u0259 3 f\u0259rdi ya\u015fay\u0131\u015f evi q\u0259zal\u0131 v\u0259ziyy\u0259t\u0259 d\u00fc\u015f\u00fcb.<\/strong><\/p>\n<p><strong>ARANTV.AZ\u00a0<\/strong> x\u0259b\u0259r verir ki, bu bar\u0259d\u0259\u00a0<a href=\"https:\/\/az.trend.az\/\" target=\"_blank\" rel=\"noopener\">Trend<\/a>-\u0259 Astara rayon \u0130cra Hakimiyy\u0259tinin ba\u015f memar\u0131 Balacan H\u0259bibov m\u0259lumat verib.<\/p>\n<p>Onun s\u00f6zl\u0259rin\u0259 g\u00f6r\u0259, s\u00fcr\u00fc\u015fm\u0259 \u0259sas\u0259n da\u011fl\u0131q v\u0259 da\u011f\u0259t\u0259yi k\u0259ndl\u0259rd\u0259 m\u00fc\u015fahid\u0259 olunub:<\/p>\n<p>&#8220;S\u00fcr\u00fc\u015fm\u0259 n\u0259tic\u0259sind\u0259 rayonun Kij\u0259b\u0259 q\u0259s\u0259b\u0259sind\u0259 h\u0259m yol s\u00fcr\u00fc\u015f\u00fcb, h\u0259m d\u0259 f\u0259rdi t\u0259s\u0259rr\u00fcfatlara ziyan d\u0259yib, evl\u0259rd\u0259 \u00e7atlar \u0259m\u0259l\u0259 g\u0259lib. Hadis\u0259 n\u0259tic\u0259sind\u0259 Kij\u0259b\u0259 q\u0259s\u0259b\u0259si v\u0259 Siyaku k\u0259ndinin h\u0259r birind\u0259 1 ev tam q\u0259zal\u0131 v\u0259ziyy\u0259t\u0259 d\u00fc\u015f\u00fcb. H\u0259min ail\u0259l\u0259r m\u00fcv\u0259qq\u0259ti olaraq qohumlar\u0131n\u0131n evin\u0259 k\u00f6\u00e7\u00fcr\u00fcl\u00fcb. Daha sonra onlar\u0131n m\u00fcv\u0259qq\u0259ti m\u0259skunla\u015fmas\u0131 \u00fc\u00e7\u00fcn \u00e7ad\u0131rlar sifari\u015f vermi\u015fik. Asxanak\u0259ran, P\u0259lik\u0259\u015f, Hamo\u015fam, T\u0259ng\u0259rud, \u015e\u00fcvi k\u0259ndl\u0259rind\u0259 d\u0259 torpaq s\u00fcr\u00fc\u015fm\u0259si ba\u015f verib. Bu g\u00fcn daha bir evin q\u0259zal\u0131 v\u0259ziyy\u0259t\u0259 d\u00fc\u015fm\u0259si bar\u0259d\u0259 rayon F\u00f6vq\u0259lad\u0259 Hallar Komissiyas\u0131na m\u00fcraci\u0259t daxil olub. Haz\u0131rda komissiya \u00fczvl\u0259ri h\u0259min \u0259raziy\u0259 bax\u0131\u015f ke\u00e7irir&#8221;.<\/p>\n<div id=\"AdviadNativeVideo0\" class=\"AdviadNativeVideo\"><\/div>\n<p>Ba\u015f memar bildirib ki, F\u00f6vq\u0259lad\u0259 Hallar Nazirliyi v\u0259 Ekologiya v\u0259 T\u0259bii S\u0259rv\u0259tl\u0259r Nazirliyi s\u00fcr\u00fc\u015fm\u0259 zonalar\u0131na bax\u0131\u015f ke\u00e7irib, d\u0259ymi\u015f ziyanla ba\u011fl\u0131 akt t\u0259rtib edilib&#8221;.<\/p>\n","protected":false},"excerpt":{"rendered":"<p>Astara rayonunda ba\u015f ver\u0259n torpaq s\u00fcr\u00fc\u015fm\u0259si n\u0259tic\u0259sind\u0259 3 f\u0259rdi ya\u015fay\u0131\u015f evi q\u0259zal\u0131 v\u0259ziyy\u0259t\u0259 d\u00fc\u015f\u00fcb. ARANTV.AZ\u00a0 x\u0259b\u0259r verir ki, bu bar\u0259d\u0259\u00a0Trend-\u0259 Astara rayon \u0130cra Hakimiyy\u0259tinin ba\u015f memar\u0131 Balacan H\u0259bibov m\u0259lumat verib. Onun s\u00f6zl\u0259rin\u0259 g\u00f6r\u0259, s\u00fcr\u00fc\u015fm\u0259 \u0259sas\u0259n da\u011fl\u0131q v\u0259 da\u011f\u0259t\u0259yi k\u0259ndl\u0259rd\u0259 m\u00fc\u015fahid\u0259 olunub: &#8220;S\u00fcr\u00fc\u015fm\u0259 n\u0259tic\u0259sind\u0259 rayonun Kij\u0259b\u0259 q\u0259s\u0259b\u0259sind\u0259 h\u0259m yol s\u00fcr\u00fc\u015f\u00fcb, h\u0259m d\u0259 f\u0259rdi t\u0259s\u0259rr\u00fcfatlara ziyan d\u0259yib, evl\u0259rd\u0259 \u00e7atlar \u0259m\u0259l\u0259 g\u0259lib. Hadis\u0259 n\u0259tic\u0259sind\u0259 Kij\u0259b\u0259 q\u0259s\u0259b\u0259si v\u0259 Siyaku k\u0259ndinin h\u0259r birind\u0259 1 ev tam q\u0259zal\u0131 v\u0259ziyy\u0259t\u0259 d\u00fc\u015f\u00fcb. H\u0259min ail\u0259l\u0259r m\u00fcv\u0259qq\u0259ti olaraq qohumlar\u0131n\u0131n evin\u0259 k\u00f6\u00e7\u00fcr\u00fcl\u00fcb. Daha sonra onlar\u0131n m\u00fcv\u0259qq\u0259ti m\u0259skunla\u015fmas\u0131 \u00fc\u00e7\u00fcn \u00e7ad\u0131rlar sifari\u015f vermi\u015fik.&hellip;<\/p>\n","protected":false},"author":2,"featured_media":54114,"comment_status":"closed","ping_status":"closed","sticky":false,"template":"","format":"standard","meta":{"om_disable_all_campaigns":false,"_monsterinsights_skip_tracking":false,"_monsterinsights_sitenote_active":false,"_monsterinsights_sitenote_note":"","_monsterinsights_sitenote_category":0},"categories":[1],"tags":[],"aioseo_notices":[],"gutentor_comment":0,"rttpg_featured_image_url":{"full":["https:\/\/arantv.az\/wp-content\/uploads\/2019\/04\/751000.jpg",424,262,false],"landscape":["https:\/\/arantv.az\/wp-content\/uploads\/2019\/04\/751000.jpg",424,262,false],"portraits":["https:\/\/arantv.az\/wp-content\/uploads\/2019\/04\/751000.jpg",424,262,false],"thumbnail":["https:\/\/arantv.az\/wp-content\/uploads\/2019\/04\/751000-150x150.jpg",150,150,true],"medium":["https:\/\/arantv.az\/wp-content\/uploads\/2019\/04\/751000-300x185.jpg",300,185,true],"large":["https:\/\/arantv.az\/wp-content\/uploads\/2019\/04\/751000.jpg",424,262,false],"1536x1536":["https:\/\/arantv.az\/wp-content\/uploads\/2019\/04\/751000.jpg",424,262,false],"2048x2048":["https:\/\/arantv.az\/wp-content\/uploads\/2019\/04\/751000.jpg",424,262,false],"post-thumbnail":["https:\/\/arantv.az\/wp-content\/uploads\/2019\/04\/751000-240x172.jpg",240,172,true],"advps-thumb-one":["https:\/\/arantv.az\/wp-content\/uploads\/2019\/04\/751000.jpg",424,262,false]},"rttpg_author":{"display_name":"V\u00fcsal Rafiqo\u011flu","author_link":"https:\/\/arantv.az\/?author=2"},"rttpg_comment":0,"rttpg_category":"<a href=\"https:\/\/arantv.az\/?cat=1\" rel=\"category\">C\u0259miyy\u0259t<\/a>","rttpg_excerpt":"Astara rayonunda ba\u015f ver\u0259n torpaq s\u00fcr\u00fc\u015fm\u0259si n\u0259tic\u0259sind\u0259 3 f\u0259rdi ya\u015fay\u0131\u015f evi q\u0259zal\u0131 v\u0259ziyy\u0259t\u0259 d\u00fc\u015f\u00fcb. ARANTV.AZ\u00a0 x\u0259b\u0259r verir ki, bu bar\u0259d\u0259\u00a0Trend-\u0259 Astara rayon \u0130cra Hakimiyy\u0259tinin ba\u015f memar\u0131 Balacan H\u0259bibov m\u0259lumat verib. Onun s\u00f6zl\u0259rin\u0259 g\u00f6r\u0259, s\u00fcr\u00fc\u015fm\u0259 \u0259sas\u0259n da\u011fl\u0131q v\u0259 da\u011f\u0259t\u0259yi k\u0259ndl\u0259rd\u0259 m\u00fc\u015fahid\u0259 olunub: &#8220;S\u00fcr\u00fc\u015fm\u0259 n\u0259tic\u0259sind\u0259 rayonun Kij\u0259b\u0259 q\u0259s\u0259b\u0259sind\u0259 h\u0259m yol s\u00fcr\u00fc\u015f\u00fcb, h\u0259m d\u0259 f\u0259rdi t\u0259s\u0259rr\u00fcfatlara ziyan d\u0259yib,&hellip;","_links":{"self":[{"href":"https:\/\/arantv.az\/index.php?rest_route=\/wp\/v2\/posts\/54113"}],"collection":[{"href":"https:\/\/arantv.az\/index.php?rest_route=\/wp\/v2\/posts"}],"about":[{"href":"https:\/\/arantv.az\/index.php?rest_route=\/wp\/v2\/types\/post"}],"author":[{"embeddable":true,"href":"https:\/\/arantv.az\/index.php?rest_route=\/wp\/v2\/users\/2"}],"replies":[{"embeddable":true,"href":"https:\/\/arantv.az\/index.php?rest_route=%2Fwp%2Fv2%2Fcomments&post=54113"}],"version-history":[{"count":0,"href":"https:\/\/arantv.az\/index.php?rest_route=\/wp\/v2\/posts\/54113\/revisions"}],"wp:featuredmedia":[{"embeddable":true,"href":"https:\/\/arantv.az\/index.php?rest_route=\/wp\/v2\/media\/54114"}],"wp:attachment":[{"href":"https:\/\/arantv.az\/index.php?rest_route=%2Fwp%2Fv2%2Fmedia&parent=54113"}],"wp:term":[{"taxonomy":"category","embeddable":true,"href":"https:\/\/arantv.az\/index.php?rest_route=%2Fwp%2Fv2%2Fcategories&post=54113"},{"taxonomy":"post_tag","embeddable":true,"href":"https:\/\/arantv.az\/index.php?rest_route=%2Fwp%2Fv2%2Ftags&post=54113"}],"curies":[{"name":"wp","href":"https:\/\/api.w.org\/{rel}","templated":true}]}}