{"id":541213,"date":"2022-12-03T16:28:26","date_gmt":"2022-12-03T13:28:26","guid":{"rendered":"https:\/\/arantv.az\/?p=541213"},"modified":"2022-12-03T16:28:26","modified_gmt":"2022-12-03T13:28:26","slug":"f%c9%99rid-qayibov-yenid%c9%99n-avropa-gimnastikasinin-prezidenti-secilib","status":"publish","type":"post","link":"https:\/\/arantv.az\/?p=541213","title":{"rendered":"F\u0259rid Qay\u0131bov yenid\u0259n Avropa Gimnastikas\u0131n\u0131n prezidenti se\u00e7ilib"},"content":{"rendered":"<p>Az\u0259rbaycan Respublikas\u0131n\u0131n g\u0259ncl\u0259r v\u0259 idman naziri F\u0259rid Qay\u0131bov Avropa Gimnastikas\u0131n\u0131n 29-cu Konqresind\u0259 s\u0259s \u00e7oxlu\u011fu il\u0259 yenid\u0259n h\u0259min qurumun prezidenti se\u00e7ilib.<\/p>\n<p>Bu bar\u0259d\u0259\u00a0\u201c\u0130ki sahil\u201d\u0259\u00a0Az\u0259rbaycan Gimnastika Federasiyas\u0131ndan m\u0259lumat verilib.<\/p>\n","protected":false},"excerpt":{"rendered":"<p>Az\u0259rbaycan Respublikas\u0131n\u0131n g\u0259ncl\u0259r v\u0259 idman naziri F\u0259rid Qay\u0131bov Avropa Gimnastikas\u0131n\u0131n 29-cu Konqresind\u0259 s\u0259s \u00e7oxlu\u011fu il\u0259 yenid\u0259n h\u0259min qurumun prezidenti se\u00e7ilib. Bu bar\u0259d\u0259\u00a0\u201c\u0130ki sahil\u201d\u0259\u00a0Az\u0259rbaycan Gimnastika Federasiyas\u0131ndan m\u0259lumat verilib.<\/p>\n","protected":false},"author":2,"featured_media":541214,"comment_status":"closed","ping_status":"closed","sticky":false,"template":"","format":"standard","meta":{"om_disable_all_campaigns":false,"_monsterinsights_skip_tracking":false,"_monsterinsights_sitenote_active":false,"_monsterinsights_sitenote_note":"","_monsterinsights_sitenote_category":0},"categories":[6],"tags":[],"aioseo_notices":[],"gutentor_comment":0,"rttpg_featured_image_url":{"full":["https:\/\/arantv.az\/wp-content\/uploads\/2022\/12\/3d8e03e8165036057455436076510373024.jpg",975,540,false],"landscape":["https:\/\/arantv.az\/wp-content\/uploads\/2022\/12\/3d8e03e8165036057455436076510373024.jpg",975,540,false],"portraits":["https:\/\/arantv.az\/wp-content\/uploads\/2022\/12\/3d8e03e8165036057455436076510373024.jpg",975,540,false],"thumbnail":["https:\/\/arantv.az\/wp-content\/uploads\/2022\/12\/3d8e03e8165036057455436076510373024-500x280.jpg",500,280,true],"medium":["https:\/\/arantv.az\/wp-content\/uploads\/2022\/12\/3d8e03e8165036057455436076510373024-660x365.jpg",660,365,true],"large":["https:\/\/arantv.az\/wp-content\/uploads\/2022\/12\/3d8e03e8165036057455436076510373024-840x465.jpg",640,354,true],"1536x1536":["https:\/\/arantv.az\/wp-content\/uploads\/2022\/12\/3d8e03e8165036057455436076510373024.jpg",975,540,false],"2048x2048":["https:\/\/arantv.az\/wp-content\/uploads\/2022\/12\/3d8e03e8165036057455436076510373024.jpg",975,540,false],"post-thumbnail":["https:\/\/arantv.az\/wp-content\/uploads\/2022\/12\/3d8e03e8165036057455436076510373024-240x172.jpg",240,172,true],"advps-thumb-one":["https:\/\/arantv.az\/wp-content\/uploads\/2022\/12\/3d8e03e8165036057455436076510373024.jpg",975,540,false]},"rttpg_author":{"display_name":"V\u00fcsal Rafiqo\u011flu","author_link":"https:\/\/arantv.az\/?author=2"},"rttpg_comment":0,"rttpg_category":"<a href=\"https:\/\/arantv.az\/?cat=6\" rel=\"category\">\u0130dman<\/a>","rttpg_excerpt":"Az\u0259rbaycan Respublikas\u0131n\u0131n g\u0259ncl\u0259r v\u0259 idman naziri F\u0259rid Qay\u0131bov Avropa Gimnastikas\u0131n\u0131n 29-cu Konqresind\u0259 s\u0259s \u00e7oxlu\u011fu il\u0259 yenid\u0259n h\u0259min qurumun prezidenti se\u00e7ilib. Bu bar\u0259d\u0259\u00a0\u201c\u0130ki sahil\u201d\u0259\u00a0Az\u0259rbaycan Gimnastika Federasiyas\u0131ndan m\u0259lumat verilib.","_links":{"self":[{"href":"https:\/\/arantv.az\/index.php?rest_route=\/wp\/v2\/posts\/541213"}],"collection":[{"href":"https:\/\/arantv.az\/index.php?rest_route=\/wp\/v2\/posts"}],"about":[{"href":"https:\/\/arantv.az\/index.php?rest_route=\/wp\/v2\/types\/post"}],"author":[{"embeddable":true,"href":"https:\/\/arantv.az\/index.php?rest_route=\/wp\/v2\/users\/2"}],"replies":[{"embeddable":true,"href":"https:\/\/arantv.az\/index.php?rest_route=%2Fwp%2Fv2%2Fcomments&post=541213"}],"version-history":[{"count":0,"href":"https:\/\/arantv.az\/index.php?rest_route=\/wp\/v2\/posts\/541213\/revisions"}],"wp:featuredmedia":[{"embeddable":true,"href":"https:\/\/arantv.az\/index.php?rest_route=\/wp\/v2\/media\/541214"}],"wp:attachment":[{"href":"https:\/\/arantv.az\/index.php?rest_route=%2Fwp%2Fv2%2Fmedia&parent=541213"}],"wp:term":[{"taxonomy":"category","embeddable":true,"href":"https:\/\/arantv.az\/index.php?rest_route=%2Fwp%2Fv2%2Fcategories&post=541213"},{"taxonomy":"post_tag","embeddable":true,"href":"https:\/\/arantv.az\/index.php?rest_route=%2Fwp%2Fv2%2Ftags&post=541213"}],"curies":[{"name":"wp","href":"https:\/\/api.w.org\/{rel}","templated":true}]}}