{"id":54125,"date":"2019-04-30T15:41:16","date_gmt":"2019-04-30T12:41:16","guid":{"rendered":"http:\/\/arantv.az\/?p=54125"},"modified":"2019-04-30T15:41:16","modified_gmt":"2019-04-30T12:41:16","slug":"rayon-adlarini-soyad-kimi-goturm%c9%99k-d%c9%99b%c9%99-mindi-ilk-yerd%c9%99-is%c9%99","status":"publish","type":"post","link":"https:\/\/arantv.az\/?p=54125","title":{"rendered":"Rayon adlar\u0131n\u0131 soyad kimi g\u00f6t\u00fcrm\u0259k d\u0259b\u0259 mindi &#8211; ilk yerd\u0259 is\u0259&#8230;"},"content":{"rendered":"<p><strong>\u201cAprel ay\u0131nda Nazirl\u0259r Kabineti yan\u0131nda Terminologiya Komissiyas\u0131n\u0131n n\u0259zdind\u0259 yarad\u0131lm\u0131\u015f Adlar v\u0259 Soyadlar \u00fczr\u0259 X\u00fcsusi Komissiyas\u0131na soyadlar\u0131n d\u0259yi\u015fdirilm\u0259si il\u0259 ba\u011fl\u0131 \u018fdliyy\u0259 Nazirliyinin qeydiyyat \u015f\u00f6b\u0259l\u0259rind\u0259n 45 m\u00fcraci\u0259t daxil olub\u201d.<\/strong><\/p>\n<p><strong>ARANTV.AZ\u00a0<\/strong>\u00a0x\u0259b\u0259r verir ki, bunu \u201cReport\u201da a\u00e7\u0131qlamas\u0131nda Nazirl\u0259r Kabineti yan\u0131nda Terminologiya Komissiyas\u0131n\u0131n s\u0259dr m\u00fcavini, professor Sayal\u0131 Sad\u0131qova deyib.<\/p>\n<p>O bildirib ki, m\u00fcraci\u0259tl\u0259rd\u0259 qeyd olunan soyadlarda daha \u00e7ox co\u011frafi adlara v\u0259 toponiml\u0259r\u0259 \u00fcst\u00fcnl\u00fck verildiyi m\u00fc\u015fahid\u0259 edilib. Onun s\u00f6zl\u0259rin\u0259 g\u00f6r\u0259, \u0259n \u00e7ox m\u00fcraci\u0259t olunan toponim soyadlar Qazax rayonu il\u0259 ba\u011fl\u0131 olub: \u201c\u00dcmumiyy\u0259tl\u0259, Az\u0259rbaycanda son aylar yer adlar\u0131 il\u0259 ba\u011fl\u0131 soyad g\u00f6t\u00fcrm\u0259k ist\u0259y\u0259nl\u0259rin say\u0131 \u00e7oxal\u0131b. Soyad g\u00f6t\u00fcrm\u0259k ist\u0259y\u0259n Az\u0259rbaycan v\u0259t\u0259nda\u015flar\u0131 daha \u00e7ox co\u011frafi adlara v\u0259 toponiml\u0259r\u0259 \u00fcst\u00fcnl\u00fck veribl\u0259r. Bu soyadlarda \u0259n \u00e7ox Qazax rayonu \u00fcst\u00fcnl\u00fck d\u0259\u015fkil edir. N\u00f6vb\u0259ti yerl\u0259rd\u0259 \u015eu\u015fa v\u0259 La\u00e7\u0131n rayonlar\u0131n\u0131n adlar\u0131n\u0131 \u00f6zl\u0259rin\u0259 soyad g\u00f6t\u00fcrm\u0259k ist\u0259y\u0259nl\u0259rin m\u00fcraci\u0259ti qeyd\u0259 al\u0131n\u0131b. Eyni zamanda \u201co\u011flu\u201d v\u0259 \u201cq\u0131z\u0131\u201d s\u00f6zl\u0259rind\u0259n istifad\u0259 etm\u0259kl\u0259 soyad g\u00f6t\u00fcrm\u0259k ist\u0259y\u0259nl\u0259rin d\u0259 say\u0131 art\u0131b\u201d.<\/p>\n<p>Onun s\u00f6zl\u0259rin\u0259 g\u00f6r\u0259, \u018fdliyy\u0259 Nazirliyinin qeydiyyat \u015f\u00f6b\u0259l\u0259rind\u0259 -ov v\u0259 -yev soyad sonluqlar\u0131, dem\u0259k olar ki, qeyd\u0259 al\u0131nm\u0131r: \u201c\u00c7\u00fcnki 2010-cu ild\u0259n soyadlarda \u2013ov v\u0259 -yev sonluqlar\u0131n\u0131n qeyd olunmamas\u0131na ba\u015flan\u0131l\u0131b. Daha \u00e7ox \u2013l\u0131, -li, -lu, -l\u00fc, -gil, -soy, o\u011flu v\u0259 q\u0131z\u0131 formas\u0131ndan istifad\u0259 olunur\u201d.<\/p>\n","protected":false},"excerpt":{"rendered":"<p>\u201cAprel ay\u0131nda Nazirl\u0259r Kabineti yan\u0131nda Terminologiya Komissiyas\u0131n\u0131n n\u0259zdind\u0259 yarad\u0131lm\u0131\u015f Adlar v\u0259 Soyadlar \u00fczr\u0259 X\u00fcsusi Komissiyas\u0131na soyadlar\u0131n d\u0259yi\u015fdirilm\u0259si il\u0259 ba\u011fl\u0131 \u018fdliyy\u0259 Nazirliyinin qeydiyyat \u015f\u00f6b\u0259l\u0259rind\u0259n 45 m\u00fcraci\u0259t daxil olub\u201d. ARANTV.AZ\u00a0\u00a0x\u0259b\u0259r verir ki, bunu \u201cReport\u201da a\u00e7\u0131qlamas\u0131nda Nazirl\u0259r Kabineti yan\u0131nda Terminologiya Komissiyas\u0131n\u0131n s\u0259dr m\u00fcavini, professor Sayal\u0131 Sad\u0131qova deyib. O bildirib ki, m\u00fcraci\u0259tl\u0259rd\u0259 qeyd olunan soyadlarda daha \u00e7ox co\u011frafi adlara v\u0259 toponiml\u0259r\u0259 \u00fcst\u00fcnl\u00fck verildiyi m\u00fc\u015fahid\u0259 edilib. Onun s\u00f6zl\u0259rin\u0259 g\u00f6r\u0259, \u0259n \u00e7ox m\u00fcraci\u0259t olunan toponim soyadlar Qazax rayonu il\u0259 ba\u011fl\u0131 olub: \u201c\u00dcmumiyy\u0259tl\u0259, Az\u0259rbaycanda son aylar yer adlar\u0131 il\u0259 ba\u011fl\u0131 soyad g\u00f6t\u00fcrm\u0259k ist\u0259y\u0259nl\u0259rin say\u0131 \u00e7oxal\u0131b. Soyad g\u00f6t\u00fcrm\u0259k&hellip;<\/p>\n","protected":false},"author":2,"featured_media":54127,"comment_status":"closed","ping_status":"closed","sticky":false,"template":"","format":"standard","meta":{"om_disable_all_campaigns":false,"_monsterinsights_skip_tracking":false,"_monsterinsights_sitenote_active":false,"_monsterinsights_sitenote_note":"","_monsterinsights_sitenote_category":0},"categories":[1],"tags":[],"aioseo_notices":[],"gutentor_comment":0,"rttpg_featured_image_url":{"full":["https:\/\/arantv.az\/wp-content\/uploads\/2019\/04\/1556626836.328127b8-d542-4b72-ac07-e2e1425e4f6e.jpg",600,400,false],"landscape":["https:\/\/arantv.az\/wp-content\/uploads\/2019\/04\/1556626836.328127b8-d542-4b72-ac07-e2e1425e4f6e.jpg",600,400,false],"portraits":["https:\/\/arantv.az\/wp-content\/uploads\/2019\/04\/1556626836.328127b8-d542-4b72-ac07-e2e1425e4f6e.jpg",600,400,false],"thumbnail":["https:\/\/arantv.az\/wp-content\/uploads\/2019\/04\/1556626836.328127b8-d542-4b72-ac07-e2e1425e4f6e-150x150.jpg",150,150,true],"medium":["https:\/\/arantv.az\/wp-content\/uploads\/2019\/04\/1556626836.328127b8-d542-4b72-ac07-e2e1425e4f6e-300x200.jpg",300,200,true],"large":["https:\/\/arantv.az\/wp-content\/uploads\/2019\/04\/1556626836.328127b8-d542-4b72-ac07-e2e1425e4f6e.jpg",600,400,false],"1536x1536":["https:\/\/arantv.az\/wp-content\/uploads\/2019\/04\/1556626836.328127b8-d542-4b72-ac07-e2e1425e4f6e.jpg",600,400,false],"2048x2048":["https:\/\/arantv.az\/wp-content\/uploads\/2019\/04\/1556626836.328127b8-d542-4b72-ac07-e2e1425e4f6e.jpg",600,400,false],"post-thumbnail":["https:\/\/arantv.az\/wp-content\/uploads\/2019\/04\/1556626836.328127b8-d542-4b72-ac07-e2e1425e4f6e-240x172.jpg",240,172,true],"advps-thumb-one":["https:\/\/arantv.az\/wp-content\/uploads\/2019\/04\/1556626836.328127b8-d542-4b72-ac07-e2e1425e4f6e.jpg",600,400,false]},"rttpg_author":{"display_name":"V\u00fcsal Rafiqo\u011flu","author_link":"https:\/\/arantv.az\/?author=2"},"rttpg_comment":0,"rttpg_category":"<a href=\"https:\/\/arantv.az\/?cat=1\" rel=\"category\">C\u0259miyy\u0259t<\/a>","rttpg_excerpt":"\u201cAprel ay\u0131nda Nazirl\u0259r Kabineti yan\u0131nda Terminologiya Komissiyas\u0131n\u0131n n\u0259zdind\u0259 yarad\u0131lm\u0131\u015f Adlar v\u0259 Soyadlar \u00fczr\u0259 X\u00fcsusi Komissiyas\u0131na soyadlar\u0131n d\u0259yi\u015fdirilm\u0259si il\u0259 ba\u011fl\u0131 \u018fdliyy\u0259 Nazirliyinin qeydiyyat \u015f\u00f6b\u0259l\u0259rind\u0259n 45 m\u00fcraci\u0259t daxil olub\u201d. ARANTV.AZ\u00a0\u00a0x\u0259b\u0259r verir ki, bunu \u201cReport\u201da a\u00e7\u0131qlamas\u0131nda Nazirl\u0259r Kabineti yan\u0131nda Terminologiya Komissiyas\u0131n\u0131n s\u0259dr m\u00fcavini, professor Sayal\u0131 Sad\u0131qova deyib. O bildirib ki, m\u00fcraci\u0259tl\u0259rd\u0259 qeyd olunan soyadlarda daha \u00e7ox co\u011frafi adlara&hellip;","_links":{"self":[{"href":"https:\/\/arantv.az\/index.php?rest_route=\/wp\/v2\/posts\/54125"}],"collection":[{"href":"https:\/\/arantv.az\/index.php?rest_route=\/wp\/v2\/posts"}],"about":[{"href":"https:\/\/arantv.az\/index.php?rest_route=\/wp\/v2\/types\/post"}],"author":[{"embeddable":true,"href":"https:\/\/arantv.az\/index.php?rest_route=\/wp\/v2\/users\/2"}],"replies":[{"embeddable":true,"href":"https:\/\/arantv.az\/index.php?rest_route=%2Fwp%2Fv2%2Fcomments&post=54125"}],"version-history":[{"count":0,"href":"https:\/\/arantv.az\/index.php?rest_route=\/wp\/v2\/posts\/54125\/revisions"}],"wp:featuredmedia":[{"embeddable":true,"href":"https:\/\/arantv.az\/index.php?rest_route=\/wp\/v2\/media\/54127"}],"wp:attachment":[{"href":"https:\/\/arantv.az\/index.php?rest_route=%2Fwp%2Fv2%2Fmedia&parent=54125"}],"wp:term":[{"taxonomy":"category","embeddable":true,"href":"https:\/\/arantv.az\/index.php?rest_route=%2Fwp%2Fv2%2Fcategories&post=54125"},{"taxonomy":"post_tag","embeddable":true,"href":"https:\/\/arantv.az\/index.php?rest_route=%2Fwp%2Fv2%2Ftags&post=54125"}],"curies":[{"name":"wp","href":"https:\/\/api.w.org\/{rel}","templated":true}]}}