{"id":541277,"date":"2022-12-03T21:18:15","date_gmt":"2022-12-03T18:18:15","guid":{"rendered":"https:\/\/arantv.az\/?p=541277"},"modified":"2022-12-03T21:18:15","modified_gmt":"2022-12-03T18:18:15","slug":"sulhm%c9%99ramlilarin-komandani-az%c9%99rbaycan-toponiml%c9%99rinin-duzgun-yazilmamasinda-rusiya-mn-i-gunahlandirdi-video","status":"publish","type":"post","link":"https:\/\/arantv.az\/?p=541277","title":{"rendered":"S\u00fclhm\u0259raml\u0131lar\u0131n komandan\u0131 Az\u0259rbaycan toponiml\u0259rinin d\u00fczg\u00fcn yaz\u0131lmamas\u0131nda Rusiya MN-i g\u00fcnahland\u0131rd\u0131 &#8211; V\u0130DEO"},"content":{"rendered":"<p>\u201cAz\u0259rbaycan toponiml\u0259rin\u0259 h\u00f6rm\u0259tl\u0259 yana\u015f\u0131r\u0131q. Rusiya-T\u00fcrkiy\u0259 Birg\u0259 Monitorinq M\u0259rk\u0259zind\u0259n b\u00fct\u00fcn toponiml\u0259ri Az\u0259rbaycan t\u0259r\u0259finin biz\u0259 g\u00f6nd\u0259rdiyi adlarla yaz\u0131r\u0131q\u201d.<\/p>\n<p>Bu bar\u0259d\u0259 Az\u0259rbaycan \u0259razisind\u0259 m\u00fcv\u0259qq\u0259ti yerl\u0259\u015fdiril\u0259n Rusiya s\u00fclhm\u0259raml\u0131 q\u00fcvv\u0259l\u0259rinin komandan\u0131 general-mayor Andrey Volkov az\u0259rbaycanl\u0131 jurnalistl\u0259r\u0259 a\u00e7\u0131qlamas\u0131nda bildirib.<\/p>\n<div class=\"AdviadNativeVideo\"><\/div>\n<p>\u201cAmma t\u0259\u0259ss\u00fcf ki, Rusiya M\u00fcdafi\u0259 Nazirliyinin sayt\u0131nda bu adlara d\u00fczg\u00fcn \u0259m\u0259l edilmir. Lakin qeyd etdiyim kimi, biz s\u00fclhm\u0259raml\u0131lar b\u00fct\u00fcn toponiml\u0259ri d\u00fczg\u00fcn t\u0259qdim edirik. Yoxlaya da bil\u0259rsiniz\u201d, &#8211; Volkov qeyd edib.<\/p>\n<p>Qeyd ed\u0259k ki, art\u0131q bir ne\u00e7\u0259 g\u00fcnd\u00fcr Az\u0259rbaycan M\u00fcdafi\u0259 Nazirliyi m\u0259lumat yayaraq bildirir ki, Rusiya Federasiyas\u0131n\u0131n s\u00fclhm\u0259raml\u0131 kontingentinin r\u0259smi m\u0259lumatlar\u0131nda Az\u0259rbaycan \u0259razil\u0259rinin adlar\u0131 uydurma erm\u0259ni toponiml\u0259ri il\u0259 qeyd olunmaqdad\u0131r.<\/p>\n<p>Qeyd olunub ki, bu yanl\u0131\u015f ifad\u0259l\u0259rin istifad\u0259 olunmamas\u0131 il\u0259 ba\u011fl\u0131 MN t\u0259r\u0259find\u0259n d\u0259f\u0259l\u0259rl\u0259 edil\u0259n m\u00fcraci\u0259tl\u0259r\u0259 etinas\u0131z yana\u015f\u0131l\u0131b.<\/p>\n<p>Az\u0259rbaycan Respublikas\u0131 M\u00fcdafi\u0259 Nazirliyi bir daha israrla bildirib ki, ya\u015fay\u0131\u015f m\u0259nt\u0259q\u0259l\u0259rimizin adlar\u0131n\u0131n d\u00fczg\u00fcn qeyd olunmamas\u0131, habel\u0259 \u201cDa\u011fl\u0131q Qaraba\u011f \u0259razisi\u201d ifad\u0259sinin i\u015fl\u0259nm\u0259si yolverilm\u0259zdir.<\/p>\n<div><iframe loading=\"lazy\" src=\"https:\/\/www.facebook.com\/plugins\/video.php?height=314&amp;href=https%3A%2F%2Fwww.facebook.com%2Frealtvxeber%2Fvideos%2F882387649782300%2F&amp;show_text=false&amp;width=560&amp;t=0\" width=\"560\" height=\"314\" frameborder=\"0\" scrolling=\"no\" allowfullscreen=\"allowfullscreen\" data-mce-fragment=\"1\"><\/iframe><\/div>\n<p>&nbsp;<\/p>\n","protected":false},"excerpt":{"rendered":"<p>\u201cAz\u0259rbaycan toponiml\u0259rin\u0259 h\u00f6rm\u0259tl\u0259 yana\u015f\u0131r\u0131q. Rusiya-T\u00fcrkiy\u0259 Birg\u0259 Monitorinq M\u0259rk\u0259zind\u0259n b\u00fct\u00fcn toponiml\u0259ri Az\u0259rbaycan t\u0259r\u0259finin biz\u0259 g\u00f6nd\u0259rdiyi adlarla yaz\u0131r\u0131q\u201d. Bu bar\u0259d\u0259 Az\u0259rbaycan \u0259razisind\u0259 m\u00fcv\u0259qq\u0259ti yerl\u0259\u015fdiril\u0259n Rusiya s\u00fclhm\u0259raml\u0131 q\u00fcvv\u0259l\u0259rinin komandan\u0131 general-mayor Andrey Volkov az\u0259rbaycanl\u0131 jurnalistl\u0259r\u0259 a\u00e7\u0131qlamas\u0131nda bildirib. \u201cAmma t\u0259\u0259ss\u00fcf ki, Rusiya M\u00fcdafi\u0259 Nazirliyinin sayt\u0131nda bu adlara d\u00fczg\u00fcn \u0259m\u0259l edilmir. Lakin qeyd etdiyim kimi, biz s\u00fclhm\u0259raml\u0131lar b\u00fct\u00fcn toponiml\u0259ri d\u00fczg\u00fcn t\u0259qdim edirik. Yoxlaya da bil\u0259rsiniz\u201d, &#8211; Volkov qeyd edib. Qeyd ed\u0259k ki, art\u0131q bir ne\u00e7\u0259 g\u00fcnd\u00fcr Az\u0259rbaycan M\u00fcdafi\u0259 Nazirliyi m\u0259lumat yayaraq bildirir ki, Rusiya Federasiyas\u0131n\u0131n s\u00fclhm\u0259raml\u0131 kontingentinin r\u0259smi m\u0259lumatlar\u0131nda Az\u0259rbaycan \u0259razil\u0259rinin adlar\u0131 uydurma erm\u0259ni toponiml\u0259ri il\u0259&hellip;<\/p>\n","protected":false},"author":2,"featured_media":541278,"comment_status":"closed","ping_status":"closed","sticky":false,"template":"","format":"standard","meta":{"om_disable_all_campaigns":false,"_monsterinsights_skip_tracking":false,"_monsterinsights_sitenote_active":false,"_monsterinsights_sitenote_note":"","_monsterinsights_sitenote_category":0},"categories":[4],"tags":[],"aioseo_notices":[],"gutentor_comment":0,"rttpg_featured_image_url":{"full":["https:\/\/arantv.az\/wp-content\/uploads\/2022\/12\/638b78e92b278638b78e92b2791670084841638b78e92b274638b78e92b276.jpg",620,413,false],"landscape":["https:\/\/arantv.az\/wp-content\/uploads\/2022\/12\/638b78e92b278638b78e92b2791670084841638b78e92b274638b78e92b276.jpg",620,413,false],"portraits":["https:\/\/arantv.az\/wp-content\/uploads\/2022\/12\/638b78e92b278638b78e92b2791670084841638b78e92b274638b78e92b276.jpg",620,413,false],"thumbnail":["https:\/\/arantv.az\/wp-content\/uploads\/2022\/12\/638b78e92b278638b78e92b2791670084841638b78e92b274638b78e92b276-500x280.jpg",500,280,true],"medium":["https:\/\/arantv.az\/wp-content\/uploads\/2022\/12\/638b78e92b278638b78e92b2791670084841638b78e92b274638b78e92b276-548x365.jpg",548,365,true],"large":["https:\/\/arantv.az\/wp-content\/uploads\/2022\/12\/638b78e92b278638b78e92b2791670084841638b78e92b274638b78e92b276.jpg",620,413,false],"1536x1536":["https:\/\/arantv.az\/wp-content\/uploads\/2022\/12\/638b78e92b278638b78e92b2791670084841638b78e92b274638b78e92b276.jpg",620,413,false],"2048x2048":["https:\/\/arantv.az\/wp-content\/uploads\/2022\/12\/638b78e92b278638b78e92b2791670084841638b78e92b274638b78e92b276.jpg",620,413,false],"post-thumbnail":["https:\/\/arantv.az\/wp-content\/uploads\/2022\/12\/638b78e92b278638b78e92b2791670084841638b78e92b274638b78e92b276-240x172.jpg",240,172,true],"advps-thumb-one":["https:\/\/arantv.az\/wp-content\/uploads\/2022\/12\/638b78e92b278638b78e92b2791670084841638b78e92b274638b78e92b276.jpg",620,413,false]},"rttpg_author":{"display_name":"V\u00fcsal Rafiqo\u011flu","author_link":"https:\/\/arantv.az\/?author=2"},"rttpg_comment":0,"rttpg_category":"<a href=\"https:\/\/arantv.az\/?cat=4\" rel=\"category\">Siyas\u0259t<\/a>","rttpg_excerpt":"\u201cAz\u0259rbaycan toponiml\u0259rin\u0259 h\u00f6rm\u0259tl\u0259 yana\u015f\u0131r\u0131q. Rusiya-T\u00fcrkiy\u0259 Birg\u0259 Monitorinq M\u0259rk\u0259zind\u0259n b\u00fct\u00fcn toponiml\u0259ri Az\u0259rbaycan t\u0259r\u0259finin biz\u0259 g\u00f6nd\u0259rdiyi adlarla yaz\u0131r\u0131q\u201d. Bu bar\u0259d\u0259 Az\u0259rbaycan \u0259razisind\u0259 m\u00fcv\u0259qq\u0259ti yerl\u0259\u015fdiril\u0259n Rusiya s\u00fclhm\u0259raml\u0131 q\u00fcvv\u0259l\u0259rinin komandan\u0131 general-mayor Andrey Volkov az\u0259rbaycanl\u0131 jurnalistl\u0259r\u0259 a\u00e7\u0131qlamas\u0131nda bildirib. \u201cAmma t\u0259\u0259ss\u00fcf ki, Rusiya M\u00fcdafi\u0259 Nazirliyinin sayt\u0131nda bu adlara d\u00fczg\u00fcn \u0259m\u0259l edilmir. Lakin qeyd etdiyim kimi, biz s\u00fclhm\u0259raml\u0131lar b\u00fct\u00fcn toponiml\u0259ri d\u00fczg\u00fcn t\u0259qdim&hellip;","_links":{"self":[{"href":"https:\/\/arantv.az\/index.php?rest_route=\/wp\/v2\/posts\/541277"}],"collection":[{"href":"https:\/\/arantv.az\/index.php?rest_route=\/wp\/v2\/posts"}],"about":[{"href":"https:\/\/arantv.az\/index.php?rest_route=\/wp\/v2\/types\/post"}],"author":[{"embeddable":true,"href":"https:\/\/arantv.az\/index.php?rest_route=\/wp\/v2\/users\/2"}],"replies":[{"embeddable":true,"href":"https:\/\/arantv.az\/index.php?rest_route=%2Fwp%2Fv2%2Fcomments&post=541277"}],"version-history":[{"count":0,"href":"https:\/\/arantv.az\/index.php?rest_route=\/wp\/v2\/posts\/541277\/revisions"}],"wp:featuredmedia":[{"embeddable":true,"href":"https:\/\/arantv.az\/index.php?rest_route=\/wp\/v2\/media\/541278"}],"wp:attachment":[{"href":"https:\/\/arantv.az\/index.php?rest_route=%2Fwp%2Fv2%2Fmedia&parent=541277"}],"wp:term":[{"taxonomy":"category","embeddable":true,"href":"https:\/\/arantv.az\/index.php?rest_route=%2Fwp%2Fv2%2Fcategories&post=541277"},{"taxonomy":"post_tag","embeddable":true,"href":"https:\/\/arantv.az\/index.php?rest_route=%2Fwp%2Fv2%2Ftags&post=541277"}],"curies":[{"name":"wp","href":"https:\/\/api.w.org\/{rel}","templated":true}]}}