{"id":541294,"date":"2022-12-03T21:23:47","date_gmt":"2022-12-03T18:23:47","guid":{"rendered":"https:\/\/arantv.az\/?p=541294"},"modified":"2022-12-03T21:23:47","modified_gmt":"2022-12-03T18:23:47","slug":"turkm%c9%99nbasi-s%c9%99h%c9%99rind%c9%99-keciril%c9%99c%c9%99k-uct%c9%99r%c9%99fli-sammitin-vaxti-m%c9%99lum-olub","status":"publish","type":"post","link":"https:\/\/arantv.az\/?p=541294","title":{"rendered":"T\u00fcrkm\u0259nba\u015f\u0131 \u015f\u0259h\u0259rind\u0259 ke\u00e7iril\u0259c\u0259k \u00fc\u00e7t\u0259r\u0259fli sammitin vaxt\u0131 m\u0259lum olub"},"content":{"rendered":"<p>Dekabr\u0131n 13-14-d\u0259 T\u00fcrkm\u0259nba\u015f\u0131 \u015f\u0259h\u0259rind\u0259 yerl\u0259\u015f\u0259n &#8220;Avaza&#8221; milli turizm zonas\u0131nda Az\u0259rbaycan Prezidenti \u0130lham \u018fliyev, T\u00fcrkiy\u0259 Prezidenti R\u0259c\u0259b Tayyib \u018frdo\u011fan v\u0259 T\u00fcrkm\u0259nistan Prezidenti S\u0259rdar Berd\u0131m\u0259h\u0259mm\u0259dovun i\u015ftirak\u0131 il\u0259 \u00fc\u00e7t\u0259r\u0259fli sammit ke\u00e7iril\u0259c\u0259k.<\/p>\n<p><strong>ARANTV.AZ<\/strong> x\u0259b\u0259r verir ki, bu bar\u0259d\u0259 T\u00fcrkm\u0259nistan televiziyas\u0131 m\u0259lumat yay\u0131b.<\/p>\n<p>Sammitin ke\u00e7irilm\u0259si il\u0259 ba\u011fl\u0131 q\u0259rar\u0131 T\u00fcrkm\u0259nistan Prezidenti imzalay\u0131b.<\/p>\n<p>S\u0259n\u0259d\u0259 \u0259sas\u0259n, Prezident Administrasiyas\u0131na \u00f6lk\u0259nin Xarici \u0130\u015fl\u0259r Nazirliyi il\u0259 birlikd\u0259 y\u00fcks\u0259k s\u0259viyy\u0259d\u0259 \u00fc\u00e7t\u0259r\u0259fli zirv\u0259 g\u00f6r\u00fc\u015f\u00fcn\u00fcn ke\u00e7irilm\u0259si tap\u015f\u0131r\u0131l\u0131b.<\/p>\n<p>M\u0259lumata g\u00f6r\u0259, g\u00f6r\u00fc\u015f zaman\u0131 bir s\u0131ra sazi\u015fl\u0259rin imzalanmas\u0131 n\u0259z\u0259rd\u0259 tutulur. H\u0259m\u00e7inin \u00fc\u00e7t\u0259r\u0259fli g\u00f6r\u00fc\u015f \u0259r\u0259f\u0259sind\u0259 T\u00fcrkm\u0259nistanda energetika, n\u0259qliyyat v\u0259 xarici i\u015fl\u0259r nazirl\u0259rinin toplant\u0131s\u0131 ba\u015f tutacaq.<\/p>\n<p>Qeyd ed\u0259k ki, noyabr\u0131n 28-d\u0259 Ankarada T\u00fcrkiy\u0259 v\u0259 T\u00fcrkm\u0259nistan\u0131n xarici i\u015fl\u0259r nazirlikl\u0259rinin y\u00fcks\u0259k s\u0259viyy\u0259li n\u00fcmay\u0259nd\u0259l\u0259ri aras\u0131nda siyasi m\u0259sl\u0259h\u0259tl\u0259\u015fm\u0259l\u0259r ke\u00e7irilib.<\/p>\n","protected":false},"excerpt":{"rendered":"<p>Dekabr\u0131n 13-14-d\u0259 T\u00fcrkm\u0259nba\u015f\u0131 \u015f\u0259h\u0259rind\u0259 yerl\u0259\u015f\u0259n &#8220;Avaza&#8221; milli turizm zonas\u0131nda Az\u0259rbaycan Prezidenti \u0130lham \u018fliyev, T\u00fcrkiy\u0259 Prezidenti R\u0259c\u0259b Tayyib \u018frdo\u011fan v\u0259 T\u00fcrkm\u0259nistan Prezidenti S\u0259rdar Berd\u0131m\u0259h\u0259mm\u0259dovun i\u015ftirak\u0131 il\u0259 \u00fc\u00e7t\u0259r\u0259fli sammit ke\u00e7iril\u0259c\u0259k. ARANTV.AZ x\u0259b\u0259r verir ki, bu bar\u0259d\u0259 T\u00fcrkm\u0259nistan televiziyas\u0131 m\u0259lumat yay\u0131b. Sammitin ke\u00e7irilm\u0259si il\u0259 ba\u011fl\u0131 q\u0259rar\u0131 T\u00fcrkm\u0259nistan Prezidenti imzalay\u0131b. S\u0259n\u0259d\u0259 \u0259sas\u0259n, Prezident Administrasiyas\u0131na \u00f6lk\u0259nin Xarici \u0130\u015fl\u0259r Nazirliyi il\u0259 birlikd\u0259 y\u00fcks\u0259k s\u0259viyy\u0259d\u0259 \u00fc\u00e7t\u0259r\u0259fli zirv\u0259 g\u00f6r\u00fc\u015f\u00fcn\u00fcn ke\u00e7irilm\u0259si tap\u015f\u0131r\u0131l\u0131b. M\u0259lumata g\u00f6r\u0259, g\u00f6r\u00fc\u015f zaman\u0131 bir s\u0131ra sazi\u015fl\u0259rin imzalanmas\u0131 n\u0259z\u0259rd\u0259 tutulur. H\u0259m\u00e7inin \u00fc\u00e7t\u0259r\u0259fli g\u00f6r\u00fc\u015f \u0259r\u0259f\u0259sind\u0259 T\u00fcrkm\u0259nistanda energetika, n\u0259qliyyat v\u0259 xarici i\u015fl\u0259r nazirl\u0259rinin toplant\u0131s\u0131 ba\u015f tutacaq. Qeyd ed\u0259k ki,&hellip;<\/p>\n","protected":false},"author":2,"featured_media":541295,"comment_status":"closed","ping_status":"closed","sticky":false,"template":"","format":"standard","meta":{"om_disable_all_campaigns":false,"_monsterinsights_skip_tracking":false,"_monsterinsights_sitenote_active":false,"_monsterinsights_sitenote_note":"","_monsterinsights_sitenote_category":0},"categories":[4],"tags":[],"aioseo_notices":[],"gutentor_comment":0,"rttpg_featured_image_url":{"full":["https:\/\/arantv.az\/wp-content\/uploads\/2022\/12\/a1f0cf94167009082018386648710989374.jpg",975,540,false],"landscape":["https:\/\/arantv.az\/wp-content\/uploads\/2022\/12\/a1f0cf94167009082018386648710989374.jpg",975,540,false],"portraits":["https:\/\/arantv.az\/wp-content\/uploads\/2022\/12\/a1f0cf94167009082018386648710989374.jpg",975,540,false],"thumbnail":["https:\/\/arantv.az\/wp-content\/uploads\/2022\/12\/a1f0cf94167009082018386648710989374-500x280.jpg",500,280,true],"medium":["https:\/\/arantv.az\/wp-content\/uploads\/2022\/12\/a1f0cf94167009082018386648710989374-660x365.jpg",660,365,true],"large":["https:\/\/arantv.az\/wp-content\/uploads\/2022\/12\/a1f0cf94167009082018386648710989374-840x465.jpg",640,354,true],"1536x1536":["https:\/\/arantv.az\/wp-content\/uploads\/2022\/12\/a1f0cf94167009082018386648710989374.jpg",975,540,false],"2048x2048":["https:\/\/arantv.az\/wp-content\/uploads\/2022\/12\/a1f0cf94167009082018386648710989374.jpg",975,540,false],"post-thumbnail":["https:\/\/arantv.az\/wp-content\/uploads\/2022\/12\/a1f0cf94167009082018386648710989374-240x172.jpg",240,172,true],"advps-thumb-one":["https:\/\/arantv.az\/wp-content\/uploads\/2022\/12\/a1f0cf94167009082018386648710989374.jpg",975,540,false]},"rttpg_author":{"display_name":"V\u00fcsal Rafiqo\u011flu","author_link":"https:\/\/arantv.az\/?author=2"},"rttpg_comment":0,"rttpg_category":"<a href=\"https:\/\/arantv.az\/?cat=4\" rel=\"category\">Siyas\u0259t<\/a>","rttpg_excerpt":"Dekabr\u0131n 13-14-d\u0259 T\u00fcrkm\u0259nba\u015f\u0131 \u015f\u0259h\u0259rind\u0259 yerl\u0259\u015f\u0259n &#8220;Avaza&#8221; milli turizm zonas\u0131nda Az\u0259rbaycan Prezidenti \u0130lham \u018fliyev, T\u00fcrkiy\u0259 Prezidenti R\u0259c\u0259b Tayyib \u018frdo\u011fan v\u0259 T\u00fcrkm\u0259nistan Prezidenti S\u0259rdar Berd\u0131m\u0259h\u0259mm\u0259dovun i\u015ftirak\u0131 il\u0259 \u00fc\u00e7t\u0259r\u0259fli sammit ke\u00e7iril\u0259c\u0259k. ARANTV.AZ x\u0259b\u0259r verir ki, bu bar\u0259d\u0259 T\u00fcrkm\u0259nistan televiziyas\u0131 m\u0259lumat yay\u0131b. Sammitin ke\u00e7irilm\u0259si il\u0259 ba\u011fl\u0131 q\u0259rar\u0131 T\u00fcrkm\u0259nistan Prezidenti imzalay\u0131b. S\u0259n\u0259d\u0259 \u0259sas\u0259n, Prezident Administrasiyas\u0131na \u00f6lk\u0259nin Xarici \u0130\u015fl\u0259r Nazirliyi il\u0259&hellip;","_links":{"self":[{"href":"https:\/\/arantv.az\/index.php?rest_route=\/wp\/v2\/posts\/541294"}],"collection":[{"href":"https:\/\/arantv.az\/index.php?rest_route=\/wp\/v2\/posts"}],"about":[{"href":"https:\/\/arantv.az\/index.php?rest_route=\/wp\/v2\/types\/post"}],"author":[{"embeddable":true,"href":"https:\/\/arantv.az\/index.php?rest_route=\/wp\/v2\/users\/2"}],"replies":[{"embeddable":true,"href":"https:\/\/arantv.az\/index.php?rest_route=%2Fwp%2Fv2%2Fcomments&post=541294"}],"version-history":[{"count":0,"href":"https:\/\/arantv.az\/index.php?rest_route=\/wp\/v2\/posts\/541294\/revisions"}],"wp:featuredmedia":[{"embeddable":true,"href":"https:\/\/arantv.az\/index.php?rest_route=\/wp\/v2\/media\/541295"}],"wp:attachment":[{"href":"https:\/\/arantv.az\/index.php?rest_route=%2Fwp%2Fv2%2Fmedia&parent=541294"}],"wp:term":[{"taxonomy":"category","embeddable":true,"href":"https:\/\/arantv.az\/index.php?rest_route=%2Fwp%2Fv2%2Fcategories&post=541294"},{"taxonomy":"post_tag","embeddable":true,"href":"https:\/\/arantv.az\/index.php?rest_route=%2Fwp%2Fv2%2Ftags&post=541294"}],"curies":[{"name":"wp","href":"https:\/\/api.w.org\/{rel}","templated":true}]}}