{"id":541302,"date":"2022-12-04T10:08:24","date_gmt":"2022-12-04T07:08:24","guid":{"rendered":"https:\/\/arantv.az\/?p=541302"},"modified":"2022-12-04T10:08:24","modified_gmt":"2022-12-04T07:08:24","slug":"indoneziyada-semeru-vulkani-puskurub","status":"publish","type":"post","link":"https:\/\/arantv.az\/?p=541302","title":{"rendered":"\u0130ndoneziyada Semeru vulkan\u0131 p\u00fcsk\u00fcr\u00fcb"},"content":{"rendered":"<p>\u0130ndoneziyan\u0131n \u015e\u0259rqi Yava \u0259yal\u0259tind\u0259 (Yava adas\u0131) Semeru vulkan\u0131n\u0131n p\u00fcsk\u00fcrm\u0259si ba\u015f verib.<\/p>\n<p>Bu bar\u0259d\u0259 \u00f6lk\u0259nin T\u0259bii F\u0259lak\u0259t F\u0259sadlar\u0131n\u0131n Yum\u015fald\u0131lmas\u0131 \u00fczr\u0259 Milli Agentliyi m\u0259lumat yay\u0131b.<\/p>\n<div class=\"AdviadNativeVideo\"><\/div>\n<p>Vulkan\u0131n 1,5 min metr h\u00fcnd\u00fcrl\u00fcy\u0259 k\u00fcl v\u0259 t\u00fcst\u00fc s\u00fctunu atd\u0131\u011f\u0131 qeyd edilib. Vulkana 5 km-d\u0259n yax\u0131ndan yax\u0131nla\u015fmaq qada\u011fan edilib.<\/p>\n<p>P\u00fcsk\u00fcrm\u0259nin h\u0259r hans\u0131 f\u0259sadlar\u0131 bar\u0259d\u0259 m\u0259lumat verilmir.<\/p>\n<p>Eyni zamanda, Yaponiya Milli Meteorologiya \u0130dar\u0259si sunami t\u0259hl\u00fck\u0259si s\u0259b\u0259bind\u0259n haz\u0131rda m\u0259lumatlar\u0131 n\u0259z\u0259rd\u0259n ke\u00e7irdiyi bar\u0259d\u0259 x\u0259b\u0259rdarl\u0131q edib. Bildirilib ki, bu ba\u015f ver\u0259rs\u0259, dal\u011falar Okinavan\u0131n c\u0259nub prefekturas\u0131ndak\u0131 ucqar adalara \u00e7ata bil\u0259r.<\/p>\n<p>Xat\u0131rladaq ki, Semeru vulkan\u0131 d\u00fcz bir il \u0259vv\u0259l dekabr\u0131n 4-d\u0259\u00a0p\u00fcsk\u00fcr\u00fcb. N\u0259tic\u0259d\u0259 50-d\u0259n \u00e7ox insan h\u0259lak olub. Semeru Yava adas\u0131n\u0131n \u0259n h\u00fcnd\u00fcr zirv\u0259sidir. \u0130ndoneziyada 130-a yax\u0131n aktiv vulkan var.<\/p>\n","protected":false},"excerpt":{"rendered":"<p>\u0130ndoneziyan\u0131n \u015e\u0259rqi Yava \u0259yal\u0259tind\u0259 (Yava adas\u0131) Semeru vulkan\u0131n\u0131n p\u00fcsk\u00fcrm\u0259si ba\u015f verib. Bu bar\u0259d\u0259 \u00f6lk\u0259nin T\u0259bii F\u0259lak\u0259t F\u0259sadlar\u0131n\u0131n Yum\u015fald\u0131lmas\u0131 \u00fczr\u0259 Milli Agentliyi m\u0259lumat yay\u0131b. Vulkan\u0131n 1,5 min metr h\u00fcnd\u00fcrl\u00fcy\u0259 k\u00fcl v\u0259 t\u00fcst\u00fc s\u00fctunu atd\u0131\u011f\u0131 qeyd edilib. Vulkana 5 km-d\u0259n yax\u0131ndan yax\u0131nla\u015fmaq qada\u011fan edilib. P\u00fcsk\u00fcrm\u0259nin h\u0259r hans\u0131 f\u0259sadlar\u0131 bar\u0259d\u0259 m\u0259lumat verilmir. Eyni zamanda, Yaponiya Milli Meteorologiya \u0130dar\u0259si sunami t\u0259hl\u00fck\u0259si s\u0259b\u0259bind\u0259n haz\u0131rda m\u0259lumatlar\u0131 n\u0259z\u0259rd\u0259n ke\u00e7irdiyi bar\u0259d\u0259 x\u0259b\u0259rdarl\u0131q edib. Bildirilib ki, bu ba\u015f ver\u0259rs\u0259, dal\u011falar Okinavan\u0131n c\u0259nub prefekturas\u0131ndak\u0131 ucqar adalara \u00e7ata bil\u0259r. Xat\u0131rladaq ki, Semeru vulkan\u0131 d\u00fcz bir il \u0259vv\u0259l dekabr\u0131n 4-d\u0259\u00a0p\u00fcsk\u00fcr\u00fcb. N\u0259tic\u0259d\u0259 50-d\u0259n&hellip;<\/p>\n","protected":false},"author":2,"featured_media":541303,"comment_status":"closed","ping_status":"closed","sticky":false,"template":"","format":"standard","meta":{"om_disable_all_campaigns":false,"_monsterinsights_skip_tracking":false,"_monsterinsights_sitenote_active":false,"_monsterinsights_sitenote_note":"","_monsterinsights_sitenote_category":0},"categories":[7],"tags":[],"aioseo_notices":[],"gutentor_comment":0,"rttpg_featured_image_url":{"full":["https:\/\/arantv.az\/wp-content\/uploads\/2022\/12\/FotoJet-2022-12-04T100521.690.jpg",620,413,false],"landscape":["https:\/\/arantv.az\/wp-content\/uploads\/2022\/12\/FotoJet-2022-12-04T100521.690.jpg",620,413,false],"portraits":["https:\/\/arantv.az\/wp-content\/uploads\/2022\/12\/FotoJet-2022-12-04T100521.690.jpg",620,413,false],"thumbnail":["https:\/\/arantv.az\/wp-content\/uploads\/2022\/12\/FotoJet-2022-12-04T100521.690-500x280.jpg",500,280,true],"medium":["https:\/\/arantv.az\/wp-content\/uploads\/2022\/12\/FotoJet-2022-12-04T100521.690-548x365.jpg",548,365,true],"large":["https:\/\/arantv.az\/wp-content\/uploads\/2022\/12\/FotoJet-2022-12-04T100521.690.jpg",620,413,false],"1536x1536":["https:\/\/arantv.az\/wp-content\/uploads\/2022\/12\/FotoJet-2022-12-04T100521.690.jpg",620,413,false],"2048x2048":["https:\/\/arantv.az\/wp-content\/uploads\/2022\/12\/FotoJet-2022-12-04T100521.690.jpg",620,413,false],"post-thumbnail":["https:\/\/arantv.az\/wp-content\/uploads\/2022\/12\/FotoJet-2022-12-04T100521.690-240x172.jpg",240,172,true],"advps-thumb-one":["https:\/\/arantv.az\/wp-content\/uploads\/2022\/12\/FotoJet-2022-12-04T100521.690.jpg",620,413,false]},"rttpg_author":{"display_name":"V\u00fcsal Rafiqo\u011flu","author_link":"https:\/\/arantv.az\/?author=2"},"rttpg_comment":0,"rttpg_category":"<a href=\"https:\/\/arantv.az\/?cat=7\" rel=\"category\">D\u00fcnya<\/a>","rttpg_excerpt":"\u0130ndoneziyan\u0131n \u015e\u0259rqi Yava \u0259yal\u0259tind\u0259 (Yava adas\u0131) Semeru vulkan\u0131n\u0131n p\u00fcsk\u00fcrm\u0259si ba\u015f verib. Bu bar\u0259d\u0259 \u00f6lk\u0259nin T\u0259bii F\u0259lak\u0259t F\u0259sadlar\u0131n\u0131n Yum\u015fald\u0131lmas\u0131 \u00fczr\u0259 Milli Agentliyi m\u0259lumat yay\u0131b. Vulkan\u0131n 1,5 min metr h\u00fcnd\u00fcrl\u00fcy\u0259 k\u00fcl v\u0259 t\u00fcst\u00fc s\u00fctunu atd\u0131\u011f\u0131 qeyd edilib. Vulkana 5 km-d\u0259n yax\u0131ndan yax\u0131nla\u015fmaq qada\u011fan edilib. P\u00fcsk\u00fcrm\u0259nin h\u0259r hans\u0131 f\u0259sadlar\u0131 bar\u0259d\u0259 m\u0259lumat verilmir. Eyni zamanda, Yaponiya Milli Meteorologiya \u0130dar\u0259si&hellip;","_links":{"self":[{"href":"https:\/\/arantv.az\/index.php?rest_route=\/wp\/v2\/posts\/541302"}],"collection":[{"href":"https:\/\/arantv.az\/index.php?rest_route=\/wp\/v2\/posts"}],"about":[{"href":"https:\/\/arantv.az\/index.php?rest_route=\/wp\/v2\/types\/post"}],"author":[{"embeddable":true,"href":"https:\/\/arantv.az\/index.php?rest_route=\/wp\/v2\/users\/2"}],"replies":[{"embeddable":true,"href":"https:\/\/arantv.az\/index.php?rest_route=%2Fwp%2Fv2%2Fcomments&post=541302"}],"version-history":[{"count":0,"href":"https:\/\/arantv.az\/index.php?rest_route=\/wp\/v2\/posts\/541302\/revisions"}],"wp:featuredmedia":[{"embeddable":true,"href":"https:\/\/arantv.az\/index.php?rest_route=\/wp\/v2\/media\/541303"}],"wp:attachment":[{"href":"https:\/\/arantv.az\/index.php?rest_route=%2Fwp%2Fv2%2Fmedia&parent=541302"}],"wp:term":[{"taxonomy":"category","embeddable":true,"href":"https:\/\/arantv.az\/index.php?rest_route=%2Fwp%2Fv2%2Fcategories&post=541302"},{"taxonomy":"post_tag","embeddable":true,"href":"https:\/\/arantv.az\/index.php?rest_route=%2Fwp%2Fv2%2Ftags&post=541302"}],"curies":[{"name":"wp","href":"https:\/\/api.w.org\/{rel}","templated":true}]}}