{"id":541315,"date":"2022-12-04T10:14:03","date_gmt":"2022-12-04T07:14:03","guid":{"rendered":"https:\/\/arantv.az\/?p=541315"},"modified":"2022-12-04T10:14:03","modified_gmt":"2022-12-04T07:14:03","slug":"q%c9%99bul-v%c9%99-buraxilis-imtahanlarinin-tarixi-d%c9%99yisdiril%c9%99c%c9%99k-arasdirma","status":"publish","type":"post","link":"https:\/\/arantv.az\/?p=541315","title":{"rendered":"Q\u0259bul v\u0259 burax\u0131l\u0131\u015f imtahanlar\u0131n\u0131n tarixi d\u0259yi\u015fdiril\u0259c\u0259k? &#8211; ARA\u015eDIRMA"},"content":{"rendered":"<p>2023\/2024-c\u00fc t\u0259dris ili \u00fc\u00e7\u00fcn q\u0259bul v\u0259 burax\u0131l\u0131\u015f imtahanlar\u0131n\u0131n \u0259vv\u0259lki ill\u0259rl\u0259 m\u00fcqayis\u0259d\u0259 daha tez ke\u00e7iril\u0259 bil\u0259c\u0259yi il\u0259 ba\u011fl\u0131 yay\u0131lan x\u0259b\u0259rl\u0259r ali m\u0259kt\u0259b\u0259 q\u0259bulu h\u0259d\u0259fl\u0259y\u0259n \u015fagirdl\u0259rd\u0259, h\u0259m\u00e7inin onlar\u0131n valideynl\u0259rind\u0259 narahatl\u0131q yarad\u0131b. D\u00f6vl\u0259t \u0130mtahan M\u0259rk\u0259zind\u0259n is\u0259 bildirirl\u0259r ki, imtahan tarixl\u0259rinin ir\u0259li v\u0259 ya geri \u00e7\u0259kil\u0259c\u0259yi il\u0259 ba\u011fl\u0131 yay\u0131lan fikirl\u0259r do\u011fru deyil<strong>.\u00a0<\/strong><\/p>\n<p><strong><a href=\"https:\/\/kaspi.az\/tez-tez-deyisen-qaydalar?fbclid=IwAR2XeEddZ2p9IZ0nQIJm23kJ0Gyow0v4-4ixDvVUqp26jnZqdnWvD5saNgY\" target=\"_blank\" rel=\"noopener\">\u201cKaspi\u201d<\/a>\u00a0<\/strong>q\u0259zeti m\u00f6vzunu ara\u015fd\u0131r\u0131b:<\/p>\n<div class=\"AdviadNativeVideo\"><\/div>\n<p>\u201cAli m\u0259kt\u0259bl\u0259r\u0259 q\u0259bul imtahanlar\u0131n\u0131n c\u0259dv\u0259li bu il dekabr\u0131n 15-d\u0259k elan olunacaq. \u0130mtahan vaxtlar\u0131 Elm v\u0259 T\u0259hsil Nazirliyi il\u0259 raz\u0131la\u015fd\u0131r\u0131lacaq\u201d. D\u00f6vl\u0259t \u0130mtahan M\u0259rk\u0259zinin (D\u0130M) Direktorlar \u015euras\u0131n\u0131n s\u0259dri M\u0259leyk\u0259 Abbaszad\u0259nin bu g\u00fcnl\u0259rd\u0259 a\u00e7\u0131qlad\u0131\u011f\u0131 fikirl\u0259r orta t\u0259hsil pill\u0259si il\u0259 vidala\u015fmaqda olan, ali m\u0259kt\u0259b\u0259 q\u0259bulu h\u0259d\u0259fl\u0259y\u0259n \u015fagirdl\u0259rd\u0259 v\u0259 onlar\u0131n valideynl\u0259rind\u0259 narahatl\u0131q yarad\u0131b. Bel\u0259 ki, D\u0130M s\u0259drinin a\u00e7\u0131qlamas\u0131 mediada v\u0259 sosial platformalarda 2023\/2024-c\u00fc t\u0259dris ili \u00fc\u00e7\u00fcn q\u0259bul v\u0259 burax\u0131l\u0131\u015f imtahanlar\u0131n\u0131n \u0259vv\u0259lki ill\u0259rl\u0259 m\u00fcqayis\u0259d\u0259 daha tez ke\u00e7iril\u0259c\u0259yi kimi xarakteriz\u0259 olunub. \u00dcst\u0259lik \u201cQ\u0259bul v\u0259 burax\u0131l\u0131\u015f imtahanlar\u0131 bu tarixd\u0259 ke\u00e7iril\u0259 bil\u0259r\u201d, \u201c\u0130mtahanlar\u0131n vaxt\u0131 d\u0259yi\u015fdi\u201d v\u0259 s. kimi x\u0259b\u0259rl\u0259r d\u0259 valideyn v\u0259 imtahana haz\u0131rla\u015fan \u015fagirdl\u0259rd\u0259 psixoloji g\u0259rginliyi art\u0131r\u0131r. Valideynl\u0259r haz\u0131rl\u0131q ke\u00e7\u0259n \u00f6vladlar\u0131n\u0131n d\u0259rs y\u00fck\u00fcn\u00fcn art\u0131r\u0131laca\u011f\u0131ndan, ke\u00e7iril\u0259n proqramlar\u0131 t\u0259krarlama\u011fa vaxt qalmayaca\u011f\u0131ndan narahatl\u0131q ke\u00e7irirl\u0259r. Onlar\u0131n fikrinc\u0259, 11-ci sinif \u00fc\u00e7\u00fcn q\u0259bul imtahanlar\u0131n\u0131n vaxt\u0131 qaba\u011fa s\u00fcr\u00fc\u015fd\u00fcr\u00fcl\u0259rs\u0259, d\u0259rs proqram\u0131 ba\u015fa \u00e7atmayacaq. Dig\u0259r t\u0259r\u0259fd\u0259n, 2008-ci ild\u0259 q\u0259bul edilmi\u015f kurikulum standartlar\u0131 t\u0259dris ilinin sonunda yekunla\u015fmal\u0131d\u0131r.<\/p>\n<p><strong>U\u015faq proqram\u0131 ba\u015fa \u00e7atd\u0131ra bilm\u0259s\u0259&#8230;<\/strong><\/p>\n<p>Valideynl\u0259r hesab edirl\u0259r ki, \u015fagirdl\u0259rin h\u0259ssas d\u00f6n\u0259mind\u0259 imtahan tarixl\u0259rinin d\u0259yi\u015fdirilm\u0259si il\u0259 ba\u011fl\u0131 yay\u0131lan a\u00e7\u0131qlamalar onlara psixoloji t\u0259sir ed\u0259 bil\u0259r.<\/p>\n<p>\u201cO\u011flum gec\u0259-g\u00fcnd\u00fcz q\u0259bul imtahanlar\u0131na haz\u0131rla\u015f\u0131r. M\u0259kt\u0259bd\u0259n g\u0259lib bir tik\u0259 yem\u0259k yey\u0259nd\u0259n sonra haz\u0131rl\u0131q m\u00fc\u0259lliml\u0259rinin yan\u0131na t\u0259l\u0259sir. Deyil\u0259n\u0259 g\u00f6r\u0259, imtahanlar\u0131n vaxt\u0131 d\u0259yi\u015fdirilib qaba\u011fa \u00e7\u0259kil\u0259c\u0259k. Qorxuram u\u015faq proqram\u0131 ba\u015fa \u00e7atd\u0131ra bilm\u0259sin. U\u015fa\u011f\u0131n proqram\u0131 tamamlamamas\u0131 bir yana, h\u0259r bir burax\u0131l\u0131\u015f sinif \u015fagirdi dey\u0259 bil\u0259r ki, m\u0259n imtahan\u0131 vermi\u015f\u0259m, sonra m\u0259kt\u0259b\u0259 niy\u0259 getm\u0259liy\u0259m?\u201d , &#8211; dey\u0259 valideyn \u018f.M\u0259mm\u0259dov narahatl\u0131\u011f\u0131n\u0131 b\u00f6l\u00fc\u015f\u00fcr.<\/p>\n<p>Qeyd ed\u0259k ki, bundan \u0259vv\u0259lki ill\u0259rd\u0259 D\u0130M imtahanlar\u0131n vaxt\u0131n\u0131 yanvar ay\u0131nda a\u00e7\u0131qlay\u0131b. Yaranan narahatl\u0131q da bu t\u0259dris ilind\u0259 imtahan vaxt\u0131n\u0131n nisb\u0259t\u0259n tez &#8211; dekabr ay\u0131nda a\u00e7\u0131qlanaca\u011f\u0131 il\u0259 ba\u011fl\u0131d\u0131r.<\/p>\n<p><strong>Narahatl\u0131\u011fa \u0259sas yoxdur<\/strong><\/p>\n<p>H\u0259r\u00e7\u0259nd\u00a0D\u00f6vl\u0259t \u0130mtahan M\u0259rk\u0259zi\u00a0m\u00f6vzu il\u0259 ba\u011fl\u0131 \u00fcnvanlad\u0131\u011f\u0131m\u0131z sual\u0131n cavab\u0131nda abituriyent v\u0259 valideynl\u0259rin narahatl\u0131\u011f\u0131na he\u00e7 bir \u0259sas g\u00f6rm\u00fcr. Qurumun\u00a0ictimaiyy\u0259tl\u0259 \u0259laq\u0259l\u0259r \u015f\u00f6b\u0259sinin r\u0259hb\u0259ri Xanlar Xanlarzad\u0259\u00a0bildirdi ki, imtahan tarixl\u0259rinin ir\u0259li v\u0259 ya geri \u00e7\u0259kil\u0259c\u0259yi il\u0259 ba\u011fl\u0131 yay\u0131lan fikirl\u0259r do\u011fru deyil: \u201dOna g\u00f6r\u0259 d\u0259 narahatl\u0131\u011fa ehtiyac yoxdur. N\u00f6vb\u0259ti ay \u0259rzind\u0259 m\u00fcvafiq qrafik ictimaiyy\u0259t\u0259 t\u0259qdim olunacaq\u201d.<\/p>\n<p><strong>Qaydalar tez-tez d\u0259yi\u015f\u0259nd\u0259&#8230;<\/strong><\/p>\n<p>T\u0259hsil ekspertl\u0259ri is\u0259 hesab edir ki, bu kimi d\u0259yi\u015fiklikl\u0259r t\u0259hsil alanlar, onlar\u0131n valideynl\u0259ri, b\u00fct\u00f6vl\u00fckd\u0259 t\u0259hsil ictimaiyy\u0259ti aras\u0131nda m\u00fc\u0259yy\u0259n \u00e7a\u015fq\u0131nl\u0131q yarad\u0131r. \u201c\u0130st\u0259s\u0259k d\u0259, ist\u0259m\u0259s\u0259k d\u0259 raz\u0131la\u015fmaq zorunday\u0131q ki, t\u0259hsilin keyfiyy\u0259tin\u0259 nail olma\u011f\u0131n \u0259sas \u015f\u0259rtl\u0259rind\u0259n biri d\u0259 t\u0259hsilin bir sistem kimi oturu\u015fmas\u0131d\u0131r\u201d, &#8211; dey\u0259 qeyd ed\u0259n\u00a0t\u0259hsil eksperti Nadir \u0130srafilovun\u00a0fikrinc\u0259, b\u0259lk\u0259 d\u0259 islahatlar\u0131n ist\u0259diyimiz axarda inki\u015faf etm\u0259m\u0259sinin bir s\u0259b\u0259bi d\u0259 qaydalar\u0131n tez-tez d\u0259yi\u015fdirilm\u0259sidir: \u201cT\u0259sad\u00fcfi deyil ki, x\u00fcsusil\u0259 son zamanlar ali t\u0259hsilin ham\u0131 \u00fc\u00e7\u00fcn \u0259l\u00e7atanl\u0131\u011f\u0131n\u0131n t\u0259min olunmas\u0131 \u0259sas g\u0259tiril\u0259r\u0259k, test sisteminin art\u0131q \u00f6z\u00fcn\u00fc do\u011frultmad\u0131\u011f\u0131 iddias\u0131nda olanlar\u0131n, imtahanlar\u0131n sad\u0259l\u0259\u015fdirilm\u0259si v\u0259 h\u0259tta l\u0259\u011fv olunmas\u0131 bar\u0259d\u0259 fikir s\u00f6yl\u0259y\u0259nl\u0259rin say\u0131 durmadan artmaqda davam edir. X\u00fcsusil\u0259 d\u0259 burax\u0131l\u0131\u015f v\u0259 q\u0259bul imtahanlar\u0131 il\u0259 ba\u011fl\u0131 apar\u0131lan d\u0259yi\u015fiklikl\u0259r, imtahan m\u00fcdd\u0259tl\u0259rinin \u00f6n\u0259 v\u0259 geriy\u0259 \u00e7\u0259kilm\u0259si il\u0259 ba\u011fl\u0131 qrafikl\u0259r he\u00e7 d\u0259 ham\u0131 t\u0259r\u0259find\u0259n birm\u0259nal\u0131 qar\u015f\u0131lanm\u0131r. O da ayd\u0131nd\u0131r ki, ist\u0259nil\u0259n d\u0259yi\u015fiklikl\u0259rl\u0259 ba\u011fl\u0131 h\u0259r bir yana\u015fma proqram t\u0259l\u0259bl\u0259ri v\u0259 t\u0259dris material\u0131n\u0131n y\u00fcng\u00fcll\u0259\u015fm\u0259sin\u0259 hesablanmal\u0131 oldu\u011fu kimi, imtahan prosesinin d\u0259 sad\u0259l\u0259\u015fm\u0259sin\u0259 v\u0259 obyektivliyin\u0259, t\u0259hsilin pill\u0259l\u0259ri aras\u0131nda uzla\u015fman\u0131n yarad\u0131lmas\u0131na xidm\u0259t etm\u0259li oldu\u011fu halda, bu v\u0259 ya dig\u0259r variant\u0131n t\u0259tbiqi imtahan ver\u0259nl\u0259rin haz\u0131rl\u0131q s\u0259viyy\u0259sin\u0259 v\u0259 adaptasiya prosesin\u0259 he\u00e7 d\u0259 m\u0259nfi t\u0259sirsiz \u00f6t\u00fc\u015fm\u00fcr\u201d.<\/p>\n<p><strong>\u201cT\u0259kpill\u0259li vahid imtahan sistemin\u0259 ke\u00e7idin zaman\u0131 \u00e7at\u0131b\u201d<\/strong><\/p>\n<p>Ekspertin fikrinc\u0259, ali m\u0259kt\u0259bl\u0259r\u0259 q\u0259bul imtahanlar\u0131n\u0131n c\u0259dv\u0259linin bu ilin dekabr\u0131n 15-d\u0259k elan olunaca\u011f\u0131 v\u0259 imtahan vaxtlar\u0131n\u0131n Elm v\u0259 T\u0259hsil Nazirliyi il\u0259 raz\u0131la\u015fd\u0131r\u0131laca\u011f\u0131 il\u0259 ba\u011fl\u0131 m\u0259s\u0259l\u0259y\u0259 d\u0259 yana\u015fma birm\u0259nal\u0131 olmayacaq: \u201cKiml\u0259rs\u0259 hesab ed\u0259c\u0259k ki, ke\u00e7\u0259n ill\u0259 m\u00fcqayis\u0259d\u0259 imtahanlar\u0131n \u00f6n\u0259 \u00e7\u0259kilm\u0259si n\u00f6vb\u0259ti ild\u0259 ali m\u0259kt\u0259bl\u0259r\u0259 q\u0259bul prosesinin gecikm\u0259sinin qar\u015f\u0131s\u0131n\u0131 alacaq, dig\u0259rl\u0259ri is\u0259 hesab ed\u0259c\u0259k ki, ali m\u0259kt\u0259bl\u0259r\u0259 q\u0259bul imtahanlar\u0131 \u00f6nc\u0259ki ill\u0259rl\u0259 m\u00fcqayis\u0259d\u0259 daha tez ke\u00e7iril\u0259rs\u0259, \u015fagirdl\u0259r \u00fc\u00e7\u00fcn m\u0259nfi t\u0259r\u0259fi q\u0131sa vaxtda haz\u0131rla\u015fmalar\u0131 olacaq. Bu m\u0259nada elm v\u0259 t\u0259hsil naziri Emin \u018fmrullayevin media \u00fc\u00e7\u00fcn ke\u00e7irdiyi son brifinqind\u0259 vur\u011fulad\u0131\u011f\u0131 kimi, biz \u0259zb\u0259rl\u0259nm\u0259li, \u0259vv\u0259ld\u0259n h\u0259lli m\u0259lum olan m\u0259s\u0259l\u0259l\u0259rin \u00f6yr\u0259dilm\u0259sin\u0259 diqq\u0259t edirik. Biz qiym\u0259tl\u0259ndirm\u0259ni, q\u0259bul imtahanlar\u0131n\u0131n strukturunu d\u0259yi\u015fdirm\u0259d\u0259n bu kimi probleml\u0259ri aradan qald\u0131ra bilm\u0259y\u0259c\u0259yik. Hesab edir\u0259m ki, art\u0131q, t\u0259kpill\u0259li vahid imtahan sistemin\u0259 ke\u00e7idin zaman\u0131 g\u0259lib \u00e7at\u0131b. Bel\u0259 bir d\u0259yi\u015fikliyin edilm\u0259si m\u0259zunlar\u0131n imtahana haz\u0131rla\u015fmalar\u0131n\u0131n optimalla\u015fd\u0131r\u0131lmas\u0131na v\u0259 D\u0130M-in imtahanlarla ba\u011fl\u0131 qrafikinin rasionalla\u015fd\u0131r\u0131lmas\u0131na g\u0259tirib \u00e7\u0131xarar\u201d.<\/p>\n<p><strong>Qoy \u015fagirdl\u0259r qabaqcadan bilsinl\u0259r<\/strong><\/p>\n<p>Tarix m\u00fc\u0259llimi P\u0259rviz A\u011falarov\u00a0is\u0259 imtahan tarixl\u0259rinin dekabr ay\u0131nda elan olunmas\u0131n\u0131 t\u0259qdir\u0259layiq hesab edir: \u201c\u018fvv\u0259ll\u0259r imtahan\u0131n tarixi qeyri-m\u00fc\u0259yy\u0259n qal\u0131rd\u0131. Bu bax\u0131mdan, bu add\u0131m alq\u0131\u015flanmal\u0131d\u0131r. Amma b\u00fct\u00f6vl\u00fckd\u0259 b\u0259lli tarix olmal\u0131d\u0131r ki, u\u015faqlar h\u0259r il imtahan\u0131n n\u0259 vaxt ke\u00e7iril\u0259c\u0259yini d\u0259qiq bilsinl\u0259r. Hesab edir\u0259m ki, bunu h\u0259tta daha tez elan etm\u0259k laz\u0131md\u0131r, qoy \u015fagirdl\u0259r qabaqcadan bilsinl\u0259r v\u0259 imtahana haz\u0131rla\u015fs\u0131nlar\u201d.<\/p>\n","protected":false},"excerpt":{"rendered":"<p>2023\/2024-c\u00fc t\u0259dris ili \u00fc\u00e7\u00fcn q\u0259bul v\u0259 burax\u0131l\u0131\u015f imtahanlar\u0131n\u0131n \u0259vv\u0259lki ill\u0259rl\u0259 m\u00fcqayis\u0259d\u0259 daha tez ke\u00e7iril\u0259 bil\u0259c\u0259yi il\u0259 ba\u011fl\u0131 yay\u0131lan x\u0259b\u0259rl\u0259r ali m\u0259kt\u0259b\u0259 q\u0259bulu h\u0259d\u0259fl\u0259y\u0259n \u015fagirdl\u0259rd\u0259, h\u0259m\u00e7inin onlar\u0131n valideynl\u0259rind\u0259 narahatl\u0131q yarad\u0131b. D\u00f6vl\u0259t \u0130mtahan M\u0259rk\u0259zind\u0259n is\u0259 bildirirl\u0259r ki, imtahan tarixl\u0259rinin ir\u0259li v\u0259 ya geri \u00e7\u0259kil\u0259c\u0259yi il\u0259 ba\u011fl\u0131 yay\u0131lan fikirl\u0259r do\u011fru deyil.\u00a0 \u201cKaspi\u201d\u00a0q\u0259zeti m\u00f6vzunu ara\u015fd\u0131r\u0131b: \u201cAli m\u0259kt\u0259bl\u0259r\u0259 q\u0259bul imtahanlar\u0131n\u0131n c\u0259dv\u0259li bu il dekabr\u0131n 15-d\u0259k elan olunacaq. \u0130mtahan vaxtlar\u0131 Elm v\u0259 T\u0259hsil Nazirliyi il\u0259 raz\u0131la\u015fd\u0131r\u0131lacaq\u201d. D\u00f6vl\u0259t \u0130mtahan M\u0259rk\u0259zinin (D\u0130M) Direktorlar \u015euras\u0131n\u0131n s\u0259dri M\u0259leyk\u0259 Abbaszad\u0259nin bu g\u00fcnl\u0259rd\u0259 a\u00e7\u0131qlad\u0131\u011f\u0131 fikirl\u0259r orta t\u0259hsil pill\u0259si il\u0259 vidala\u015fmaqda olan, ali&hellip;<\/p>\n","protected":false},"author":2,"featured_media":541316,"comment_status":"closed","ping_status":"closed","sticky":false,"template":"","format":"standard","meta":{"om_disable_all_campaigns":false,"_monsterinsights_skip_tracking":false,"_monsterinsights_sitenote_active":false,"_monsterinsights_sitenote_note":"","_monsterinsights_sitenote_category":0},"categories":[1],"tags":[],"aioseo_notices":[],"gutentor_comment":0,"rttpg_featured_image_url":{"full":["https:\/\/arantv.az\/wp-content\/uploads\/2022\/12\/FotoJet-1-2.jpg",620,413,false],"landscape":["https:\/\/arantv.az\/wp-content\/uploads\/2022\/12\/FotoJet-1-2.jpg",620,413,false],"portraits":["https:\/\/arantv.az\/wp-content\/uploads\/2022\/12\/FotoJet-1-2.jpg",620,413,false],"thumbnail":["https:\/\/arantv.az\/wp-content\/uploads\/2022\/12\/FotoJet-1-2-500x280.jpg",500,280,true],"medium":["https:\/\/arantv.az\/wp-content\/uploads\/2022\/12\/FotoJet-1-2-548x365.jpg",548,365,true],"large":["https:\/\/arantv.az\/wp-content\/uploads\/2022\/12\/FotoJet-1-2.jpg",620,413,false],"1536x1536":["https:\/\/arantv.az\/wp-content\/uploads\/2022\/12\/FotoJet-1-2.jpg",620,413,false],"2048x2048":["https:\/\/arantv.az\/wp-content\/uploads\/2022\/12\/FotoJet-1-2.jpg",620,413,false],"post-thumbnail":["https:\/\/arantv.az\/wp-content\/uploads\/2022\/12\/FotoJet-1-2-240x172.jpg",240,172,true],"advps-thumb-one":["https:\/\/arantv.az\/wp-content\/uploads\/2022\/12\/FotoJet-1-2.jpg",620,413,false]},"rttpg_author":{"display_name":"V\u00fcsal Rafiqo\u011flu","author_link":"https:\/\/arantv.az\/?author=2"},"rttpg_comment":0,"rttpg_category":"<a href=\"https:\/\/arantv.az\/?cat=1\" rel=\"category\">C\u0259miyy\u0259t<\/a>","rttpg_excerpt":"2023\/2024-c\u00fc t\u0259dris ili \u00fc\u00e7\u00fcn q\u0259bul v\u0259 burax\u0131l\u0131\u015f imtahanlar\u0131n\u0131n \u0259vv\u0259lki ill\u0259rl\u0259 m\u00fcqayis\u0259d\u0259 daha tez ke\u00e7iril\u0259 bil\u0259c\u0259yi il\u0259 ba\u011fl\u0131 yay\u0131lan x\u0259b\u0259rl\u0259r ali m\u0259kt\u0259b\u0259 q\u0259bulu h\u0259d\u0259fl\u0259y\u0259n \u015fagirdl\u0259rd\u0259, h\u0259m\u00e7inin onlar\u0131n valideynl\u0259rind\u0259 narahatl\u0131q yarad\u0131b. D\u00f6vl\u0259t \u0130mtahan M\u0259rk\u0259zind\u0259n is\u0259 bildirirl\u0259r ki, imtahan tarixl\u0259rinin ir\u0259li v\u0259 ya geri \u00e7\u0259kil\u0259c\u0259yi il\u0259 ba\u011fl\u0131 yay\u0131lan fikirl\u0259r do\u011fru deyil.\u00a0 \u201cKaspi\u201d\u00a0q\u0259zeti m\u00f6vzunu ara\u015fd\u0131r\u0131b: \u201cAli m\u0259kt\u0259bl\u0259r\u0259 q\u0259bul imtahanlar\u0131n\u0131n&hellip;","_links":{"self":[{"href":"https:\/\/arantv.az\/index.php?rest_route=\/wp\/v2\/posts\/541315"}],"collection":[{"href":"https:\/\/arantv.az\/index.php?rest_route=\/wp\/v2\/posts"}],"about":[{"href":"https:\/\/arantv.az\/index.php?rest_route=\/wp\/v2\/types\/post"}],"author":[{"embeddable":true,"href":"https:\/\/arantv.az\/index.php?rest_route=\/wp\/v2\/users\/2"}],"replies":[{"embeddable":true,"href":"https:\/\/arantv.az\/index.php?rest_route=%2Fwp%2Fv2%2Fcomments&post=541315"}],"version-history":[{"count":0,"href":"https:\/\/arantv.az\/index.php?rest_route=\/wp\/v2\/posts\/541315\/revisions"}],"wp:featuredmedia":[{"embeddable":true,"href":"https:\/\/arantv.az\/index.php?rest_route=\/wp\/v2\/media\/541316"}],"wp:attachment":[{"href":"https:\/\/arantv.az\/index.php?rest_route=%2Fwp%2Fv2%2Fmedia&parent=541315"}],"wp:term":[{"taxonomy":"category","embeddable":true,"href":"https:\/\/arantv.az\/index.php?rest_route=%2Fwp%2Fv2%2Fcategories&post=541315"},{"taxonomy":"post_tag","embeddable":true,"href":"https:\/\/arantv.az\/index.php?rest_route=%2Fwp%2Fv2%2Ftags&post=541315"}],"curies":[{"name":"wp","href":"https:\/\/api.w.org\/{rel}","templated":true}]}}