{"id":541320,"date":"2022-12-04T13:17:56","date_gmt":"2022-12-04T10:17:56","guid":{"rendered":"https:\/\/arantv.az\/?p=541320"},"modified":"2022-12-04T13:17:56","modified_gmt":"2022-12-04T10:17:56","slug":"az%c9%99rbaycan-v%c9%99-rusiya-xin-bascilarinin-gorusunun-gund%c9%99liyi-aciqlandi","status":"publish","type":"post","link":"https:\/\/arantv.az\/?p=541320","title":{"rendered":"Az\u0259rbaycan v\u0259 Rusiya X\u0130N ba\u015f\u00e7\u0131lar\u0131n\u0131n g\u00f6r\u00fc\u015f\u00fcn\u00fcn g\u00fcnd\u0259liyi A\u00c7IQLANDI"},"content":{"rendered":"<p>Az\u0259rbaycan xarici i\u015fl\u0259r naziri Ceyhun Bayramov v\u0259 rusiyal\u0131 h\u0259mkar\u0131 Sergey Lavrov aras\u0131ndak\u0131 g\u00f6r\u00fc\u015fd\u0259 m\u00fczakir\u0259 olunacaq m\u00f6vzular\u0131 a\u00e7\u0131qlan\u0131b.<\/p>\n<div class=\"AdviadNativeVideo\"><\/div>\n<p>Bu bar\u0259d\u0259 Rusiya Xarici \u0130\u015fl\u0259r Nazirliyi m\u0259lumat yay\u0131b.<\/p>\n<p>G\u00f6r\u00fc\u015fd\u0259 ikit\u0259r\u0259fli \u0259m\u0259kda\u015fl\u0131\u011f\u0131n v\u0259ziyy\u0259ti v\u0259 perspektivl\u0259rinin m\u00fczakir\u0259si, o c\u00fcml\u0259d\u0259n regional v\u0259 beyn\u0259lxalq g\u00fcnd\u0259liyin \u0259n aktual aspektl\u0259ri, h\u0259m\u00e7inin Az\u0259rbaycan-Erm\u0259nistan m\u00fcnasib\u0259tl\u0259rinin normalla\u015fd\u0131r\u0131lmas\u0131 m\u0259s\u0259l\u0259l\u0259ri \u00fczr\u0259 fikir m\u00fcbadil\u0259sinin apar\u0131lmas\u0131 planla\u015fd\u0131r\u0131l\u0131r.<\/p>\n<p>X\u0130N qeyd edib ki, Az\u0259rbaycan Rusiyan\u0131n C\u0259nubi Qafqazda v\u0259 X\u0259z\u0259r regionunda m\u00fch\u00fcm t\u0259r\u0259fda\u015f\u0131 v\u0259 m\u00fctt\u0259fiqidir:<\/p>\n<p>\u201c\u00d6lk\u0259l\u0259rimiz aras\u0131nda m\u00fcnasib\u0259tl\u0259r dostluq v\u0259 mehriban qon\u015fuluq \u0259n\u0259n\u0259l\u0259ri ruhunda y\u00fcks\u0259l\u0259n x\u0259tl\u0259 inki\u015faf edir. G\u00fcnd\u0259lik birg\u0259 i\u015f b\u0259rab\u0259rlik, qar\u015f\u0131l\u0131ql\u0131 h\u00f6rm\u0259t v\u0259 bir-birinin maraqlar\u0131n\u0131n n\u0259z\u0259r\u0259 al\u0131nmas\u0131 prinsipl\u0259ri \u0259sas\u0131nda qurulur\u201d.<\/p>\n","protected":false},"excerpt":{"rendered":"<p>Az\u0259rbaycan xarici i\u015fl\u0259r naziri Ceyhun Bayramov v\u0259 rusiyal\u0131 h\u0259mkar\u0131 Sergey Lavrov aras\u0131ndak\u0131 g\u00f6r\u00fc\u015fd\u0259 m\u00fczakir\u0259 olunacaq m\u00f6vzular\u0131 a\u00e7\u0131qlan\u0131b. Bu bar\u0259d\u0259 Rusiya Xarici \u0130\u015fl\u0259r Nazirliyi m\u0259lumat yay\u0131b. G\u00f6r\u00fc\u015fd\u0259 ikit\u0259r\u0259fli \u0259m\u0259kda\u015fl\u0131\u011f\u0131n v\u0259ziyy\u0259ti v\u0259 perspektivl\u0259rinin m\u00fczakir\u0259si, o c\u00fcml\u0259d\u0259n regional v\u0259 beyn\u0259lxalq g\u00fcnd\u0259liyin \u0259n aktual aspektl\u0259ri, h\u0259m\u00e7inin Az\u0259rbaycan-Erm\u0259nistan m\u00fcnasib\u0259tl\u0259rinin normalla\u015fd\u0131r\u0131lmas\u0131 m\u0259s\u0259l\u0259l\u0259ri \u00fczr\u0259 fikir m\u00fcbadil\u0259sinin apar\u0131lmas\u0131 planla\u015fd\u0131r\u0131l\u0131r. X\u0130N qeyd edib ki, Az\u0259rbaycan Rusiyan\u0131n C\u0259nubi Qafqazda v\u0259 X\u0259z\u0259r regionunda m\u00fch\u00fcm t\u0259r\u0259fda\u015f\u0131 v\u0259 m\u00fctt\u0259fiqidir: \u201c\u00d6lk\u0259l\u0259rimiz aras\u0131nda m\u00fcnasib\u0259tl\u0259r dostluq v\u0259 mehriban qon\u015fuluq \u0259n\u0259n\u0259l\u0259ri ruhunda y\u00fcks\u0259l\u0259n x\u0259tl\u0259 inki\u015faf edir. G\u00fcnd\u0259lik birg\u0259 i\u015f b\u0259rab\u0259rlik, qar\u015f\u0131l\u0131ql\u0131 h\u00f6rm\u0259t v\u0259 bir-birinin maraqlar\u0131n\u0131n n\u0259z\u0259r\u0259 al\u0131nmas\u0131&hellip;<\/p>\n","protected":false},"author":2,"featured_media":541321,"comment_status":"closed","ping_status":"closed","sticky":false,"template":"","format":"standard","meta":{"om_disable_all_campaigns":false,"_monsterinsights_skip_tracking":false,"_monsterinsights_sitenote_active":false,"_monsterinsights_sitenote_note":"","_monsterinsights_sitenote_category":0},"categories":[4],"tags":[],"aioseo_notices":[],"gutentor_comment":0,"rttpg_featured_image_url":{"full":["https:\/\/arantv.az\/wp-content\/uploads\/2022\/12\/FotoJet-2022-12-04T135214.811.jpg",620,413,false],"landscape":["https:\/\/arantv.az\/wp-content\/uploads\/2022\/12\/FotoJet-2022-12-04T135214.811.jpg",620,413,false],"portraits":["https:\/\/arantv.az\/wp-content\/uploads\/2022\/12\/FotoJet-2022-12-04T135214.811.jpg",620,413,false],"thumbnail":["https:\/\/arantv.az\/wp-content\/uploads\/2022\/12\/FotoJet-2022-12-04T135214.811-500x280.jpg",500,280,true],"medium":["https:\/\/arantv.az\/wp-content\/uploads\/2022\/12\/FotoJet-2022-12-04T135214.811-548x365.jpg",548,365,true],"large":["https:\/\/arantv.az\/wp-content\/uploads\/2022\/12\/FotoJet-2022-12-04T135214.811.jpg",620,413,false],"1536x1536":["https:\/\/arantv.az\/wp-content\/uploads\/2022\/12\/FotoJet-2022-12-04T135214.811.jpg",620,413,false],"2048x2048":["https:\/\/arantv.az\/wp-content\/uploads\/2022\/12\/FotoJet-2022-12-04T135214.811.jpg",620,413,false],"post-thumbnail":["https:\/\/arantv.az\/wp-content\/uploads\/2022\/12\/FotoJet-2022-12-04T135214.811-240x172.jpg",240,172,true],"advps-thumb-one":["https:\/\/arantv.az\/wp-content\/uploads\/2022\/12\/FotoJet-2022-12-04T135214.811.jpg",620,413,false]},"rttpg_author":{"display_name":"V\u00fcsal Rafiqo\u011flu","author_link":"https:\/\/arantv.az\/?author=2"},"rttpg_comment":0,"rttpg_category":"<a href=\"https:\/\/arantv.az\/?cat=4\" rel=\"category\">Siyas\u0259t<\/a>","rttpg_excerpt":"Az\u0259rbaycan xarici i\u015fl\u0259r naziri Ceyhun Bayramov v\u0259 rusiyal\u0131 h\u0259mkar\u0131 Sergey Lavrov aras\u0131ndak\u0131 g\u00f6r\u00fc\u015fd\u0259 m\u00fczakir\u0259 olunacaq m\u00f6vzular\u0131 a\u00e7\u0131qlan\u0131b. Bu bar\u0259d\u0259 Rusiya Xarici \u0130\u015fl\u0259r Nazirliyi m\u0259lumat yay\u0131b. G\u00f6r\u00fc\u015fd\u0259 ikit\u0259r\u0259fli \u0259m\u0259kda\u015fl\u0131\u011f\u0131n v\u0259ziyy\u0259ti v\u0259 perspektivl\u0259rinin m\u00fczakir\u0259si, o c\u00fcml\u0259d\u0259n regional v\u0259 beyn\u0259lxalq g\u00fcnd\u0259liyin \u0259n aktual aspektl\u0259ri, h\u0259m\u00e7inin Az\u0259rbaycan-Erm\u0259nistan m\u00fcnasib\u0259tl\u0259rinin normalla\u015fd\u0131r\u0131lmas\u0131 m\u0259s\u0259l\u0259l\u0259ri \u00fczr\u0259 fikir m\u00fcbadil\u0259sinin apar\u0131lmas\u0131 planla\u015fd\u0131r\u0131l\u0131r. X\u0130N qeyd edib ki,&hellip;","_links":{"self":[{"href":"https:\/\/arantv.az\/index.php?rest_route=\/wp\/v2\/posts\/541320"}],"collection":[{"href":"https:\/\/arantv.az\/index.php?rest_route=\/wp\/v2\/posts"}],"about":[{"href":"https:\/\/arantv.az\/index.php?rest_route=\/wp\/v2\/types\/post"}],"author":[{"embeddable":true,"href":"https:\/\/arantv.az\/index.php?rest_route=\/wp\/v2\/users\/2"}],"replies":[{"embeddable":true,"href":"https:\/\/arantv.az\/index.php?rest_route=%2Fwp%2Fv2%2Fcomments&post=541320"}],"version-history":[{"count":0,"href":"https:\/\/arantv.az\/index.php?rest_route=\/wp\/v2\/posts\/541320\/revisions"}],"wp:featuredmedia":[{"embeddable":true,"href":"https:\/\/arantv.az\/index.php?rest_route=\/wp\/v2\/media\/541321"}],"wp:attachment":[{"href":"https:\/\/arantv.az\/index.php?rest_route=%2Fwp%2Fv2%2Fmedia&parent=541320"}],"wp:term":[{"taxonomy":"category","embeddable":true,"href":"https:\/\/arantv.az\/index.php?rest_route=%2Fwp%2Fv2%2Fcategories&post=541320"},{"taxonomy":"post_tag","embeddable":true,"href":"https:\/\/arantv.az\/index.php?rest_route=%2Fwp%2Fv2%2Ftags&post=541320"}],"curies":[{"name":"wp","href":"https:\/\/api.w.org\/{rel}","templated":true}]}}