{"id":54135,"date":"2019-04-30T16:02:39","date_gmt":"2019-04-30T13:02:39","guid":{"rendered":"http:\/\/arantv.az\/?p=54135"},"modified":"2019-04-30T16:02:39","modified_gmt":"2019-04-30T13:02:39","slug":"k%c9%99mal%c9%99ddin-heyd%c9%99rov-sahibkar-v%c9%99-sakinl%c9%99rl%c9%99-gorusdu","status":"publish","type":"post","link":"https:\/\/arantv.az\/?p=54135","title":{"rendered":"K\u0259mal\u0259ddin Heyd\u0259rov sahibkar v\u0259 sakinl\u0259rl\u0259 g\u00f6r\u00fc\u015fd\u00fc"},"content":{"rendered":"<p><strong>30 aprel 2019-cu il tarixind\u0259 F\u00f6vq\u0259lad\u0259 Hallar Nazirliyinin inzibati binas\u0131nda \u201cB\u0259zi \u00e7oxm\u0259nzilli binalar\u0131n istismar\u0131na icaz\u0259 verilm\u0259sinin sad\u0259l\u0259\u015fdirilm\u0259si haqq\u0131nda\u201d Az\u0259rbaycan Respublikas\u0131 Prezidentinin 19 fevral 2019-cu il tarixli F\u0259rman\u0131n\u0131n icras\u0131na m\u0259sul olan m\u00fcvafiq d\u00f6vl\u0259t qurumlar\u0131n\u0131n r\u0259hb\u0259r \u015f\u0259xsl\u0259rinin i\u015ftirak\u0131 il\u0259 f\u0259rman\u0131n t\u0259tbiq olundu\u011fu ya\u015fay\u0131\u015f binalar\u0131n\u0131n sifar\u0131\u015f\u00e7il\u0259ri, MTK s\u0259drl\u0259ri v\u0259 h\u0259min binalarda ya\u015fayan sakinl\u0259rin bir qismi il\u0259 g\u00f6r\u00fc\u015f ke\u00e7irilib.<\/strong><\/p>\n<p><strong>ARANTV.AZ<\/strong> x\u0259b\u0259r verir ki, g\u00f6r\u00fc\u015fd\u0259 F\u00f6vq\u0259lad\u0259 Hallar naziri K\u0259mal\u0259ddin Heyd\u0259rov, D\u00f6vl\u0259t \u015e\u0259h\u0259rsalma v\u0259 Arxitektura Komit\u0259sinin s\u0259dri Samir Nuriyev, Bak\u0131 \u015e\u0259h\u0259r \u0130cra Hakimiyy\u0259tinin ba\u015f\u00e7\u0131s\u0131 Eldar \u018fzizov, Ab\u015feron Rayon \u0130cra Hakimiyy\u0259tinin ba\u015f\u00e7\u0131s\u0131 \u0130rad\u0259 G\u00fclm\u0259mm\u0259dova, Sumqay\u0131t \u015e\u0259h\u0259r \u0130cra Hakimiyy\u0259tinin ba\u015f\u00e7\u0131s\u0131 Zakir F\u0259r\u0259cov, Ba\u015f prokurorun m\u00fcavini \u2013 Ba\u015f prokuror yan\u0131nda Korrupsiyaya qar\u015f\u0131 m\u00fcbariz\u0259 ba\u015f idar\u0259sinin r\u0259isi Kamran \u018fliyev, Az\u0259rsu ASC-nin s\u0259dri Qorxmaz H\u00fcseynov, SOCAR Az\u0259riqaz\u201d \u0130B-nin ba\u015f direktoru \u018fkb\u0259r Hac\u0131yev, Az\u0259ri\u015f\u0131q ASC-nin s\u0259dr m\u00fcavini Ramil Yusifov, Nazirl\u0259r Kabineti Kommunikasiya, tikinti v\u0259 kommunal t\u0259s\u0259rr\u00fcfat m\u0259s\u0259l\u0259l\u0259ri \u015f\u00f6b\u0259sinin m\u00fcdiri Qas\u0131m Abdullayev, Az\u0259rbaycan Respublikas\u0131 Prezidentinin \u0130qtisadi m\u0259s\u0259l\u0259l\u0259r \u00fczr\u0259 k\u00f6m\u0259k\u00e7isinin xidm\u0259tinin ba\u015f m\u0259sl\u0259h\u0259t\u00e7isi Feyruz Mustafayev, FHN-in aidiyy\u0259ti r\u0259hb\u0259r \u015f\u0259xsl\u0259ri i\u015ftirak edibl\u0259r.<\/p>\n<p>T\u0259dbird\u0259 \u00e7\u0131x\u0131\u015f ed\u0259n F\u00f6vq\u0259lad\u0259 Hallar naziri K\u0259mal\u0259ddin Heyd\u0259rov \u201cB\u0259zi \u00e7oxm\u0259nzilli binalar\u0131n istismar\u0131na icaz\u0259 verilm\u0259sinin sad\u0259l\u0259\u015fdirilm\u0259si haqq\u0131nda\u201d Az\u0259rbaycan Respublikas\u0131 Prezidentinin 19 fevral 2019-cu il tarixli 529 n\u00f6mr\u0259li F\u0259rman\u0131n\u0131n icras\u0131n\u0131n v\u0259ziyy\u0259ti bar\u0259d\u0259 dan\u0131\u015f\u0131b. Nazir qeyd edib ki, b\u0259zi \u00e7oxm\u0259nzilli ya\u015fay\u0131\u015f binalar\u0131n\u0131n istismara q\u0259bulu il\u0259 ba\u011fl\u0131 m\u00f6vcud v\u0259ziyy\u0259t sakinl\u0259rin haql\u0131 naraz\u0131l\u0131\u011f\u0131na s\u0259b\u0259b olaraq, onlar\u0131n m\u00fclkiyy\u0259t h\u00fcquqlar\u0131n\u0131n realla\u015fd\u0131r\u0131lmas\u0131na \u0259ng\u0259ll\u0259r yarad\u0131b. V\u0259t\u0259nda\u015flar\u0131n g\u00fcnd\u0259lik probleml\u0259rinin h\u0259llin\u0259 x\u00fcsusi h\u0259ssasl\u0131qla yana\u015fan \u00f6lk\u0259 ba\u015f\u00e7\u0131s\u0131 c\u0259nab \u0130lham \u018fliyev ill\u0259rdir \u00f6z h\u0259llini tapmayan bu m\u0259s\u0259l\u0259d\u0259 d\u0259 \u00f6z q\u0259tiyy\u0259tli m\u00f6vqeyini ortaya qoyub. Nazir K.Heyd\u0259rov s\u00f6z\u00fcged\u0259n F\u0259rman\u0131n icras\u0131 istiqam\u0259tind\u0259 h\u0259m F\u00f6vq\u0259lad\u0259 Hallar Nazirliyi, D\u00f6vl\u0259t Neft \u015eirk\u0259tinin Az\u0259riqaz \u0130stehsalat Birliyi, Az\u0259rsu v\u0259 Az\u0259ri\u015f\u0131q A\u00e7\u0131q S\u0259hmdar c\u0259miyy\u0259tl\u0259ri qar\u015f\u0131s\u0131nda, h\u0259m d\u0259 m\u00fcvafiq ya\u015fay\u0131\u015f binalar\u0131n\u0131n sifar\u0131\u015f\u00e7il\u0259ri qar\u015f\u0131s\u0131nda olduqca m\u00fch\u00fcm v\u0259zif\u0259l\u0259r durdu\u011funu xat\u0131rladaraq bildirib ki, bu bax\u0131mdan F\u0259rman\u0131n icras\u0131na m\u0259sul olan d\u00f6vl\u0259t qurumlar\u0131 il\u0259 tikinti f\u0259aliyy\u0259ti subyektl\u0259ri aras\u0131nda m\u0259hsuldar qar\u015f\u0131l\u0131ql\u0131 \u0259laq\u0259nin t\u0259min edilm\u0259si m\u00fch\u00fcm \u0259h\u0259miyy\u0259t k\u0259sb edir. Bug\u00fcnk\u00fc g\u00f6r\u00fc\u015f\u00fcn d\u0259 bu m\u0259qs\u0259dl\u0259 t\u0259\u015fkil edildiyi v\u0259 F\u0259rman\u0131n icras\u0131 il\u0259 ba\u011fl\u0131 qar\u015f\u0131ya \u00e7\u0131xan m\u0259s\u0259l\u0259l\u0259rin h\u0259lli istiqam\u0259tind\u0259 fikir m\u00fcbadil\u0259sinin apar\u0131lmas\u0131n\u0131n i\u015fl\u0259rin s\u00fcr\u0259tl\u0259ndirilm\u0259sin\u0259 t\u0259kan ver\u0259c\u0259yi qeyd edilib.<\/p>\n<p>Nazir deyib ki, i\u015fl\u0259r f\u0259rmanla m\u00fc\u0259yy\u0259n olunmu\u015f zaman \u00e7\u0259r\u00e7iv\u0259sind\u0259 h\u0259yata ke\u00e7irilir v\u0259 f\u0259rmanda m\u00fc\u0259yy\u0259n olundu\u011fu kimi, \u00f6t\u0259n 2 ay \u0259rzind\u0259 respublika \u00fczr\u0259 istismar\u0131na icaz\u0259 verilm\u0259d\u0259n faktiki istismar edil\u0259n b\u00fct\u00fcn \u00e7oxm\u0259nzilli ya\u015fay\u0131\u015f binalar\u0131nda m\u00fcayin\u0259 i\u015fl\u0259ri h\u0259yata ke\u00e7irilib. M\u00fcayin\u0259l\u0259rin n\u0259tic\u0259si olaraq bu kateqoriyaya aid 26 binan\u0131n istismara haz\u0131r olmas\u0131 bar\u0259d\u0259 m\u00fcsb\u0259t r\u0259y t\u0259rtib edilib v\u0259 aidiyy\u0259ti \u00fczr\u0259 D\u00f6vl\u0259t \u015e\u0259h\u0259rsalma v\u0259 Arxitektura Komit\u0259sin\u0259 t\u0259qdim edilib. FHN-in Tikintid\u0259 T\u0259hl\u00fck\u0259sizliy\u0259 N\u0259zar\u0259t D\u00f6vl\u0259t Agentliyinin inzibati binas\u0131nda m\u00fcvafiq qurumlar\u0131n s\u0259lahiyy\u0259tli n\u00fcmay\u0259nd\u0259l\u0259rinin i\u015ftirak\u0131 il\u0259 q\u0259rargah yarad\u0131ld\u0131\u011f\u0131n\u0131 xat\u0131rladan nazir, bug\u00fcn\u0259 q\u0259d\u0259r q\u0259rargahda 260 ya\u015fay\u0131\u015f binas\u0131n\u0131n n\u00fcmay\u0259nd\u0259l\u0259rinin q\u0259bul edil\u0259r\u0259k, onlara z\u0259ruri izahatlar verildiyini deyib v\u0259 \u0259lav\u0259 edib ki, F\u00f6vq\u0259lad\u0259 Hallar Nazirliyi, \u201cAz\u0259rsu\u201d v\u0259 \u201cAz\u0259ri\u015f\u0131q\u201d A\u00e7\u0131q S\u0259hmdar c\u0259miyy\u0259tl\u0259ri, \u201cAz\u0259riqaz\u201d \u0130stehsalat Birliyi ist\u0259nil\u0259n d\u0259st\u0259yi g\u00f6st\u0259rm\u0259y\u0259 haz\u0131rd\u0131r.<\/p>\n<p>Sonra \u00e7\u0131x\u0131\u015f ed\u0259n \u201cB\u0259zi \u00e7oxm\u0259nzilli binalar\u0131n istismar\u0131na icaz\u0259 verilm\u0259sinin sad\u0259l\u0259\u015fdirilm\u0259si haqq\u0131nda\u201d Az\u0259rbaycan Respublikas\u0131 Prezidentinin F\u0259rman\u0131n\u0131n icras\u0131na m\u0259sul olan aidiyy\u0259ti qurumlar\u0131n r\u0259hb\u0259r \u015f\u0259xsl\u0259ri m\u00fcayin\u0259 n\u0259tic\u0259sind\u0259 a\u015fkar edilmi\u015f q\u00fcsurlar, m\u00f6vcud probleml\u0259r, onlar\u0131n h\u0259lli yollar\u0131 v\u0259 i\u015fl\u0259rin \u00fcmumi gedi\u015fat\u0131 bar\u0259d\u0259 m\u0259lumat veribl\u0259r. Bildirilib ki, F\u0259rmana uy\u011fun olaraq, n\u00f6vb\u0259ti m\u0259rh\u0259l\u0259 kimi 5 ay m\u00fcdd\u0259tind\u0259 \u00e7at\u0131\u015fmazl\u0131qlar aradan qald\u0131r\u0131lmal\u0131 v\u0259 binalar\u0131n istismara q\u0259bul olunmas\u0131 \u00fc\u00e7\u00fcn aidiyy\u0259ti \u00fczr\u0259 yenid\u0259n m\u00fcraci\u0259t olunmal\u0131d\u0131r.<\/p>\n<p>Daha sonra istismara haz\u0131rl\u0131\u011f\u0131 bax\u0131m\u0131ndan m\u00fcsb\u0259t r\u0259yin verilm\u0259si m\u00fcmk\u00fcn olmayan ya\u015fay\u0131\u015f binalar\u0131n\u0131n sifar\u0131\u015f\u00e7il\u0259rinin, MTK s\u0259drl\u0259ri v\u0259 h\u0259min binalarda ya\u015fayan sakinl\u0259rin fikirl\u0259ri, qar\u015f\u0131ya \u00e7\u0131xan m\u0259s\u0259l\u0259l\u0259rin aradan qald\u0131r\u0131lmas\u0131 istiqam\u0259tind\u0259 t\u0259klifl\u0259ri dinl\u0259nilib. \u00c7\u0131x\u0131\u015f ed\u0259n \u015f\u0259xsl\u0259r \u201cB\u0259zi \u00e7oxm\u0259nzilli binalar\u0131n istismar\u0131na icaz\u0259 verilm\u0259sinin sad\u0259l\u0259\u015fdirilm\u0259si haqq\u0131nda\u201d Az\u0259rbaycan Respublikas\u0131 Prezidentinin F\u0259rman\u0131n\u0131n \u0259h\u0259miyy\u0259tind\u0259n dan\u0131\u015faraq, m\u00f6vcud probleml\u0259rin aradan qald\u0131r\u0131lmas\u0131 il\u0259 ba\u011fl\u0131 onlara g\u00f6st\u0259ril\u0259n diqq\u0259t v\u0259 qay\u011f\u0131ya g\u00f6r\u0259 d\u00f6vl\u0259t ba\u015f\u00e7\u0131s\u0131na minn\u0259tdarl\u0131qlar\u0131n\u0131 ifad\u0259 edibl\u0259r. Sonra F\u0259rman\u0131n icras\u0131ndan ir\u0259li g\u0259l\u0259n m\u0259s\u0259l\u0259l\u0259r geni\u015f m\u00fczakir\u0259 edilib, m\u00f6vcud probleml\u0259rin h\u0259lli yollar\u0131 bar\u0259d\u0259 \u0259trafl\u0131 fikir m\u00fcbadil\u0259si apar\u0131l\u0131b.axar.az<\/p>\n","protected":false},"excerpt":{"rendered":"<p>30 aprel 2019-cu il tarixind\u0259 F\u00f6vq\u0259lad\u0259 Hallar Nazirliyinin inzibati binas\u0131nda \u201cB\u0259zi \u00e7oxm\u0259nzilli binalar\u0131n istismar\u0131na icaz\u0259 verilm\u0259sinin sad\u0259l\u0259\u015fdirilm\u0259si haqq\u0131nda\u201d Az\u0259rbaycan Respublikas\u0131 Prezidentinin 19 fevral 2019-cu il tarixli F\u0259rman\u0131n\u0131n icras\u0131na m\u0259sul olan m\u00fcvafiq d\u00f6vl\u0259t qurumlar\u0131n\u0131n r\u0259hb\u0259r \u015f\u0259xsl\u0259rinin i\u015ftirak\u0131 il\u0259 f\u0259rman\u0131n t\u0259tbiq olundu\u011fu ya\u015fay\u0131\u015f binalar\u0131n\u0131n sifar\u0131\u015f\u00e7il\u0259ri, MTK s\u0259drl\u0259ri v\u0259 h\u0259min binalarda ya\u015fayan sakinl\u0259rin bir qismi il\u0259 g\u00f6r\u00fc\u015f ke\u00e7irilib. ARANTV.AZ x\u0259b\u0259r verir ki, g\u00f6r\u00fc\u015fd\u0259 F\u00f6vq\u0259lad\u0259 Hallar naziri K\u0259mal\u0259ddin Heyd\u0259rov, D\u00f6vl\u0259t \u015e\u0259h\u0259rsalma v\u0259 Arxitektura Komit\u0259sinin s\u0259dri Samir Nuriyev, Bak\u0131 \u015e\u0259h\u0259r \u0130cra Hakimiyy\u0259tinin ba\u015f\u00e7\u0131s\u0131 Eldar \u018fzizov, Ab\u015feron Rayon \u0130cra Hakimiyy\u0259tinin ba\u015f\u00e7\u0131s\u0131 \u0130rad\u0259 G\u00fclm\u0259mm\u0259dova, Sumqay\u0131t \u015e\u0259h\u0259r \u0130cra&hellip;<\/p>\n","protected":false},"author":2,"featured_media":54136,"comment_status":"closed","ping_status":"closed","sticky":false,"template":"","format":"standard","meta":{"om_disable_all_campaigns":false,"_monsterinsights_skip_tracking":false,"_monsterinsights_sitenote_active":false,"_monsterinsights_sitenote_note":"","_monsterinsights_sitenote_category":0},"categories":[1],"tags":[],"aioseo_notices":[],"gutentor_comment":0,"rttpg_featured_image_url":{"full":["https:\/\/arantv.az\/wp-content\/uploads\/2019\/04\/nazir-gorush.jpg",599,368,false],"landscape":["https:\/\/arantv.az\/wp-content\/uploads\/2019\/04\/nazir-gorush.jpg",599,368,false],"portraits":["https:\/\/arantv.az\/wp-content\/uploads\/2019\/04\/nazir-gorush.jpg",599,368,false],"thumbnail":["https:\/\/arantv.az\/wp-content\/uploads\/2019\/04\/nazir-gorush-150x150.jpg",150,150,true],"medium":["https:\/\/arantv.az\/wp-content\/uploads\/2019\/04\/nazir-gorush-300x184.jpg",300,184,true],"large":["https:\/\/arantv.az\/wp-content\/uploads\/2019\/04\/nazir-gorush.jpg",599,368,false],"1536x1536":["https:\/\/arantv.az\/wp-content\/uploads\/2019\/04\/nazir-gorush.jpg",599,368,false],"2048x2048":["https:\/\/arantv.az\/wp-content\/uploads\/2019\/04\/nazir-gorush.jpg",599,368,false],"post-thumbnail":["https:\/\/arantv.az\/wp-content\/uploads\/2019\/04\/nazir-gorush-240x172.jpg",240,172,true],"advps-thumb-one":["https:\/\/arantv.az\/wp-content\/uploads\/2019\/04\/nazir-gorush.jpg",599,368,false]},"rttpg_author":{"display_name":"V\u00fcsal Rafiqo\u011flu","author_link":"https:\/\/arantv.az\/?author=2"},"rttpg_comment":0,"rttpg_category":"<a href=\"https:\/\/arantv.az\/?cat=1\" rel=\"category\">C\u0259miyy\u0259t<\/a>","rttpg_excerpt":"30 aprel 2019-cu il tarixind\u0259 F\u00f6vq\u0259lad\u0259 Hallar Nazirliyinin inzibati binas\u0131nda \u201cB\u0259zi \u00e7oxm\u0259nzilli binalar\u0131n istismar\u0131na icaz\u0259 verilm\u0259sinin sad\u0259l\u0259\u015fdirilm\u0259si haqq\u0131nda\u201d Az\u0259rbaycan Respublikas\u0131 Prezidentinin 19 fevral 2019-cu il tarixli F\u0259rman\u0131n\u0131n icras\u0131na m\u0259sul olan m\u00fcvafiq d\u00f6vl\u0259t qurumlar\u0131n\u0131n r\u0259hb\u0259r \u015f\u0259xsl\u0259rinin i\u015ftirak\u0131 il\u0259 f\u0259rman\u0131n t\u0259tbiq olundu\u011fu ya\u015fay\u0131\u015f binalar\u0131n\u0131n sifar\u0131\u015f\u00e7il\u0259ri, MTK s\u0259drl\u0259ri v\u0259 h\u0259min binalarda ya\u015fayan sakinl\u0259rin bir qismi il\u0259 g\u00f6r\u00fc\u015f ke\u00e7irilib.&hellip;","_links":{"self":[{"href":"https:\/\/arantv.az\/index.php?rest_route=\/wp\/v2\/posts\/54135"}],"collection":[{"href":"https:\/\/arantv.az\/index.php?rest_route=\/wp\/v2\/posts"}],"about":[{"href":"https:\/\/arantv.az\/index.php?rest_route=\/wp\/v2\/types\/post"}],"author":[{"embeddable":true,"href":"https:\/\/arantv.az\/index.php?rest_route=\/wp\/v2\/users\/2"}],"replies":[{"embeddable":true,"href":"https:\/\/arantv.az\/index.php?rest_route=%2Fwp%2Fv2%2Fcomments&post=54135"}],"version-history":[{"count":0,"href":"https:\/\/arantv.az\/index.php?rest_route=\/wp\/v2\/posts\/54135\/revisions"}],"wp:featuredmedia":[{"embeddable":true,"href":"https:\/\/arantv.az\/index.php?rest_route=\/wp\/v2\/media\/54136"}],"wp:attachment":[{"href":"https:\/\/arantv.az\/index.php?rest_route=%2Fwp%2Fv2%2Fmedia&parent=54135"}],"wp:term":[{"taxonomy":"category","embeddable":true,"href":"https:\/\/arantv.az\/index.php?rest_route=%2Fwp%2Fv2%2Fcategories&post=54135"},{"taxonomy":"post_tag","embeddable":true,"href":"https:\/\/arantv.az\/index.php?rest_route=%2Fwp%2Fv2%2Ftags&post=54135"}],"curies":[{"name":"wp","href":"https:\/\/api.w.org\/{rel}","templated":true}]}}