{"id":542316,"date":"2022-12-07T08:17:55","date_gmt":"2022-12-07T05:17:55","guid":{"rendered":"https:\/\/arantv.az\/?p=542316"},"modified":"2022-12-07T08:17:55","modified_gmt":"2022-12-07T05:17:55","slug":"hamil%c9%99-arvadini-doy%c9%99r%c9%99k-ovladinin-olumun%c9%99-s%c9%99b%c9%99b-oldugu-iddia-edil%c9%99n-s%c9%99xsd%c9%99n-aciqlama-video","status":"publish","type":"post","link":"https:\/\/arantv.az\/?p=542316","title":{"rendered":"Hamil\u0259 arvad\u0131n\u0131 d\u00f6y\u0259r\u0259k \u00f6vlad\u0131n\u0131n \u00f6l\u00fcm\u00fcn\u0259 s\u0259b\u0259b oldu\u011fu iddia edil\u0259n \u015f\u0259xsd\u0259n A\u00c7IQLAMA &#8211; V\u0130DEO"},"content":{"rendered":"<article class=\"news\">\n<div class=\"news-inner\">\n<p>Sabirabadda hamil\u0259 arvad\u0131n\u0131 d\u00f6y\u00fcb onun\u00a0\u00f6vlad\u0131n\u0131n vaxt\u0131ndan \u0259vv\u0259l d\u00fcnyaya g\u0259l\u0259r\u0259k \u00f6lm\u0259sin\u0259 s\u0259b\u0259b oldu\u011fu iddia edil\u0259n \u015f\u0259xs dan\u0131\u015f\u0131b.<\/p>\n<div class=\"AdviadNativeVideo\"><\/div>\n<p>D\u00f6y\u00fcld\u00fcy\u00fc deyil\u0259n qad\u0131n\u0131n \u0259ri V\u00fcsal H\u00fcseynov qaynanas\u0131ndan \u015fikay\u0259t\u00e7i oldu\u011funu bildirib:<\/p>\n<p>\u201cM\u0259nim haqq\u0131mda bu m\u0259lumatlar\u0131 yaln\u0131z o yaya bil\u0259r. Q\u0131z\u0131n\u0131n o\u011flanla dan\u0131\u015fd\u0131\u011f\u0131n\u0131n a\u00e7\u0131q a\u015fkar g\u00f6r\u00fcnd\u00fcy\u00fc telefon dan\u0131\u015f\u0131\u011f\u0131n\u0131n iki ayl\u0131q siyah\u0131s\u0131n\u0131 \u00e7\u0131xartd\u0131rm\u0131\u015fam. Evd\u0259n d\u0259rman tapm\u0131\u015fam. Ev\u0259 g\u0259lib yem\u0259k yey\u0259nd\u0259n sonra yuxum g\u0259lirdi. He\u00e7n\u0259d\u0259n x\u0259b\u0259rim olmurdu. 2018-ci ild\u0259 ail\u0259 h\u0259yat\u0131 qurmu\u015fam. Aram\u0131zda bu vaxta q\u0259d\u0259r he\u00e7 bir problem olmay\u0131b. Oktyabr ay\u0131nda o\u011flanla\u00a0dan\u0131\u015f\u0131qlar\u0131n\u0131 tutdum v\u0259 atas\u0131na z\u0259ng edib xahi\u015f etdim ki, q\u0131z\u0131n\u0131 apars\u0131n. Q\u0131z\u0131n\u0131 apard\u0131qdan sonra\u00a0m\u0259ni polis\u0259 verdil\u0259r ki, g\u00fcy\u0259 m\u0259n q\u0131z\u0131 d\u00f6ym\u00fc\u015f\u0259m\u201d.<\/p>\n<p>Daha \u0259trafl\u0131 Baku TV-nin s\u00fcjetind\u0259:<\/p>\n<div><iframe loading=\"lazy\" title=\"YouTube video player\" src=\"https:\/\/www.youtube.com\/embed\/1UUdcb2cOQw\" width=\"560\" height=\"315\" frameborder=\"0\" allowfullscreen=\"allowfullscreen\" data-mce-fragment=\"1\"><\/iframe><\/div>\n<\/div>\n<\/article>\n<section class=\"related-news\">\n<div class=\"l-center\"><\/div>\n<\/section>\n","protected":false},"excerpt":{"rendered":"<p>Sabirabadda hamil\u0259 arvad\u0131n\u0131 d\u00f6y\u00fcb onun\u00a0\u00f6vlad\u0131n\u0131n vaxt\u0131ndan \u0259vv\u0259l d\u00fcnyaya g\u0259l\u0259r\u0259k \u00f6lm\u0259sin\u0259 s\u0259b\u0259b oldu\u011fu iddia edil\u0259n \u015f\u0259xs dan\u0131\u015f\u0131b. D\u00f6y\u00fcld\u00fcy\u00fc deyil\u0259n qad\u0131n\u0131n \u0259ri V\u00fcsal H\u00fcseynov qaynanas\u0131ndan \u015fikay\u0259t\u00e7i oldu\u011funu bildirib: \u201cM\u0259nim haqq\u0131mda bu m\u0259lumatlar\u0131 yaln\u0131z o yaya bil\u0259r. Q\u0131z\u0131n\u0131n o\u011flanla dan\u0131\u015fd\u0131\u011f\u0131n\u0131n a\u00e7\u0131q a\u015fkar g\u00f6r\u00fcnd\u00fcy\u00fc telefon dan\u0131\u015f\u0131\u011f\u0131n\u0131n iki ayl\u0131q siyah\u0131s\u0131n\u0131 \u00e7\u0131xartd\u0131rm\u0131\u015fam. Evd\u0259n d\u0259rman tapm\u0131\u015fam. Ev\u0259 g\u0259lib yem\u0259k yey\u0259nd\u0259n sonra yuxum g\u0259lirdi. He\u00e7n\u0259d\u0259n x\u0259b\u0259rim olmurdu. 2018-ci ild\u0259 ail\u0259 h\u0259yat\u0131 qurmu\u015fam. Aram\u0131zda bu vaxta q\u0259d\u0259r he\u00e7 bir problem olmay\u0131b. Oktyabr ay\u0131nda o\u011flanla\u00a0dan\u0131\u015f\u0131qlar\u0131n\u0131 tutdum v\u0259 atas\u0131na z\u0259ng edib xahi\u015f etdim ki, q\u0131z\u0131n\u0131 apars\u0131n. Q\u0131z\u0131n\u0131 apard\u0131qdan sonra\u00a0m\u0259ni polis\u0259 verdil\u0259r&hellip;<\/p>\n","protected":false},"author":2,"featured_media":542317,"comment_status":"closed","ping_status":"closed","sticky":false,"template":"","format":"standard","meta":{"om_disable_all_campaigns":false,"_monsterinsights_skip_tracking":false,"_monsterinsights_sitenote_active":false,"_monsterinsights_sitenote_note":"","_monsterinsights_sitenote_category":0},"categories":[1],"tags":[],"aioseo_notices":[],"gutentor_comment":0,"rttpg_featured_image_url":{"full":["https:\/\/arantv.az\/wp-content\/uploads\/2022\/12\/FotoJet-2022-12-06T214752.125.jpg",620,413,false],"landscape":["https:\/\/arantv.az\/wp-content\/uploads\/2022\/12\/FotoJet-2022-12-06T214752.125.jpg",620,413,false],"portraits":["https:\/\/arantv.az\/wp-content\/uploads\/2022\/12\/FotoJet-2022-12-06T214752.125.jpg",620,413,false],"thumbnail":["https:\/\/arantv.az\/wp-content\/uploads\/2022\/12\/FotoJet-2022-12-06T214752.125-500x280.jpg",500,280,true],"medium":["https:\/\/arantv.az\/wp-content\/uploads\/2022\/12\/FotoJet-2022-12-06T214752.125-548x365.jpg",548,365,true],"large":["https:\/\/arantv.az\/wp-content\/uploads\/2022\/12\/FotoJet-2022-12-06T214752.125.jpg",620,413,false],"1536x1536":["https:\/\/arantv.az\/wp-content\/uploads\/2022\/12\/FotoJet-2022-12-06T214752.125.jpg",620,413,false],"2048x2048":["https:\/\/arantv.az\/wp-content\/uploads\/2022\/12\/FotoJet-2022-12-06T214752.125.jpg",620,413,false],"post-thumbnail":["https:\/\/arantv.az\/wp-content\/uploads\/2022\/12\/FotoJet-2022-12-06T214752.125-240x172.jpg",240,172,true],"advps-thumb-one":["https:\/\/arantv.az\/wp-content\/uploads\/2022\/12\/FotoJet-2022-12-06T214752.125.jpg",620,413,false]},"rttpg_author":{"display_name":"V\u00fcsal Rafiqo\u011flu","author_link":"https:\/\/arantv.az\/?author=2"},"rttpg_comment":0,"rttpg_category":"<a href=\"https:\/\/arantv.az\/?cat=1\" rel=\"category\">C\u0259miyy\u0259t<\/a>","rttpg_excerpt":"Sabirabadda hamil\u0259 arvad\u0131n\u0131 d\u00f6y\u00fcb onun\u00a0\u00f6vlad\u0131n\u0131n vaxt\u0131ndan \u0259vv\u0259l d\u00fcnyaya g\u0259l\u0259r\u0259k \u00f6lm\u0259sin\u0259 s\u0259b\u0259b oldu\u011fu iddia edil\u0259n \u015f\u0259xs dan\u0131\u015f\u0131b. D\u00f6y\u00fcld\u00fcy\u00fc deyil\u0259n qad\u0131n\u0131n \u0259ri V\u00fcsal H\u00fcseynov qaynanas\u0131ndan \u015fikay\u0259t\u00e7i oldu\u011funu bildirib: \u201cM\u0259nim haqq\u0131mda bu m\u0259lumatlar\u0131 yaln\u0131z o yaya bil\u0259r. Q\u0131z\u0131n\u0131n o\u011flanla dan\u0131\u015fd\u0131\u011f\u0131n\u0131n a\u00e7\u0131q a\u015fkar g\u00f6r\u00fcnd\u00fcy\u00fc telefon dan\u0131\u015f\u0131\u011f\u0131n\u0131n iki ayl\u0131q siyah\u0131s\u0131n\u0131 \u00e7\u0131xartd\u0131rm\u0131\u015fam. Evd\u0259n d\u0259rman tapm\u0131\u015fam. Ev\u0259 g\u0259lib yem\u0259k yey\u0259nd\u0259n sonra yuxum&hellip;","_links":{"self":[{"href":"https:\/\/arantv.az\/index.php?rest_route=\/wp\/v2\/posts\/542316"}],"collection":[{"href":"https:\/\/arantv.az\/index.php?rest_route=\/wp\/v2\/posts"}],"about":[{"href":"https:\/\/arantv.az\/index.php?rest_route=\/wp\/v2\/types\/post"}],"author":[{"embeddable":true,"href":"https:\/\/arantv.az\/index.php?rest_route=\/wp\/v2\/users\/2"}],"replies":[{"embeddable":true,"href":"https:\/\/arantv.az\/index.php?rest_route=%2Fwp%2Fv2%2Fcomments&post=542316"}],"version-history":[{"count":0,"href":"https:\/\/arantv.az\/index.php?rest_route=\/wp\/v2\/posts\/542316\/revisions"}],"wp:featuredmedia":[{"embeddable":true,"href":"https:\/\/arantv.az\/index.php?rest_route=\/wp\/v2\/media\/542317"}],"wp:attachment":[{"href":"https:\/\/arantv.az\/index.php?rest_route=%2Fwp%2Fv2%2Fmedia&parent=542316"}],"wp:term":[{"taxonomy":"category","embeddable":true,"href":"https:\/\/arantv.az\/index.php?rest_route=%2Fwp%2Fv2%2Fcategories&post=542316"},{"taxonomy":"post_tag","embeddable":true,"href":"https:\/\/arantv.az\/index.php?rest_route=%2Fwp%2Fv2%2Ftags&post=542316"}],"curies":[{"name":"wp","href":"https:\/\/api.w.org\/{rel}","templated":true}]}}