{"id":542320,"date":"2022-12-07T08:20:13","date_gmt":"2022-12-07T05:20:13","guid":{"rendered":"https:\/\/arantv.az\/?p=542320"},"modified":"2022-12-07T08:20:13","modified_gmt":"2022-12-07T05:20:13","slug":"az%c9%99rbaycan-turkiy%c9%99-t%c9%99k-ordu-t%c9%99k-guc-t%c9%99k-yumruq","status":"publish","type":"post","link":"https:\/\/arantv.az\/?p=542320","title":{"rendered":"Az\u0259rbaycan-T\u00fcrkiy\u0259: T\u0259k ordu, t\u0259k g\u00fcc, t\u0259k yumruq\u2026"},"content":{"rendered":"<p>Bu g\u00fcn Az\u0259rbaycan-T\u00fcrkiy\u0259\u00a0qarda\u015fl\u0131q, dostluq v\u0259 s\u0131x \u0259m\u0259kda\u015fl\u0131q\u00a0m\u00fcnasib\u0259tl\u0259ri\u00a0\u0259n y\u00fcks\u0259k s\u0259viyy\u0259d\u0259 olmaqla b\u0259rab\u0259r,\u00a0\u00f6z\u00fcn\u00fcn\u00a0\u0259n q\u00fcrurverici anlar\u0131n\u0131 ya\u015fay\u0131r. Son ill\u0259rd\u0259 iki xalq\u0131n daha da yax\u0131nla\u015fmas\u0131n\u0131n, \u00f6lk\u0259l\u0259rimiz aras\u0131nda m\u00fcnasib\u0259tl\u0259rin m\u00fctt\u0259fiqlik s\u0259viyy\u0259sin\u0259 \u00e7atmas\u0131n\u0131n t\u0259m\u0259lind\u0259 Prezident \u0130lham \u018fliyevin v\u0259 T\u00fcrkiy\u0259 lideri R\u0259c\u0259b Tayyib \u018frdo\u011fan\u0131n x\u00fcsusi s\u0259yl\u0259ri, s\u0259mimi dostlu\u011fu v\u0259 bir-biril\u0259rin\u0259 olan etibar\u0131 dayan\u0131r. Az\u0259rbaycanla T\u00fcrkiy\u0259 aras\u0131nda h\u0259m h\u0259rbi, h\u0259m d\u0259 dig\u0259r sah\u0259l\u0259rd\u0259 \u0259m\u0259kda\u015fl\u0131\u011f\u0131n y\u00fcks\u0259k s\u00fcr\u0259tl\u0259 inki\u015faf etm\u0259sind\u0259 \u015eu\u015fa B\u0259yannam\u0259sinin rolu x\u00fcsusi vur\u011fulanmal\u0131d\u0131r.<\/p>\n<p>Prezident \u0130lham \u018fliyev T\u00fcrkiy\u0259nin milli bayram\u0131-Respublika G\u00fcn\u00fc m\u00fcnasib\u0259til\u0259 Prezident R\u0259c\u0259b Tayyib \u018frdo\u011fana \u00fcnvanlad\u0131\u011f\u0131 t\u0259brik m\u0259ktubunda \u015eu\u015fa B\u0259yannam\u0259sinin \u00f6n\u0259min\u0259 toxunub v\u0259 B\u0259yannam\u0259nin Bak\u0131-Ankara m\u00fcnasib\u0259tl\u0259rinin inki\u015faf\u0131ndak\u0131 rolunu x\u00fcsusi vur\u011fulay\u0131b: \u201c\u015eu\u015fa B\u0259yannam\u0259si il\u0259 m\u00fctt\u0259fiqlik zirv\u0259sin\u0259 ucalm\u0131\u015f \u0259laq\u0259l\u0259rimizin h\u0259yat\u0131n b\u00fct\u00fcn sah\u0259l\u0259rind\u0259, ist\u0259r siyas\u0259t, iqtisadiyyat, enerji, n\u0259qliyyat, m\u0259d\u0259niyy\u0259t, t\u0259hsil, h\u0259rbi v\u0259 dig\u0259r sah\u0259l\u0259rd\u0259 \u00f6z\u00fcn\u00fc g\u00f6st\u0259rm\u0259si bizi \u00e7ox sevindirir. \u018fmin\u0259m ki, \u201cBir mill\u0259t, iki d\u00f6vl\u0259t\u201d \u015f\u00fcar\u0131n\u0131 r\u0259hb\u0259r tutan \u00f6lk\u0259l\u0259rimiz aras\u0131nda m\u00fctt\u0259fiqlik m\u00fcnasib\u0259tl\u0259ri birg\u0259 s\u0259yl\u0259rimizl\u0259 bundan sonra da y\u00fcks\u0259l\u0259n x\u0259tl\u0259 v\u0259 u\u011furla inki\u015faf etm\u0259y\u0259 davam ed\u0259c\u0259kdir&#8230;\u201d<\/p>\n<p>Qarda\u015f T\u00fcrkiy\u0259 Az\u0259rbaycana \u0130kinci Qaraba\u011f m\u00fcharib\u0259sinin ilk g\u00fcnl\u0259rind\u0259n siyasi v\u0259 m\u0259n\u0259vi d\u0259st\u0259k g\u00f6st\u0259r\u0259n \u00f6lk\u0259 oldu. \u0130kinci Qaraba\u011f m\u00fcharib\u0259sinin ilk g\u00fcn\u00fcnd\u0259n, ilk saatlar\u0131ndan Prezident R\u0259c\u0259b Tayyib \u018frdo\u011fan b\u0259yanatla \u00e7\u0131x\u0131\u015f etdi v\u0259 sonra d\u0259f\u0259l\u0259rl\u0259 Az\u0259rbaycan\u0131 d\u0259st\u0259kl\u0259y\u0259n b\u0259yanatlar verdi. Haz\u0131rda Qaraba\u011f\u0131n v\u0259 \u015e\u0259rqi Z\u0259ng\u0259zurun b\u0259rpas\u0131 i\u015find\u0259 \u0259n ba\u015fl\u0131ca rolu T\u00fcrkiy\u0259 \u015firk\u0259tl\u0259ri oynay\u0131r. T\u00fcrkiy\u0259nin V\u0259t\u0259n m\u00fcharib\u0259si d\u00f6vr\u00fcnd\u0259 v\u0259 ondan sonra verdiyi siyasi d\u0259st\u0259k, h\u0259m\u00e7inin Ankaran\u0131n Qaraba\u011f\u0131n in\u015fas\u0131na x\u00fcsusi diqq\u0259t ay\u0131rmas\u0131 iki xalq\u0131n dostlu\u011funun daha da m\u00f6hk\u0259ml\u0259nm\u0259sin\u0259 b\u00f6y\u00fck t\u00f6hf\u0259 verir.<\/p>\n<p>Bu g\u00fcn iki qarda\u015f \u00f6lk\u0259 liderl\u0259rinin dostlu\u011fu, Silahl\u0131 Q\u00fcvv\u0259l\u0259rimizin h\u0259rbi \u0259m\u0259kda\u015fl\u0131\u011f\u0131 C\u0259nubi Qafqazla, x\u00fcsusil\u0259 Az\u0259rbaycanla ba\u011fl\u0131 b\u0259d planlar\u0131 olanlar\u0131n qar\u015f\u0131s\u0131n\u0131 k\u0259sir. Ankara-Bak\u0131 m\u00fcnasib\u0259tl\u0259rini m\u00fctt\u0259fiqlik s\u0259viyy\u0259sin\u0259 \u00e7atd\u0131ran \u015eu\u015fa B\u0259yannam\u0259si x\u00fcsusil\u0259 \u00f6lk\u0259l\u0259rimizin ordular\u0131 aras\u0131nda \u0259laq\u0259l\u0259rin yeni m\u0259rh\u0259l\u0259y\u0259 q\u0259d\u0259m qoymas\u0131na b\u00f6y\u00fck t\u00f6hf\u0259 verir. \u0130ki \u00f6lk\u0259nin ordusu tez-tez birg\u0259 t\u0259liml\u0259r ke\u00e7irir, \u00fcmumilikd\u0259 Az\u0259rbaycan Silahl\u0131 Q\u00fcvv\u0259l\u0259rinin NATO standartlar\u0131na uy\u011funla\u015fd\u0131r\u0131lmas\u0131, komando birlikl\u0259rinin d\u00f6y\u00fc\u015f qabiliyy\u0259tinin art\u0131r\u0131lmas\u0131 \u00fc\u00e7\u00fcn m\u00fch\u00fcm i\u015fl\u0259r g\u00f6r\u00fcl\u00fcr.<\/p>\n<p>\u0130ki \u00f6lk\u0259 aras\u0131nda ba\u011flanm\u0131\u015f h\u0259rbi sah\u0259d\u0259 \u0259m\u0259kda\u015fl\u0131q haqq\u0131nda sazi\u015f\u0259 \u0259sas\u0259n dekabr\u0131n 5-d\u0259 Az\u0259rbaycan-T\u00fcrkiy\u0259 h\u0259rb\u00e7il\u0259rinin i\u015ftirak\u0131 il\u0259 \u201cQarda\u015f yumru\u011fu\u201d birg\u0259 t\u0259liminin\u00a0ba\u015flanmas\u0131 bunun \u0259yani t\u0259sdiqidir. Az\u0259rbaycan Ordusu v\u0259 T\u00fcrkiy\u0259 Silahl\u0131 Q\u00fcvv\u0259l\u0259rinin m\u00fcxt\u0259lif qo\u015fun n\u00f6vl\u0259rinin \u015f\u0259xsi hey\u0259ti, d\u00f6y\u00fc\u015f v\u0259 x\u00fcsusi t\u0259yinatl\u0131 m\u00fch\u0259ndis-istehkam texnikas\u0131, h\u0259m\u00e7inin h\u0259rbi aviasiya vasit\u0259l\u0259rinin c\u0259lb olunmas\u0131 il\u0259 ke\u00e7iril\u0259n, Bak\u0131 \u015f\u0259h\u0259rini, el\u0259c\u0259 d\u0259 Astara, C\u0259bray\u0131l v\u0259 \u0130mi\u015fli rayonlar\u0131n\u0131n \u0259razil\u0259rini \u0259hat\u0259 ed\u0259n t\u0259liml\u0259rl\u0259 \u0130ran da daxil olmaqla \u00f6lk\u0259miz\u0259 qar\u015f\u0131 d\u00fc\u015fm\u0259n m\u00f6vqe s\u0259rgil\u0259y\u0259nl\u0259r\u0259 veril\u0259n mesajd\u0131r. Do\u011frudan da t\u0259liml\u0259rd\u0259 b\u00fct\u00fcn Silahl\u0131 Q\u00fcvv\u0259l\u0259rimizin, x\u00fcsus\u0259n d\u0259 H\u0259rbi Hava Q\u00fcvv\u0259l\u0259rinin m\u00fch\u0259ndis Qo\u015funlar\u0131n\u0131n, Raket Artilleriya Q\u00fcvv\u0259l\u0259rinin, X\u00fcsusi T\u0259yinatl\u0131lar\u0131n\u0131n i\u015ftirak etm\u0259si v\u0259 T\u00fcrkiy\u0259 Silahl\u0131 Q\u00fcvv\u0259l\u0259ri il\u0259 birg\u0259 icra edil\u0259n tap\u015f\u0131r\u0131qlar Az\u0259rbaycan\u0131n yaln\u0131z olmad\u0131\u011f\u0131n\u0131 bir daha b\u00fct\u00fcn d\u00fcnyaya g\u00f6st\u0259rdi. Ekspertl\u0259r qeyd edirl\u0259r ki, bu c\u00fcr t\u0259liml\u0259rin h\u0259rbi v\u0259 siyasi m\u0259qs\u0259dl\u0259ri olur. Bel\u0259 ki, \u0259g\u0259r h\u0259rbi \u0259m\u0259liyyatlar qon\u015fu d\u00f6vl\u0259tl\u0259rin s\u0259rh\u0259d b\u00f6lg\u0259l\u0259rin\u0259 yax\u0131n v\u0259 \u00fcst\u0259lik dig\u0259r bir \u00f6lk\u0259nin silahl\u0131 q\u00fcvv\u0259l\u0259rinin i\u015ftirak\u0131 il\u0259 ke\u00e7irilirs\u0259 bu, daha b\u00f6y\u00fck \u0259h\u0259miyy\u0259t k\u0259sb edir.<\/p>\n<p>Birg\u0259 h\u0259rbi t\u0259limin i\u015ftirak\u00e7\u0131lar\u0131na m\u00fcraci\u0259t ed\u0259n qarda\u015f \u00f6lk\u0259nin Prezidenti R\u0259c\u0259b Tayyib \u018frdo\u011fan bildirib ki, \u00e7\u0259tin hava \u015f\u0259raitind\u0259 ke\u00e7iril\u0259n t\u0259liml\u0259r Az\u0259rbaycan v\u0259 T\u00fcrkiy\u0259 h\u0259rb\u00e7il\u0259rini daha da g\u00fccl\u0259ndir\u0259c\u0259k: \u201c\u0130nan\u0131ram ki, sizl\u0259r dostlara g\u00fcc, d\u00fc\u015fm\u0259nl\u0259r\u0259 qorxu verdiniz\u201d.<\/p>\n<p>Birg\u0259 t\u0259liml\u0259ri izl\u0259y\u0259n T\u00fcrkiy\u0259nin milli m\u00fcdafi\u0259 naziri Hulusi Akar da \u00f6z n\u00f6vb\u0259sind\u0259 bildirib ki, bu t\u0259liml\u0259r T\u00fcrkiy\u0259 il\u0259 Az\u0259rbaycan\u0131n g\u00fcc\u00fcn\u00fc v\u0259 q\u0259tiyy\u0259tini a\u00e7\u0131q \u015f\u0259kild\u0259 g\u00f6st\u0259rdi: \u201cAz\u0259rbaycana t\u0259hdid haradan g\u0259lir-g\u0259lsin, t\u0259k Ordu, t\u0259k g\u00fcc v\u0259 t\u0259k yumruq olar\u0131q!<\/p>\n<p>N\u0259hay\u0259t, Az\u0259rbaycan-T\u00fcrkiy\u0259 birliyi b\u00fct\u00fcn d\u00fcnyaya, dosta da, d\u00fc\u015fm\u0259n\u0259 d\u0259 bir daha g\u00f6st\u0259rdi ki, \u00f6lk\u0259mizl\u0259 h\u0259d\u0259 dilind\u0259 dan\u0131\u015fmaq m\u00fcmk\u00fcn deyil. Biz\u0259 g\u00f6r\u0259 h\u0259r k\u0259s \u201cQarda\u015f yumru\u011fu\u201dndan \u00f6z pay\u0131n\u0131 alm\u0131\u015f oldu\u2026<\/p>\n","protected":false},"excerpt":{"rendered":"<p>Bu g\u00fcn Az\u0259rbaycan-T\u00fcrkiy\u0259\u00a0qarda\u015fl\u0131q, dostluq v\u0259 s\u0131x \u0259m\u0259kda\u015fl\u0131q\u00a0m\u00fcnasib\u0259tl\u0259ri\u00a0\u0259n y\u00fcks\u0259k s\u0259viyy\u0259d\u0259 olmaqla b\u0259rab\u0259r,\u00a0\u00f6z\u00fcn\u00fcn\u00a0\u0259n q\u00fcrurverici anlar\u0131n\u0131 ya\u015fay\u0131r. Son ill\u0259rd\u0259 iki xalq\u0131n daha da yax\u0131nla\u015fmas\u0131n\u0131n, \u00f6lk\u0259l\u0259rimiz aras\u0131nda m\u00fcnasib\u0259tl\u0259rin m\u00fctt\u0259fiqlik s\u0259viyy\u0259sin\u0259 \u00e7atmas\u0131n\u0131n t\u0259m\u0259lind\u0259 Prezident \u0130lham \u018fliyevin v\u0259 T\u00fcrkiy\u0259 lideri R\u0259c\u0259b Tayyib \u018frdo\u011fan\u0131n x\u00fcsusi s\u0259yl\u0259ri, s\u0259mimi dostlu\u011fu v\u0259 bir-biril\u0259rin\u0259 olan etibar\u0131 dayan\u0131r. Az\u0259rbaycanla T\u00fcrkiy\u0259 aras\u0131nda h\u0259m h\u0259rbi, h\u0259m d\u0259 dig\u0259r sah\u0259l\u0259rd\u0259 \u0259m\u0259kda\u015fl\u0131\u011f\u0131n y\u00fcks\u0259k s\u00fcr\u0259tl\u0259 inki\u015faf etm\u0259sind\u0259 \u015eu\u015fa B\u0259yannam\u0259sinin rolu x\u00fcsusi vur\u011fulanmal\u0131d\u0131r. Prezident \u0130lham \u018fliyev T\u00fcrkiy\u0259nin milli bayram\u0131-Respublika G\u00fcn\u00fc m\u00fcnasib\u0259til\u0259 Prezident R\u0259c\u0259b Tayyib \u018frdo\u011fana \u00fcnvanlad\u0131\u011f\u0131 t\u0259brik m\u0259ktubunda \u015eu\u015fa B\u0259yannam\u0259sinin \u00f6n\u0259min\u0259 toxunub v\u0259 B\u0259yannam\u0259nin Bak\u0131-Ankara m\u00fcnasib\u0259tl\u0259rinin inki\u015faf\u0131ndak\u0131 rolunu&hellip;<\/p>\n","protected":false},"author":2,"featured_media":542321,"comment_status":"closed","ping_status":"closed","sticky":false,"template":"","format":"standard","meta":{"om_disable_all_campaigns":false,"_monsterinsights_skip_tracking":false,"_monsterinsights_sitenote_active":false,"_monsterinsights_sitenote_note":"","_monsterinsights_sitenote_category":0},"categories":[4],"tags":[],"aioseo_notices":[],"gutentor_comment":0,"rttpg_featured_image_url":{"full":["https:\/\/arantv.az\/wp-content\/uploads\/2022\/12\/de8aa43e16176974712641158161073563.jpg",975,540,false],"landscape":["https:\/\/arantv.az\/wp-content\/uploads\/2022\/12\/de8aa43e16176974712641158161073563.jpg",975,540,false],"portraits":["https:\/\/arantv.az\/wp-content\/uploads\/2022\/12\/de8aa43e16176974712641158161073563.jpg",975,540,false],"thumbnail":["https:\/\/arantv.az\/wp-content\/uploads\/2022\/12\/de8aa43e16176974712641158161073563-500x280.jpg",500,280,true],"medium":["https:\/\/arantv.az\/wp-content\/uploads\/2022\/12\/de8aa43e16176974712641158161073563-660x365.jpg",660,365,true],"large":["https:\/\/arantv.az\/wp-content\/uploads\/2022\/12\/de8aa43e16176974712641158161073563-840x465.jpg",640,354,true],"1536x1536":["https:\/\/arantv.az\/wp-content\/uploads\/2022\/12\/de8aa43e16176974712641158161073563.jpg",975,540,false],"2048x2048":["https:\/\/arantv.az\/wp-content\/uploads\/2022\/12\/de8aa43e16176974712641158161073563.jpg",975,540,false],"post-thumbnail":["https:\/\/arantv.az\/wp-content\/uploads\/2022\/12\/de8aa43e16176974712641158161073563-240x172.jpg",240,172,true],"advps-thumb-one":["https:\/\/arantv.az\/wp-content\/uploads\/2022\/12\/de8aa43e16176974712641158161073563.jpg",975,540,false]},"rttpg_author":{"display_name":"V\u00fcsal Rafiqo\u011flu","author_link":"https:\/\/arantv.az\/?author=2"},"rttpg_comment":0,"rttpg_category":"<a href=\"https:\/\/arantv.az\/?cat=4\" rel=\"category\">Siyas\u0259t<\/a>","rttpg_excerpt":"Bu g\u00fcn Az\u0259rbaycan-T\u00fcrkiy\u0259\u00a0qarda\u015fl\u0131q, dostluq v\u0259 s\u0131x \u0259m\u0259kda\u015fl\u0131q\u00a0m\u00fcnasib\u0259tl\u0259ri\u00a0\u0259n y\u00fcks\u0259k s\u0259viyy\u0259d\u0259 olmaqla b\u0259rab\u0259r,\u00a0\u00f6z\u00fcn\u00fcn\u00a0\u0259n q\u00fcrurverici anlar\u0131n\u0131 ya\u015fay\u0131r. Son ill\u0259rd\u0259 iki xalq\u0131n daha da yax\u0131nla\u015fmas\u0131n\u0131n, \u00f6lk\u0259l\u0259rimiz aras\u0131nda m\u00fcnasib\u0259tl\u0259rin m\u00fctt\u0259fiqlik s\u0259viyy\u0259sin\u0259 \u00e7atmas\u0131n\u0131n t\u0259m\u0259lind\u0259 Prezident \u0130lham \u018fliyevin v\u0259 T\u00fcrkiy\u0259 lideri R\u0259c\u0259b Tayyib \u018frdo\u011fan\u0131n x\u00fcsusi s\u0259yl\u0259ri, s\u0259mimi dostlu\u011fu v\u0259 bir-biril\u0259rin\u0259 olan etibar\u0131 dayan\u0131r. Az\u0259rbaycanla T\u00fcrkiy\u0259 aras\u0131nda h\u0259m h\u0259rbi, h\u0259m d\u0259 dig\u0259r sah\u0259l\u0259rd\u0259&hellip;","_links":{"self":[{"href":"https:\/\/arantv.az\/index.php?rest_route=\/wp\/v2\/posts\/542320"}],"collection":[{"href":"https:\/\/arantv.az\/index.php?rest_route=\/wp\/v2\/posts"}],"about":[{"href":"https:\/\/arantv.az\/index.php?rest_route=\/wp\/v2\/types\/post"}],"author":[{"embeddable":true,"href":"https:\/\/arantv.az\/index.php?rest_route=\/wp\/v2\/users\/2"}],"replies":[{"embeddable":true,"href":"https:\/\/arantv.az\/index.php?rest_route=%2Fwp%2Fv2%2Fcomments&post=542320"}],"version-history":[{"count":0,"href":"https:\/\/arantv.az\/index.php?rest_route=\/wp\/v2\/posts\/542320\/revisions"}],"wp:featuredmedia":[{"embeddable":true,"href":"https:\/\/arantv.az\/index.php?rest_route=\/wp\/v2\/media\/542321"}],"wp:attachment":[{"href":"https:\/\/arantv.az\/index.php?rest_route=%2Fwp%2Fv2%2Fmedia&parent=542320"}],"wp:term":[{"taxonomy":"category","embeddable":true,"href":"https:\/\/arantv.az\/index.php?rest_route=%2Fwp%2Fv2%2Fcategories&post=542320"},{"taxonomy":"post_tag","embeddable":true,"href":"https:\/\/arantv.az\/index.php?rest_route=%2Fwp%2Fv2%2Ftags&post=542320"}],"curies":[{"name":"wp","href":"https:\/\/api.w.org\/{rel}","templated":true}]}}