{"id":542345,"date":"2022-12-07T08:26:40","date_gmt":"2022-12-07T05:26:40","guid":{"rendered":"https:\/\/arantv.az\/?p=542345"},"modified":"2022-12-07T08:26:40","modified_gmt":"2022-12-07T05:26:40","slug":"imtahanlarin-vaxti-il%c9%99-bagli-mu%c9%99mma","status":"publish","type":"post","link":"https:\/\/arantv.az\/?p=542345","title":{"rendered":"\u0130mtahanlar\u0131n vaxt\u0131 il\u0259 ba\u011fl\u0131 m\u00fc\u0259mma"},"content":{"rendered":"<h3><strong>Ali m\u0259kt\u0259bl\u0259r\u0259 q\u0259bul imtahanlar\u0131n\u0131n c\u0259dv\u0259linin bu il dekabr\u0131n 15-d\u0259k elan olunaca\u011f\u0131 g\u00f6zl\u0259nilir, amma&#8230;<\/strong><\/h3>\n<p><strong>Q\u0259bul v\u0259 burax\u0131l\u0131\u015f imtahanlar\u0131n\u0131n \u0259vv\u0259lki ill\u0259rl\u0259 m\u00fcqayis\u0259d\u0259 daha tez ke\u00e7iril\u0259 bil\u0259c\u0259yi il\u0259 ba\u011fl\u0131 yay\u0131lan m\u0259lumatlar t\u0259l\u0259b\u0259 olma\u011f\u0131 h\u0259d\u0259fl\u0259y\u0259n abituriyentl\u0259rd\u0259, el\u0259c\u0259 d\u0259 t\u0259hsil ictimaiyy\u0259tind\u0259 \u00e7a\u015fq\u0131nl\u0131\u011fa s\u0259b\u0259b olub. D\u00f6vl\u0259t \u0130mtahan M\u0259rk\u0259zinin Direktorlar \u015euras\u0131n\u0131n s\u0259dri M\u0259leyk\u0259 Abbaszad\u0259 is\u0259 bug\u00fcnl\u0259rd\u0259 media n\u00fcmay\u0259nd\u0259l\u0259rin\u0259 a\u00e7\u0131qlamas\u0131nda dedi ki, ali m\u0259kt\u0259bl\u0259r\u0259 q\u0259bul imtahanlar\u0131n\u0131n c\u0259dv\u0259li bu il dekabr\u0131n 15-d\u0259k elan olunacaq. \u0130mtahanlar\u0131n vaxt\u0131 Elm v\u0259 T\u0259hsil Nazirliyi il\u0259 raz\u0131la\u015fd\u0131r\u0131lacaq. D\u00f6vl\u0259t \u0130mtahan M\u0259rk\u0259zinin ictimaiyy\u0259tl\u0259 \u0259laq\u0259l\u0259r \u015f\u00f6b\u0259sinin r\u0259hb\u0259ri Xanlar Xanlarzad\u0259 bildirdi ki, narahatl\u0131\u011fa ehtiyac yoxdur, m\u00fcvafiq qrafik ictimaiyy\u0259t\u0259 t\u0259qdim olunacaq.<\/strong><\/p>\n<p>Ekspert hesab edir ki, ali m\u0259kt\u0259bl\u0259r\u0259 q\u0259bul imtahanlar\u0131n\u0131n c\u0259dv\u0259linin bu ilin dekabr\u0131n 15-d\u0259k elan olunaca\u011f\u0131 v\u0259 imtahan vaxtlar\u0131n\u0131n Elm v\u0259 T\u0259hsil Nazirliyi il\u0259 raz\u0131la\u015fd\u0131r\u0131laca\u011f\u0131 il\u0259 ba\u011fl\u0131 m\u0259s\u0259l\u0259y\u0259 d\u0259 yana\u015fma birm\u0259nal\u0131 olmayacaq. B\u0259zil\u0259ri hesab ed\u0259c\u0259k ki, ke\u00e7\u0259n ill\u0259 m\u00fcqayis\u0259d\u0259 imtahanlar\u0131n \u00f6n\u0259 \u00e7\u0259kilm\u0259si n\u00f6vb\u0259ti ild\u0259 ali m\u0259kt\u0259bl\u0259r\u0259 q\u0259bul prosesinin gecikm\u0259sinin qar\u015f\u0131s\u0131n\u0131 alacaq, dig\u0259rl\u0259ri is\u0259 hesab ed\u0259c\u0259k ki, ali m\u0259kt\u0259bl\u0259r\u0259 q\u0259bul imtahanlar\u0131 \u00f6nc\u0259ki ill\u0259rl\u0259 m\u00fcqayis\u0259d\u0259 daha tez ke\u00e7iril\u0259rs\u0259, \u015fagirdl\u0259r \u00fc\u00e7\u00fcn m\u0259nfi t\u0259r\u0259fi q\u0131sa vaxtda haz\u0131rla\u015fmalar\u0131 olacaq. B\u0259zi ekspertl\u0259r is\u0259 hesab edirl\u0259r ki, art\u0131q t\u0259k pill\u0259li vahid imtahan sistemin\u0259 ke\u00e7idin zaman\u0131 g\u0259lib \u00e7at\u0131b.<\/p>\n<p><img src=\"https:\/\/mektebgushesi.az\/wp-content\/uploads\/2019\/08\/412144663.jpg\" alt=\"Kamran \u018fs\u0259dov: 4 min\u0259 yax\u0131n \u015f\u0259xs universitet\u0259 imtahans\u0131z q\u0259bul olub\" \/><\/p>\n<p><strong>Kamran \u018fs\u0259dov<\/strong><\/p>\n<p><strong>T\u0259hsil eksperti Kamran \u018fs\u0259dov m\u00f6vzu il\u0259 \u201cYeni M\u00fcsavat\u201da dedi ki, pandemiya d\u00f6vr\u00fcnd\u0259 q\u0259bul v\u0259 burax\u0131l\u0131\u015f imtahanlar\u0131n\u0131n vaxt\u0131 kifay\u0259t q\u0259d\u0259r gec ke\u00e7irildi:<\/strong>\u00a0\u201cBu da yeni t\u0259dris ilind\u0259 vaxt\u0131nda ali v\u0259 orta t\u0259hsil m\u00fc\u0259ssis\u0259l\u0259rind\u0259 d\u0259rsl\u0259rin ba\u015flamas\u0131na \u00f6z m\u0259nfi t\u0259sirini g\u00f6st\u0259rdi. Amma D\u0130M bu tip probleml\u0259ri aradan qald\u0131rmaqdan \u00f6tr\u00fc, eyni zamanda imtahan i\u015ftirak\u00e7\u0131lar\u0131n\u0131n daha yax\u015f\u0131 haz\u0131rla\u015fmas\u0131 \u00fc\u00e7\u00fcn art\u0131q n\u00f6vb\u0259ti ild\u0259 ke\u00e7iril\u0259c\u0259k imtahanlar\u0131n vaxt\u0131n\u0131 daha tez elan ed\u0259c\u0259k. Bu \u00e7ox yax\u015f\u0131 bir hald\u0131r. \u018fslind\u0259 biz bu fikri iki istiqam\u0259td\u0259 d\u0259y\u0259rl\u0259ndir\u0259 bil\u0259rik. Birincisi, dekabr ay\u0131n\u0131n 15-d\u0259k n\u00f6vb\u0259ti il \u00fc\u00e7\u00fcn imtahan vaxtlar\u0131n\u0131n elan edilm\u0259si onu g\u00f6st\u0259rir ki, bu il q\u0259bul imtahanlar\u0131 \u0259vv\u0259lki ill\u0259rl\u0259 m\u00fcqayis\u0259d\u0259 daha tez olacaq. H\u0259m q\u0259bul imtahanlar\u0131, h\u0259m burax\u0131l\u0131\u015f imtahanlar\u0131 \u0259vv\u0259lki ill\u0259rl\u0259 m\u00fcqayis\u0259d\u0259 daha tez ke\u00e7iril\u0259c\u0259k. H\u0259r il D\u0130M n\u00f6vb\u0259ti t\u0259dris ili \u00fc\u00e7\u00fcn ke\u00e7iril\u0259c\u0259k imtahanlar\u0131n vaxtlar\u0131n\u0131 yanvar ay\u0131n\u0131n ikinci h\u0259ft\u0259sind\u0259n sonra elan edirdi. Amma indi bunu dekabrda elan etm\u0259si onu g\u00f6st\u0259rir ki, burax\u0131l\u0131\u015f imtahanlar\u0131n\u0131n vaxt\u0131 bir az daha tez olacaq. Eyni zamanda bu, ali t\u0259hsil m\u00fc\u0259ssis\u0259l\u0259rin\u0259 ke\u00e7iril\u0259c\u0259k q\u0259bul imtahanlar\u0131n\u0131n da vaxt\u0131n\u0131n \u00f6n\u0259 \u00e7\u0259kil\u0259c\u0259yi dem\u0259kdir. \u018fslind\u0259 bu \u00e7ox yax\u015f\u0131 hald\u0131r. D\u0130M bu add\u0131m\u0131 atsa, yax\u015f\u0131 olar. \u00c7\u00fcnki q\u0259bul imtahanlar\u0131n\u0131n n\u0259tic\u0259l\u0259ri 3-4 h\u0259ft\u0259 \u0259rzind\u0259 \u00e7\u0131x\u0131r v\u0259 t\u0259krar imtahanlar, ixtisas se\u00e7iml\u0259ri, qeydiyyat m\u0259s\u0259l\u0259l\u0259ri v\u0259 yekunda proses avqust ay\u0131n\u0131n sonu, sentyabr\u0131n \u0259vv\u0259lin\u0259 q\u0259d\u0259r uzan\u0131r v\u0259 gecikir. Hesab edir\u0259m ki, bu yax\u015f\u0131 bir hald\u0131r. B\u00fct\u00fcn prosesl\u0259r\u0259 q\u0259bul imtahan\u0131, elektron \u0259riz\u0259 q\u0259bulu, ixtisas se\u00e7imi-bunlar\u0131n h\u0259r biri \u00fc\u00e7\u00fcn kifay\u0259t q\u0259d\u0259r vaxt olacaq. Vaxt\u0131nda, t\u0259l\u0259sik olmadan proses h\u0259yata ke\u00e7iril\u0259c\u0259k. Dekabr ay\u0131n\u0131n 15-d\u0259k ke\u00e7iril\u0259c\u0259k m\u00fcxt\u0259lif n\u00f6v imtahanlar\u0131n vaxt\u0131n\u0131n elan edilm\u0259si onu dem\u0259y\u0259 \u0259sas verir ki, cari ild\u0259 m\u00fcvafiq imtahanlar\u0131n vaxt\u0131 daha \u00f6nd\u0259 olacaq, daha tez ke\u00e7iril\u0259c\u0259k. Biz h\u0259tta burax\u0131l\u0131\u015f imtahanlar\u0131n\u0131 mart ay\u0131 v\u0259 ondan bir az \u0259vv\u0259l g\u00f6zl\u0259y\u0259 bil\u0259rik. Bu imtahanlar daha tez vaxtda ke\u00e7iril\u0259 bil\u0259r. T\u0259dris ili ba\u015fa \u00e7atana q\u0259d\u0259r h\u0259tta bir ne\u00e7\u0259 bu tipli imtahan ke\u00e7irm\u0259y\u0259 d\u0259 vaxt olacaq. Bu kifay\u0259t q\u0259d\u0259r yax\u015f\u0131 hald\u0131r. \u00c7\u00fcnki yanvar ay\u0131nda imtahanlar\u0131n vaxt\u0131 elan edil\u0259nd\u0259 u\u015faqlar\u0131n imtahanlara haz\u0131rla\u015fmas\u0131na o q\u0259d\u0259r d\u0259 vaxtlar\u0131n\u0131n qalmad\u0131\u011f\u0131n\u0131 m\u00fc\u015fahid\u0259 edirdik. Amma daha tez elan ed\u0259nd\u0259 imtahan i\u015ftirak\u00e7\u0131lar\u0131n\u0131n haz\u0131rla\u015fmas\u0131na kifay\u0259t q\u0259d\u0259r vaxtlar\u0131 olacaq. Bu da imtahan n\u0259tic\u0259l\u0259rinin yax\u015f\u0131la\u015fmas\u0131na xidm\u0259t ed\u0259c\u0259k\u201d.<\/p>\n<p><img src=\"https:\/\/teleqraf.com\/storage\/2020\/09\/18\/ilqar_orucov.jpg\" alt=\"\u0130lqar Orucov: &quot;T\u0259hsili \u0259l\u00e7atan etm\u0259liyik&quot; -\" \/><\/p>\n<p><strong>\u0130lqar Orucov<\/strong><\/p>\n<p><strong>T\u0259hsil Nazirliyi yan\u0131nda \u0130ctimai \u015euran\u0131n m\u0259sul katibi \u0130lqar Orucov m\u00f6vzu il\u0259 ba\u011fl\u0131 \u201cYeni M\u00fcsavat\u201da dedi ki, zamanla ba\u011fl\u0131 valideynl\u0259rin, abituriyentl\u0259rin narahatl\u0131\u011f\u0131 ba\u015fad\u00fc\u015f\u00fcl\u0259ndir:<\/strong>\u00a0\u201cBurada \u0259sas m\u0259s\u0259l\u0259 proqram\u0131n m\u0259zmununun m\u0259nims\u0259nilm\u0259sidir. \u0130mtahan ver\u0259nl\u0259r \u00fc\u00e7\u00fcn zaman bax\u0131m\u0131ndan problem ya\u015fan\u0131r. Bu bax\u0131mdan n\u00f6vb\u0259ti imtahanda bu m\u00fcdd\u0259t \u0259rzind\u0259 ke\u00e7iril\u0259n proqram m\u00f6vzular\u0131 m\u0259nims\u0259nilir. Amma \u00fcmumilikd\u0259 D\u0130M-in iddias\u0131 h\u0259m d\u0259 ondan ibar\u0259tdir ki, ke\u00e7irilm\u0259mi\u015f m\u00f6vzular \u00fczr\u0259 suallar imtahana daxil olmur. Onlar\u0131n \u00f6zl\u0259rin\u0259 haqq qazand\u0131rmalar\u0131n\u0131n \u0259sas\u0131nda bu dayan\u0131r. Amma m\u0259n imtahan m\u00f6vzular\u0131na ke\u00e7irilm\u0259mi\u015f proqram sal\u0131nmayacaqsa, burada problem g\u00f6rm\u00fcr\u0259m. Hesab edir\u0259m ki, imtahan prosesi g\u0259rgin bir prosesdir. Amma b\u00fct\u00f6vl\u00fckd\u0259 insanlar\u0131m\u0131za \u00e7oxlu stressl\u0259r ya\u015fatmaq bar\u0259d\u0259 yox, \u0259ksin\u0259, bilikl\u0259rimizin \u00f6l\u00e7\u00fclm\u0259si zaman\u0131 onlara \u0259lav\u0259 imkanlar yarad\u0131lmas\u0131 \u00fcz\u0259rind\u0259 d\u00fc\u015f\u00fcnm\u0259liyik. Bu bax\u0131mdan m\u0259n insanlar\u0131n naraz\u0131l\u0131\u011f\u0131n\u0131 ba\u015fa d\u00fc\u015f\u00fcr\u0259m. Amma hesab edir\u0259m ki, naraz\u0131l\u0131\u011fa ona g\u00f6r\u0259 \u0259sas yoxdur ki, ke\u00e7irilm\u0259mi\u015f m\u00f6vzular, t\u0259dris olunmam\u0131\u015f m\u00f6vzularla ba\u011fl\u0131 suallar onsuz da imtahana sal\u0131nmayacaq. Bu bax\u0131mdan hesab edir\u0259m ki, naraz\u0131l\u0131q yaradacaq m\u0259qam yoxdur\u201d.<\/p>\n","protected":false},"excerpt":{"rendered":"<p>Ali m\u0259kt\u0259bl\u0259r\u0259 q\u0259bul imtahanlar\u0131n\u0131n c\u0259dv\u0259linin bu il dekabr\u0131n 15-d\u0259k elan olunaca\u011f\u0131 g\u00f6zl\u0259nilir, amma&#8230; Q\u0259bul v\u0259 burax\u0131l\u0131\u015f imtahanlar\u0131n\u0131n \u0259vv\u0259lki ill\u0259rl\u0259 m\u00fcqayis\u0259d\u0259 daha tez ke\u00e7iril\u0259 bil\u0259c\u0259yi il\u0259 ba\u011fl\u0131 yay\u0131lan m\u0259lumatlar t\u0259l\u0259b\u0259 olma\u011f\u0131 h\u0259d\u0259fl\u0259y\u0259n abituriyentl\u0259rd\u0259, el\u0259c\u0259 d\u0259 t\u0259hsil ictimaiyy\u0259tind\u0259 \u00e7a\u015fq\u0131nl\u0131\u011fa s\u0259b\u0259b olub. D\u00f6vl\u0259t \u0130mtahan M\u0259rk\u0259zinin Direktorlar \u015euras\u0131n\u0131n s\u0259dri M\u0259leyk\u0259 Abbaszad\u0259 is\u0259 bug\u00fcnl\u0259rd\u0259 media n\u00fcmay\u0259nd\u0259l\u0259rin\u0259 a\u00e7\u0131qlamas\u0131nda dedi ki, ali m\u0259kt\u0259bl\u0259r\u0259 q\u0259bul imtahanlar\u0131n\u0131n c\u0259dv\u0259li bu il dekabr\u0131n 15-d\u0259k elan olunacaq. \u0130mtahanlar\u0131n vaxt\u0131 Elm v\u0259 T\u0259hsil Nazirliyi il\u0259 raz\u0131la\u015fd\u0131r\u0131lacaq. D\u00f6vl\u0259t \u0130mtahan M\u0259rk\u0259zinin ictimaiyy\u0259tl\u0259 \u0259laq\u0259l\u0259r \u015f\u00f6b\u0259sinin r\u0259hb\u0259ri Xanlar Xanlarzad\u0259 bildirdi ki, narahatl\u0131\u011fa ehtiyac yoxdur, m\u00fcvafiq qrafik ictimaiyy\u0259t\u0259&hellip;<\/p>\n","protected":false},"author":2,"featured_media":542346,"comment_status":"closed","ping_status":"closed","sticky":false,"template":"","format":"standard","meta":{"om_disable_all_campaigns":false,"_monsterinsights_skip_tracking":false,"_monsterinsights_sitenote_active":false,"_monsterinsights_sitenote_note":"","_monsterinsights_sitenote_category":0},"categories":[23],"tags":[],"aioseo_notices":[],"gutentor_comment":0,"rttpg_featured_image_url":{"full":["https:\/\/arantv.az\/wp-content\/uploads\/2022\/12\/e9683a59fe8630cc2e0a3a2a3adaf97e.jpg",700,467,false],"landscape":["https:\/\/arantv.az\/wp-content\/uploads\/2022\/12\/e9683a59fe8630cc2e0a3a2a3adaf97e.jpg",700,467,false],"portraits":["https:\/\/arantv.az\/wp-content\/uploads\/2022\/12\/e9683a59fe8630cc2e0a3a2a3adaf97e.jpg",700,467,false],"thumbnail":["https:\/\/arantv.az\/wp-content\/uploads\/2022\/12\/e9683a59fe8630cc2e0a3a2a3adaf97e-500x280.jpg",500,280,true],"medium":["https:\/\/arantv.az\/wp-content\/uploads\/2022\/12\/e9683a59fe8630cc2e0a3a2a3adaf97e-547x365.jpg",547,365,true],"large":["https:\/\/arantv.az\/wp-content\/uploads\/2022\/12\/e9683a59fe8630cc2e0a3a2a3adaf97e.jpg",640,427,false],"1536x1536":["https:\/\/arantv.az\/wp-content\/uploads\/2022\/12\/e9683a59fe8630cc2e0a3a2a3adaf97e.jpg",700,467,false],"2048x2048":["https:\/\/arantv.az\/wp-content\/uploads\/2022\/12\/e9683a59fe8630cc2e0a3a2a3adaf97e.jpg",700,467,false],"post-thumbnail":["https:\/\/arantv.az\/wp-content\/uploads\/2022\/12\/e9683a59fe8630cc2e0a3a2a3adaf97e-240x172.jpg",240,172,true],"advps-thumb-one":["https:\/\/arantv.az\/wp-content\/uploads\/2022\/12\/e9683a59fe8630cc2e0a3a2a3adaf97e.jpg",700,467,false]},"rttpg_author":{"display_name":"V\u00fcsal Rafiqo\u011flu","author_link":"https:\/\/arantv.az\/?author=2"},"rttpg_comment":0,"rttpg_category":"<a href=\"https:\/\/arantv.az\/?cat=23\" rel=\"category\">T\u0259hsil<\/a>","rttpg_excerpt":"Ali m\u0259kt\u0259bl\u0259r\u0259 q\u0259bul imtahanlar\u0131n\u0131n c\u0259dv\u0259linin bu il dekabr\u0131n 15-d\u0259k elan olunaca\u011f\u0131 g\u00f6zl\u0259nilir, amma&#8230; Q\u0259bul v\u0259 burax\u0131l\u0131\u015f imtahanlar\u0131n\u0131n \u0259vv\u0259lki ill\u0259rl\u0259 m\u00fcqayis\u0259d\u0259 daha tez ke\u00e7iril\u0259 bil\u0259c\u0259yi il\u0259 ba\u011fl\u0131 yay\u0131lan m\u0259lumatlar t\u0259l\u0259b\u0259 olma\u011f\u0131 h\u0259d\u0259fl\u0259y\u0259n abituriyentl\u0259rd\u0259, el\u0259c\u0259 d\u0259 t\u0259hsil ictimaiyy\u0259tind\u0259 \u00e7a\u015fq\u0131nl\u0131\u011fa s\u0259b\u0259b olub. D\u00f6vl\u0259t \u0130mtahan M\u0259rk\u0259zinin Direktorlar \u015euras\u0131n\u0131n s\u0259dri M\u0259leyk\u0259 Abbaszad\u0259 is\u0259 bug\u00fcnl\u0259rd\u0259 media n\u00fcmay\u0259nd\u0259l\u0259rin\u0259 a\u00e7\u0131qlamas\u0131nda dedi ki, ali&hellip;","_links":{"self":[{"href":"https:\/\/arantv.az\/index.php?rest_route=\/wp\/v2\/posts\/542345"}],"collection":[{"href":"https:\/\/arantv.az\/index.php?rest_route=\/wp\/v2\/posts"}],"about":[{"href":"https:\/\/arantv.az\/index.php?rest_route=\/wp\/v2\/types\/post"}],"author":[{"embeddable":true,"href":"https:\/\/arantv.az\/index.php?rest_route=\/wp\/v2\/users\/2"}],"replies":[{"embeddable":true,"href":"https:\/\/arantv.az\/index.php?rest_route=%2Fwp%2Fv2%2Fcomments&post=542345"}],"version-history":[{"count":0,"href":"https:\/\/arantv.az\/index.php?rest_route=\/wp\/v2\/posts\/542345\/revisions"}],"wp:featuredmedia":[{"embeddable":true,"href":"https:\/\/arantv.az\/index.php?rest_route=\/wp\/v2\/media\/542346"}],"wp:attachment":[{"href":"https:\/\/arantv.az\/index.php?rest_route=%2Fwp%2Fv2%2Fmedia&parent=542345"}],"wp:term":[{"taxonomy":"category","embeddable":true,"href":"https:\/\/arantv.az\/index.php?rest_route=%2Fwp%2Fv2%2Fcategories&post=542345"},{"taxonomy":"post_tag","embeddable":true,"href":"https:\/\/arantv.az\/index.php?rest_route=%2Fwp%2Fv2%2Ftags&post=542345"}],"curies":[{"name":"wp","href":"https:\/\/api.w.org\/{rel}","templated":true}]}}