{"id":542361,"date":"2022-12-07T09:16:10","date_gmt":"2022-12-07T06:16:10","guid":{"rendered":"https:\/\/arantv.az\/?p=542361"},"modified":"2022-12-07T09:16:10","modified_gmt":"2022-12-07T06:16:10","slug":"b%c9%99xtiyar-pasa-ilk-d%c9%99f%c9%99-az%c9%99rbaycan-telem%c9%99kaninda-video","status":"publish","type":"post","link":"https:\/\/arantv.az\/?p=542361","title":{"rendered":"B\u0259xtiyar Pa\u015fa ilk d\u0259f\u0259 Az\u0259rbaycan telem\u0259kan\u0131nda &#8211; V\u0130DEO"},"content":{"rendered":"<article class=\"news\">\n<div class=\"news-inner\">\n<p>AzTV-d\u0259 yay\u0131mlanan \u201c\u018fsas m\u0259s\u0259l\u0259\u201d verili\u015finin n\u00f6vb\u0259ti burax\u0131l\u0131\u015f\u0131 Az\u0259rbaycan v\u0259 T\u00fcrkiy\u0259nin birg\u0259 h\u0259rbi t\u0259liml\u0259rin\u0259 h\u0259sr olunub.<\/p>\n<div class=\"AdviadNativeVideo\"><\/div>\n<p>Efir\u0259 d\u0259v\u0259t olunan qonaqlar aras\u0131nda T\u00fcrkiy\u0259 Silahl\u0131 Q\u00fcvv\u0259l\u0259rinin Az\u0259rbaycandak\u0131 X\u00fcsusi Komandanl\u0131q Qrupunun komandan\u0131 general-polkovnik B\u0259xtiyar Ersay da yer al\u0131b. Bu, B\u0259xtiyar Pa\u015fan\u0131n Az\u0259rbaycan telem\u0259kan\u0131nda ilk \u00e7\u0131x\u0131\u015f\u0131 olub.<\/p>\n<p>Bundan ba\u015fqa, V\u0259t\u0259n M\u00fcharib\u0259si Q\u0259hr\u0259man\u0131, general-mayor K\u0259nan Seyidov da ke\u00e7iril\u0259n t\u0259liml\u0259rd\u0259n dan\u0131\u015fmaq \u00fc\u00e7\u00fcn studiyada qonaq qismind\u0259 \u00e7\u0131x\u0131\u015f edib.<\/p>\n<p>Y\u00fcks\u0259k r\u00fctb\u0259li zabitl\u0259r iki qarda\u015f \u00f6lk\u0259nin ordusunun birg\u0259 t\u0259liml\u0259rinin miqyas\u0131ndan, xarakterind\u0259n, el\u0259c\u0259 d\u0259 verdiyi ismar\u0131\u015flardan s\u00f6z a\u00e7\u0131blar.<\/p>\n<p>S\u00f6z\u00fcged\u0259n verili\u015fin videosunu t\u0259qdim edirik:<\/p>\n<div><iframe loading=\"lazy\" title=\"YouTube video player\" src=\"https:\/\/www.youtube.com\/embed\/3Hxi_Wf9Mfw\" width=\"560\" height=\"315\" frameborder=\"0\" allowfullscreen=\"allowfullscreen\" data-mce-fragment=\"1\"><\/iframe><\/div>\n<\/div>\n<\/article>\n","protected":false},"excerpt":{"rendered":"<p>AzTV-d\u0259 yay\u0131mlanan \u201c\u018fsas m\u0259s\u0259l\u0259\u201d verili\u015finin n\u00f6vb\u0259ti burax\u0131l\u0131\u015f\u0131 Az\u0259rbaycan v\u0259 T\u00fcrkiy\u0259nin birg\u0259 h\u0259rbi t\u0259liml\u0259rin\u0259 h\u0259sr olunub. Efir\u0259 d\u0259v\u0259t olunan qonaqlar aras\u0131nda T\u00fcrkiy\u0259 Silahl\u0131 Q\u00fcvv\u0259l\u0259rinin Az\u0259rbaycandak\u0131 X\u00fcsusi Komandanl\u0131q Qrupunun komandan\u0131 general-polkovnik B\u0259xtiyar Ersay da yer al\u0131b. Bu, B\u0259xtiyar Pa\u015fan\u0131n Az\u0259rbaycan telem\u0259kan\u0131nda ilk \u00e7\u0131x\u0131\u015f\u0131 olub. Bundan ba\u015fqa, V\u0259t\u0259n M\u00fcharib\u0259si Q\u0259hr\u0259man\u0131, general-mayor K\u0259nan Seyidov da ke\u00e7iril\u0259n t\u0259liml\u0259rd\u0259n dan\u0131\u015fmaq \u00fc\u00e7\u00fcn studiyada qonaq qismind\u0259 \u00e7\u0131x\u0131\u015f edib. Y\u00fcks\u0259k r\u00fctb\u0259li zabitl\u0259r iki qarda\u015f \u00f6lk\u0259nin ordusunun birg\u0259 t\u0259liml\u0259rinin miqyas\u0131ndan, xarakterind\u0259n, el\u0259c\u0259 d\u0259 verdiyi ismar\u0131\u015flardan s\u00f6z a\u00e7\u0131blar. S\u00f6z\u00fcged\u0259n verili\u015fin videosunu t\u0259qdim edirik:<\/p>\n","protected":false},"author":2,"featured_media":542362,"comment_status":"closed","ping_status":"closed","sticky":false,"template":"","format":"standard","meta":{"om_disable_all_campaigns":false,"_monsterinsights_skip_tracking":false,"_monsterinsights_sitenote_active":false,"_monsterinsights_sitenote_note":"","_monsterinsights_sitenote_category":0},"categories":[1],"tags":[],"aioseo_notices":[],"gutentor_comment":0,"rttpg_featured_image_url":{"full":["https:\/\/arantv.az\/wp-content\/uploads\/2022\/12\/88ad6f3a882ce61f17b46a2a422ae276bp-jpg.jpg",620,413,false],"landscape":["https:\/\/arantv.az\/wp-content\/uploads\/2022\/12\/88ad6f3a882ce61f17b46a2a422ae276bp-jpg.jpg",620,413,false],"portraits":["https:\/\/arantv.az\/wp-content\/uploads\/2022\/12\/88ad6f3a882ce61f17b46a2a422ae276bp-jpg.jpg",620,413,false],"thumbnail":["https:\/\/arantv.az\/wp-content\/uploads\/2022\/12\/88ad6f3a882ce61f17b46a2a422ae276bp-jpg-500x280.jpg",500,280,true],"medium":["https:\/\/arantv.az\/wp-content\/uploads\/2022\/12\/88ad6f3a882ce61f17b46a2a422ae276bp-jpg-548x365.jpg",548,365,true],"large":["https:\/\/arantv.az\/wp-content\/uploads\/2022\/12\/88ad6f3a882ce61f17b46a2a422ae276bp-jpg.jpg",620,413,false],"1536x1536":["https:\/\/arantv.az\/wp-content\/uploads\/2022\/12\/88ad6f3a882ce61f17b46a2a422ae276bp-jpg.jpg",620,413,false],"2048x2048":["https:\/\/arantv.az\/wp-content\/uploads\/2022\/12\/88ad6f3a882ce61f17b46a2a422ae276bp-jpg.jpg",620,413,false],"post-thumbnail":["https:\/\/arantv.az\/wp-content\/uploads\/2022\/12\/88ad6f3a882ce61f17b46a2a422ae276bp-jpg-240x172.jpg",240,172,true],"advps-thumb-one":["https:\/\/arantv.az\/wp-content\/uploads\/2022\/12\/88ad6f3a882ce61f17b46a2a422ae276bp-jpg.jpg",620,413,false]},"rttpg_author":{"display_name":"V\u00fcsal Rafiqo\u011flu","author_link":"https:\/\/arantv.az\/?author=2"},"rttpg_comment":0,"rttpg_category":"<a href=\"https:\/\/arantv.az\/?cat=1\" rel=\"category\">C\u0259miyy\u0259t<\/a>","rttpg_excerpt":"AzTV-d\u0259 yay\u0131mlanan \u201c\u018fsas m\u0259s\u0259l\u0259\u201d verili\u015finin n\u00f6vb\u0259ti burax\u0131l\u0131\u015f\u0131 Az\u0259rbaycan v\u0259 T\u00fcrkiy\u0259nin birg\u0259 h\u0259rbi t\u0259liml\u0259rin\u0259 h\u0259sr olunub. Efir\u0259 d\u0259v\u0259t olunan qonaqlar aras\u0131nda T\u00fcrkiy\u0259 Silahl\u0131 Q\u00fcvv\u0259l\u0259rinin Az\u0259rbaycandak\u0131 X\u00fcsusi Komandanl\u0131q Qrupunun komandan\u0131 general-polkovnik B\u0259xtiyar Ersay da yer al\u0131b. Bu, B\u0259xtiyar Pa\u015fan\u0131n Az\u0259rbaycan telem\u0259kan\u0131nda ilk \u00e7\u0131x\u0131\u015f\u0131 olub. Bundan ba\u015fqa, V\u0259t\u0259n M\u00fcharib\u0259si Q\u0259hr\u0259man\u0131, general-mayor K\u0259nan Seyidov da ke\u00e7iril\u0259n t\u0259liml\u0259rd\u0259n dan\u0131\u015fmaq \u00fc\u00e7\u00fcn&hellip;","_links":{"self":[{"href":"https:\/\/arantv.az\/index.php?rest_route=\/wp\/v2\/posts\/542361"}],"collection":[{"href":"https:\/\/arantv.az\/index.php?rest_route=\/wp\/v2\/posts"}],"about":[{"href":"https:\/\/arantv.az\/index.php?rest_route=\/wp\/v2\/types\/post"}],"author":[{"embeddable":true,"href":"https:\/\/arantv.az\/index.php?rest_route=\/wp\/v2\/users\/2"}],"replies":[{"embeddable":true,"href":"https:\/\/arantv.az\/index.php?rest_route=%2Fwp%2Fv2%2Fcomments&post=542361"}],"version-history":[{"count":0,"href":"https:\/\/arantv.az\/index.php?rest_route=\/wp\/v2\/posts\/542361\/revisions"}],"wp:featuredmedia":[{"embeddable":true,"href":"https:\/\/arantv.az\/index.php?rest_route=\/wp\/v2\/media\/542362"}],"wp:attachment":[{"href":"https:\/\/arantv.az\/index.php?rest_route=%2Fwp%2Fv2%2Fmedia&parent=542361"}],"wp:term":[{"taxonomy":"category","embeddable":true,"href":"https:\/\/arantv.az\/index.php?rest_route=%2Fwp%2Fv2%2Fcategories&post=542361"},{"taxonomy":"post_tag","embeddable":true,"href":"https:\/\/arantv.az\/index.php?rest_route=%2Fwp%2Fv2%2Ftags&post=542361"}],"curies":[{"name":"wp","href":"https:\/\/api.w.org\/{rel}","templated":true}]}}