{"id":542370,"date":"2022-12-07T09:27:46","date_gmt":"2022-12-07T06:27:46","guid":{"rendered":"https:\/\/arantv.az\/?p=542370"},"modified":"2022-12-07T09:27:46","modified_gmt":"2022-12-07T06:27:46","slug":"az%c9%99rbaycanli-mut%c9%99x%c9%99ssisl%c9%99r-xocalida-rusiya-sulhm%c9%99ramlilari-il%c9%99-muzakir%c9%99l%c9%99ri-davam-etdir%c9%99c%c9%99kl%c9%99r","status":"publish","type":"post","link":"https:\/\/arantv.az\/?p=542370","title":{"rendered":"Az\u0259rbaycanl\u0131 m\u00fct\u0259x\u0259ssisl\u0259r Xocal\u0131da Rusiya s\u00fclhm\u0259raml\u0131lar\u0131 il\u0259 m\u00fczakir\u0259l\u0259ri davam etdir\u0259c\u0259kl\u0259r"},"content":{"rendered":"<p>Ekologiya v\u0259 T\u0259bii S\u0259rv\u0259tl\u0259r Nazirliyi, \u0130qtisadiyyat Nazirliyi yan\u0131nda \u018fmlak M\u0259s\u0259l\u0259l\u0259ri D\u00f6vl\u0259t Xidm\u0259ti v\u0259 \u201cAzerGold\u201d Qapal\u0131 S\u0259hmdar C\u0259miyy\u0259tinin \u0259m\u0259kda\u015flar\u0131 dekabr\u0131n 3-d\u0259 ke\u00e7irilmi\u015f g\u00f6r\u00fc\u015f\u00fcn davam\u0131 olaraq bu g\u00fcn Rusiya s\u00fclhm\u0259raml\u0131 q\u00fcvv\u0259l\u0259rinin komandanl\u0131\u011f\u0131 il\u0259 n\u00f6vb\u0259ti m\u00fczakir\u0259l\u0259r aparacaqlar.<\/p>\n<div class=\"AdviadNativeVideo\"><\/div>\n<p>APA-n\u0131n \u015eu\u015faya ezam olunmu\u015f x\u00fcsusi m\u00fcxbiri x\u0259b\u0259r verir ki, n\u00fcmay\u0259nd\u0259l\u0259rin Rusiya s\u00fclhm\u0259raml\u0131 kontingentinin komandan\u0131, general-mayor Andrey Volkovla dan\u0131\u015f\u0131qlar\u0131 s\u00fclhm\u0259raml\u0131lar\u0131n Xocal\u0131dak\u0131 q\u0259rargah\u0131nda ba\u015f tutacaq.<\/p>\n<p>Dan\u0131\u015f\u0131qlarda Rusiya s\u00fclhm\u0259raml\u0131 q\u00fcvv\u0259l\u0259rinin m\u00fcv\u0259qq\u0259ti yerl\u0259\u015fdiyi Az\u0259rbaycan \u0259razil\u0259rind\u0259 apar\u0131lan qeyri-leqal iqtisadi f\u0259aliyy\u0259tl\u0259r \u00e7\u0259r\u00e7iv\u0259sind\u0259 faydal\u0131 qaz\u0131nt\u0131lar\u0131n qanunsuz istismar\u0131, bundan ir\u0259li g\u0259l\u0259n ekoloji v\u0259 dig\u0259r f\u0259sadlarla ba\u011fl\u0131 yataqlarda v\u0259 m\u00fcvafiq dig\u0259r m\u0259nt\u0259q\u0259l\u0259rd\u0259 monitorinq, \u0259mlak\u0131n inventarizasiyas\u0131 v\u0259 ekoloji ara\u015fd\u0131rma i\u015fl\u0259rinin apar\u0131lmas\u0131n\u0131n vacibliyi diqq\u0259t\u0259 \u00e7atd\u0131r\u0131lacaq.<\/p>\n<p>Qeyd ed\u0259k ki, dekabr\u0131n 3-d\u0259 Xocal\u0131da, Rusiya s\u00fclhm\u0259raml\u0131 q\u00fcvv\u0259l\u0259rinin q\u0259rargah\u0131nda ke\u00e7irilmi\u015f m\u00fczakir\u0259l\u0259rin n\u0259tic\u0259si olaraq qeyd olunan f\u0259aliyy\u0259t istiqam\u0259tl\u0259ri \u00fczr\u0259 \u0259razid\u0259 i\u015fl\u0259rin apar\u0131lmas\u0131 \u00fc\u00e7\u00fcn Az\u0259rbaycan Respublikas\u0131 Ekologiya v\u0259 T\u0259bii S\u0259rv\u0259tl\u0259r Nazirliyi v\u0259 dig\u0259r aidiyy\u0259ti qurumlar\u0131n i\u015ftirak\u0131 il\u0259 yol x\u0259rit\u0259sinin haz\u0131rlanmas\u0131na ba\u015flan\u0131l\u0131b.<\/p>\n","protected":false},"excerpt":{"rendered":"<p>Ekologiya v\u0259 T\u0259bii S\u0259rv\u0259tl\u0259r Nazirliyi, \u0130qtisadiyyat Nazirliyi yan\u0131nda \u018fmlak M\u0259s\u0259l\u0259l\u0259ri D\u00f6vl\u0259t Xidm\u0259ti v\u0259 \u201cAzerGold\u201d Qapal\u0131 S\u0259hmdar C\u0259miyy\u0259tinin \u0259m\u0259kda\u015flar\u0131 dekabr\u0131n 3-d\u0259 ke\u00e7irilmi\u015f g\u00f6r\u00fc\u015f\u00fcn davam\u0131 olaraq bu g\u00fcn Rusiya s\u00fclhm\u0259raml\u0131 q\u00fcvv\u0259l\u0259rinin komandanl\u0131\u011f\u0131 il\u0259 n\u00f6vb\u0259ti m\u00fczakir\u0259l\u0259r aparacaqlar. APA-n\u0131n \u015eu\u015faya ezam olunmu\u015f x\u00fcsusi m\u00fcxbiri x\u0259b\u0259r verir ki, n\u00fcmay\u0259nd\u0259l\u0259rin Rusiya s\u00fclhm\u0259raml\u0131 kontingentinin komandan\u0131, general-mayor Andrey Volkovla dan\u0131\u015f\u0131qlar\u0131 s\u00fclhm\u0259raml\u0131lar\u0131n Xocal\u0131dak\u0131 q\u0259rargah\u0131nda ba\u015f tutacaq. Dan\u0131\u015f\u0131qlarda Rusiya s\u00fclhm\u0259raml\u0131 q\u00fcvv\u0259l\u0259rinin m\u00fcv\u0259qq\u0259ti yerl\u0259\u015fdiyi Az\u0259rbaycan \u0259razil\u0259rind\u0259 apar\u0131lan qeyri-leqal iqtisadi f\u0259aliyy\u0259tl\u0259r \u00e7\u0259r\u00e7iv\u0259sind\u0259 faydal\u0131 qaz\u0131nt\u0131lar\u0131n qanunsuz istismar\u0131, bundan ir\u0259li g\u0259l\u0259n ekoloji v\u0259 dig\u0259r f\u0259sadlarla ba\u011fl\u0131 yataqlarda v\u0259 m\u00fcvafiq dig\u0259r m\u0259nt\u0259q\u0259l\u0259rd\u0259 monitorinq, \u0259mlak\u0131n inventarizasiyas\u0131&hellip;<\/p>\n","protected":false},"author":2,"featured_media":542371,"comment_status":"closed","ping_status":"closed","sticky":false,"template":"","format":"standard","meta":{"om_disable_all_campaigns":false,"_monsterinsights_skip_tracking":false,"_monsterinsights_sitenote_active":false,"_monsterinsights_sitenote_note":"","_monsterinsights_sitenote_category":0},"categories":[1],"tags":[],"aioseo_notices":[],"gutentor_comment":0,"rttpg_featured_image_url":{"full":["https:\/\/arantv.az\/wp-content\/uploads\/2022\/12\/ddd-2.jpg",620,413,false],"landscape":["https:\/\/arantv.az\/wp-content\/uploads\/2022\/12\/ddd-2.jpg",620,413,false],"portraits":["https:\/\/arantv.az\/wp-content\/uploads\/2022\/12\/ddd-2.jpg",620,413,false],"thumbnail":["https:\/\/arantv.az\/wp-content\/uploads\/2022\/12\/ddd-2-500x280.jpg",500,280,true],"medium":["https:\/\/arantv.az\/wp-content\/uploads\/2022\/12\/ddd-2-548x365.jpg",548,365,true],"large":["https:\/\/arantv.az\/wp-content\/uploads\/2022\/12\/ddd-2.jpg",620,413,false],"1536x1536":["https:\/\/arantv.az\/wp-content\/uploads\/2022\/12\/ddd-2.jpg",620,413,false],"2048x2048":["https:\/\/arantv.az\/wp-content\/uploads\/2022\/12\/ddd-2.jpg",620,413,false],"post-thumbnail":["https:\/\/arantv.az\/wp-content\/uploads\/2022\/12\/ddd-2-240x172.jpg",240,172,true],"advps-thumb-one":["https:\/\/arantv.az\/wp-content\/uploads\/2022\/12\/ddd-2.jpg",620,413,false]},"rttpg_author":{"display_name":"V\u00fcsal Rafiqo\u011flu","author_link":"https:\/\/arantv.az\/?author=2"},"rttpg_comment":0,"rttpg_category":"<a href=\"https:\/\/arantv.az\/?cat=1\" rel=\"category\">C\u0259miyy\u0259t<\/a>","rttpg_excerpt":"Ekologiya v\u0259 T\u0259bii S\u0259rv\u0259tl\u0259r Nazirliyi, \u0130qtisadiyyat Nazirliyi yan\u0131nda \u018fmlak M\u0259s\u0259l\u0259l\u0259ri D\u00f6vl\u0259t Xidm\u0259ti v\u0259 \u201cAzerGold\u201d Qapal\u0131 S\u0259hmdar C\u0259miyy\u0259tinin \u0259m\u0259kda\u015flar\u0131 dekabr\u0131n 3-d\u0259 ke\u00e7irilmi\u015f g\u00f6r\u00fc\u015f\u00fcn davam\u0131 olaraq bu g\u00fcn Rusiya s\u00fclhm\u0259raml\u0131 q\u00fcvv\u0259l\u0259rinin komandanl\u0131\u011f\u0131 il\u0259 n\u00f6vb\u0259ti m\u00fczakir\u0259l\u0259r aparacaqlar. APA-n\u0131n \u015eu\u015faya ezam olunmu\u015f x\u00fcsusi m\u00fcxbiri x\u0259b\u0259r verir ki, n\u00fcmay\u0259nd\u0259l\u0259rin Rusiya s\u00fclhm\u0259raml\u0131 kontingentinin komandan\u0131, general-mayor Andrey Volkovla dan\u0131\u015f\u0131qlar\u0131 s\u00fclhm\u0259raml\u0131lar\u0131n Xocal\u0131dak\u0131 q\u0259rargah\u0131nda&hellip;","_links":{"self":[{"href":"https:\/\/arantv.az\/index.php?rest_route=\/wp\/v2\/posts\/542370"}],"collection":[{"href":"https:\/\/arantv.az\/index.php?rest_route=\/wp\/v2\/posts"}],"about":[{"href":"https:\/\/arantv.az\/index.php?rest_route=\/wp\/v2\/types\/post"}],"author":[{"embeddable":true,"href":"https:\/\/arantv.az\/index.php?rest_route=\/wp\/v2\/users\/2"}],"replies":[{"embeddable":true,"href":"https:\/\/arantv.az\/index.php?rest_route=%2Fwp%2Fv2%2Fcomments&post=542370"}],"version-history":[{"count":0,"href":"https:\/\/arantv.az\/index.php?rest_route=\/wp\/v2\/posts\/542370\/revisions"}],"wp:featuredmedia":[{"embeddable":true,"href":"https:\/\/arantv.az\/index.php?rest_route=\/wp\/v2\/media\/542371"}],"wp:attachment":[{"href":"https:\/\/arantv.az\/index.php?rest_route=%2Fwp%2Fv2%2Fmedia&parent=542370"}],"wp:term":[{"taxonomy":"category","embeddable":true,"href":"https:\/\/arantv.az\/index.php?rest_route=%2Fwp%2Fv2%2Fcategories&post=542370"},{"taxonomy":"post_tag","embeddable":true,"href":"https:\/\/arantv.az\/index.php?rest_route=%2Fwp%2Fv2%2Ftags&post=542370"}],"curies":[{"name":"wp","href":"https:\/\/api.w.org\/{rel}","templated":true}]}}