{"id":542374,"date":"2022-12-07T09:39:16","date_gmt":"2022-12-07T06:39:16","guid":{"rendered":"https:\/\/arantv.az\/?p=542374"},"modified":"2022-12-07T09:39:16","modified_gmt":"2022-12-07T06:39:16","slug":"dovl%c9%99t-komit%c9%99sin%c9%99-m%c9%99is%c9%99t-zorakiligi-il%c9%99-bagli-bu-il-daxil-olan-muraci%c9%99tl%c9%99rin-sayi-aciqlanib","status":"publish","type":"post","link":"https:\/\/arantv.az\/?p=542374","title":{"rendered":"D\u00f6vl\u0259t Komit\u0259sin\u0259 m\u0259i\u015f\u0259t zorak\u0131l\u0131\u011f\u0131 il\u0259 ba\u011fl\u0131 bu il daxil olan m\u00fcraci\u0259tl\u0259rin say\u0131 a\u00e7\u0131qlan\u0131b"},"content":{"rendered":"<p>&#8220;Bu ilin 11 ay\u0131nda m\u0259i\u015f\u0259t zorak\u0131l\u0131\u011f\u0131 il\u0259 ba\u011fl\u0131 Ail\u0259, Qad\u0131n v\u0259 U\u015faq Probleml\u0259ri \u00fczr\u0259 D\u00f6vl\u0259t Komit\u0259sin\u0259 435 m\u00fcraci\u0259t daxil olub&#8221;.<\/p>\n<p><strong>ARANTV.AZ\u00a0 x\u0259b\u0259r verir ki,<\/strong>\u00a0bunu D\u00f6vl\u0259t Komit\u0259sinin s\u0259dri Bahar Muradova \u201cM\u0259i\u015f\u0259t zorak\u0131l\u0131\u011f\u0131ndan z\u0259r\u0259r \u00e7\u0259kmi\u015f h\u0259ssas qrupdan olan \u015f\u0259xsl\u0259rin m\u00fcdafi\u0259si\u201d m\u00f6vzusunda ke\u00e7iril\u0259n konfransda \u00e7\u0131x\u0131\u015f\u0131 zaman\u0131 deyib.<\/p>\n<p>Onun s\u00f6zl\u0259rin\u0259 g\u00f6r\u0259, \u00f6t\u0259n ill\u0259rl\u0259 m\u00fcqayis\u0259d\u0259 m\u00fcraci\u0259tl\u0259rin say\u0131nda art\u0131m var: &#8220;Ona g\u00f6r\u0259 d\u0259 d\u00fc\u015f\u00fcn\u00fcr\u0259m ki, m\u0259i\u015f\u0259t zorak\u0131l\u0131\u011f\u0131na m\u0259ruz qalanlar \u00fc\u00e7\u00fcn d\u0259st\u0259k proqramlar\u0131n\u0131n haz\u0131rlanmas\u0131na ehtiyac var. \u00d6t\u0259n il D\u00f6vl\u0259t Komit\u0259si Sosial Xidm\u0259tl\u0259r Agentliyi il\u0259 birg\u0259 sosial xidm\u0259t m\u00fc\u0259ssis\u0259l\u0259rind\u0259 monitorinq apar\u0131b v\u0259 bir s\u0131ra bo\u015fluqlar a\u015fkarlan\u0131b&#8221;.<\/p>\n","protected":false},"excerpt":{"rendered":"<p>&#8220;Bu ilin 11 ay\u0131nda m\u0259i\u015f\u0259t zorak\u0131l\u0131\u011f\u0131 il\u0259 ba\u011fl\u0131 Ail\u0259, Qad\u0131n v\u0259 U\u015faq Probleml\u0259ri \u00fczr\u0259 D\u00f6vl\u0259t Komit\u0259sin\u0259 435 m\u00fcraci\u0259t daxil olub&#8221;. ARANTV.AZ\u00a0 x\u0259b\u0259r verir ki,\u00a0bunu D\u00f6vl\u0259t Komit\u0259sinin s\u0259dri Bahar Muradova \u201cM\u0259i\u015f\u0259t zorak\u0131l\u0131\u011f\u0131ndan z\u0259r\u0259r \u00e7\u0259kmi\u015f h\u0259ssas qrupdan olan \u015f\u0259xsl\u0259rin m\u00fcdafi\u0259si\u201d m\u00f6vzusunda ke\u00e7iril\u0259n konfransda \u00e7\u0131x\u0131\u015f\u0131 zaman\u0131 deyib. Onun s\u00f6zl\u0259rin\u0259 g\u00f6r\u0259, \u00f6t\u0259n ill\u0259rl\u0259 m\u00fcqayis\u0259d\u0259 m\u00fcraci\u0259tl\u0259rin say\u0131nda art\u0131m var: &#8220;Ona g\u00f6r\u0259 d\u0259 d\u00fc\u015f\u00fcn\u00fcr\u0259m ki, m\u0259i\u015f\u0259t zorak\u0131l\u0131\u011f\u0131na m\u0259ruz qalanlar \u00fc\u00e7\u00fcn d\u0259st\u0259k proqramlar\u0131n\u0131n haz\u0131rlanmas\u0131na ehtiyac var. \u00d6t\u0259n il D\u00f6vl\u0259t Komit\u0259si Sosial Xidm\u0259tl\u0259r Agentliyi il\u0259 birg\u0259 sosial xidm\u0259t m\u00fc\u0259ssis\u0259l\u0259rind\u0259 monitorinq apar\u0131b v\u0259 bir s\u0131ra bo\u015fluqlar a\u015fkarlan\u0131b&#8221;.<\/p>\n","protected":false},"author":2,"featured_media":542375,"comment_status":"closed","ping_status":"closed","sticky":false,"template":"","format":"standard","meta":{"om_disable_all_campaigns":false,"_monsterinsights_skip_tracking":false,"_monsterinsights_sitenote_active":false,"_monsterinsights_sitenote_note":"","_monsterinsights_sitenote_category":0},"categories":[26],"tags":[],"aioseo_notices":[],"gutentor_comment":0,"rttpg_featured_image_url":{"full":["https:\/\/arantv.az\/wp-content\/uploads\/2022\/12\/1549956266_3845813.jpg",975,540,false],"landscape":["https:\/\/arantv.az\/wp-content\/uploads\/2022\/12\/1549956266_3845813.jpg",975,540,false],"portraits":["https:\/\/arantv.az\/wp-content\/uploads\/2022\/12\/1549956266_3845813.jpg",975,540,false],"thumbnail":["https:\/\/arantv.az\/wp-content\/uploads\/2022\/12\/1549956266_3845813-500x280.jpg",500,280,true],"medium":["https:\/\/arantv.az\/wp-content\/uploads\/2022\/12\/1549956266_3845813-660x365.jpg",660,365,true],"large":["https:\/\/arantv.az\/wp-content\/uploads\/2022\/12\/1549956266_3845813-840x465.jpg",640,354,true],"1536x1536":["https:\/\/arantv.az\/wp-content\/uploads\/2022\/12\/1549956266_3845813.jpg",975,540,false],"2048x2048":["https:\/\/arantv.az\/wp-content\/uploads\/2022\/12\/1549956266_3845813.jpg",975,540,false],"post-thumbnail":["https:\/\/arantv.az\/wp-content\/uploads\/2022\/12\/1549956266_3845813-240x172.jpg",240,172,true],"advps-thumb-one":["https:\/\/arantv.az\/wp-content\/uploads\/2022\/12\/1549956266_3845813.jpg",975,540,false]},"rttpg_author":{"display_name":"V\u00fcsal Rafiqo\u011flu","author_link":"https:\/\/arantv.az\/?author=2"},"rttpg_comment":0,"rttpg_category":"<a href=\"https:\/\/arantv.az\/?cat=26\" rel=\"category\">Sosial<\/a>","rttpg_excerpt":"&#8220;Bu ilin 11 ay\u0131nda m\u0259i\u015f\u0259t zorak\u0131l\u0131\u011f\u0131 il\u0259 ba\u011fl\u0131 Ail\u0259, Qad\u0131n v\u0259 U\u015faq Probleml\u0259ri \u00fczr\u0259 D\u00f6vl\u0259t Komit\u0259sin\u0259 435 m\u00fcraci\u0259t daxil olub&#8221;. ARANTV.AZ\u00a0 x\u0259b\u0259r verir ki,\u00a0bunu D\u00f6vl\u0259t Komit\u0259sinin s\u0259dri Bahar Muradova \u201cM\u0259i\u015f\u0259t zorak\u0131l\u0131\u011f\u0131ndan z\u0259r\u0259r \u00e7\u0259kmi\u015f h\u0259ssas qrupdan olan \u015f\u0259xsl\u0259rin m\u00fcdafi\u0259si\u201d m\u00f6vzusunda ke\u00e7iril\u0259n konfransda \u00e7\u0131x\u0131\u015f\u0131 zaman\u0131 deyib. Onun s\u00f6zl\u0259rin\u0259 g\u00f6r\u0259, \u00f6t\u0259n ill\u0259rl\u0259 m\u00fcqayis\u0259d\u0259 m\u00fcraci\u0259tl\u0259rin say\u0131nda art\u0131m var: &#8220;Ona&hellip;","_links":{"self":[{"href":"https:\/\/arantv.az\/index.php?rest_route=\/wp\/v2\/posts\/542374"}],"collection":[{"href":"https:\/\/arantv.az\/index.php?rest_route=\/wp\/v2\/posts"}],"about":[{"href":"https:\/\/arantv.az\/index.php?rest_route=\/wp\/v2\/types\/post"}],"author":[{"embeddable":true,"href":"https:\/\/arantv.az\/index.php?rest_route=\/wp\/v2\/users\/2"}],"replies":[{"embeddable":true,"href":"https:\/\/arantv.az\/index.php?rest_route=%2Fwp%2Fv2%2Fcomments&post=542374"}],"version-history":[{"count":0,"href":"https:\/\/arantv.az\/index.php?rest_route=\/wp\/v2\/posts\/542374\/revisions"}],"wp:featuredmedia":[{"embeddable":true,"href":"https:\/\/arantv.az\/index.php?rest_route=\/wp\/v2\/media\/542375"}],"wp:attachment":[{"href":"https:\/\/arantv.az\/index.php?rest_route=%2Fwp%2Fv2%2Fmedia&parent=542374"}],"wp:term":[{"taxonomy":"category","embeddable":true,"href":"https:\/\/arantv.az\/index.php?rest_route=%2Fwp%2Fv2%2Fcategories&post=542374"},{"taxonomy":"post_tag","embeddable":true,"href":"https:\/\/arantv.az\/index.php?rest_route=%2Fwp%2Fv2%2Ftags&post=542374"}],"curies":[{"name":"wp","href":"https:\/\/api.w.org\/{rel}","templated":true}]}}