{"id":542395,"date":"2022-12-07T09:59:26","date_gmt":"2022-12-07T06:59:26","guid":{"rendered":"https:\/\/arantv.az\/?p=542395"},"modified":"2022-12-07T09:59:26","modified_gmt":"2022-12-07T06:59:26","slug":"sara-maykl-az%c9%99rbaycanda-v%c9%99-dunyanin-dig%c9%99r-olk%c9%99l%c9%99rind%c9%99-rifahin-qurulmasina-imkan-yaradacagiq","status":"publish","type":"post","link":"https:\/\/arantv.az\/?p=542395","title":{"rendered":"Sara Maykl: \u201cAz\u0259rbaycanda v\u0259 d\u00fcnyan\u0131n dig\u0259r \u00f6lk\u0259l\u0259rind\u0259 rifah\u0131n qurulmas\u0131na imkan yaradaca\u011f\u0131q\u201d"},"content":{"rendered":"<p>Bak\u0131da \u0130qtisadiyyat Nazirliyi v\u0259 D\u00fcnya Bank\u0131n\u0131n birg\u0259 t\u0259\u015f\u0259bb\u00fcs\u00fc \u00e7\u0259r\u00e7iv\u0259sind\u0259 \u201cAz\u0259rbaycan ya\u015f\u0131l inki\u015fafa do\u011fru\u201d hesabat\u0131n t\u0259qdimat\u0131 ke\u00e7irilir.<\/p>\n<p><strong>ARANTV.AZ <\/strong>\u00a0x\u0259b\u0259r verir ki, t\u0259dbird\u0259 D\u00fcnya Bank\u0131n\u0131n Az\u0259rbaycan \u00fczr\u0259 meneceri Sara\u00a0Maykl \u00e7\u0131x\u0131\u015f edib.<\/p>\n<div class=\"AdviadNativeVideo\"><\/div>\n<p>O bildirib ki, Az\u0259rbaycan h\u00f6kum\u0259tinin unikal m\u0259qamdan istifad\u0259 etm\u0259k niyy\u0259tini anlay\u0131rlar:<\/p>\n<p>\u201cD\u00fc\u015f\u00fcn\u00fcr\u00fck ki, Az\u0259rbaycan\u0131n g\u0259l\u0259c\u0259yi ya\u015f\u0131l m\u00fchitd\u0259n ke\u00e7ir. \u00d6t\u0259n ay ya\u015f\u0131l ke\u00e7idl\u0259 \u0259laq\u0259dar ilk dialoqlara ba\u015flad\u0131q. Az\u0259rbaycan\u0131n a\u015fa\u011f\u0131 g\u0259lirli \u00f6lk\u0259d\u0259n son 30 ild\u0259 yuxar\u0131 orta g\u0259lirli \u00f6lk\u0259y\u0259 ke\u00e7idini alq\u0131\u015flay\u0131r\u0131q.<\/p>\n<p>Bu kimi t\u0259dbirl\u0259r imkan verir ki, Az\u0259rbaycan h\u00f6kum\u0259tinin, elmi dair\u0259l\u0259rinin bu sah\u0259d\u0259ki diqq\u0259tini vur\u011fulayaq. D\u00fcnya Bank\u0131 qrupu ad\u0131ndan \u0259min etm\u0259k ist\u0259yir\u0259m ki, biz Az\u0259rbaycanda v\u0259 d\u00fcnyan\u0131n dig\u0259r \u00f6lk\u0259l\u0259rind\u0259 rifah\u0131n qurulmas\u0131na imkan yaradaca\u011f\u0131q\u201d.<\/p>\n","protected":false},"excerpt":{"rendered":"<p>Bak\u0131da \u0130qtisadiyyat Nazirliyi v\u0259 D\u00fcnya Bank\u0131n\u0131n birg\u0259 t\u0259\u015f\u0259bb\u00fcs\u00fc \u00e7\u0259r\u00e7iv\u0259sind\u0259 \u201cAz\u0259rbaycan ya\u015f\u0131l inki\u015fafa do\u011fru\u201d hesabat\u0131n t\u0259qdimat\u0131 ke\u00e7irilir. ARANTV.AZ \u00a0x\u0259b\u0259r verir ki, t\u0259dbird\u0259 D\u00fcnya Bank\u0131n\u0131n Az\u0259rbaycan \u00fczr\u0259 meneceri Sara\u00a0Maykl \u00e7\u0131x\u0131\u015f edib. O bildirib ki, Az\u0259rbaycan h\u00f6kum\u0259tinin unikal m\u0259qamdan istifad\u0259 etm\u0259k niyy\u0259tini anlay\u0131rlar: \u201cD\u00fc\u015f\u00fcn\u00fcr\u00fck ki, Az\u0259rbaycan\u0131n g\u0259l\u0259c\u0259yi ya\u015f\u0131l m\u00fchitd\u0259n ke\u00e7ir. \u00d6t\u0259n ay ya\u015f\u0131l ke\u00e7idl\u0259 \u0259laq\u0259dar ilk dialoqlara ba\u015flad\u0131q. Az\u0259rbaycan\u0131n a\u015fa\u011f\u0131 g\u0259lirli \u00f6lk\u0259d\u0259n son 30 ild\u0259 yuxar\u0131 orta g\u0259lirli \u00f6lk\u0259y\u0259 ke\u00e7idini alq\u0131\u015flay\u0131r\u0131q. Bu kimi t\u0259dbirl\u0259r imkan verir ki, Az\u0259rbaycan h\u00f6kum\u0259tinin, elmi dair\u0259l\u0259rinin bu sah\u0259d\u0259ki diqq\u0259tini vur\u011fulayaq. D\u00fcnya Bank\u0131 qrupu ad\u0131ndan \u0259min etm\u0259k ist\u0259yir\u0259m ki,&hellip;<\/p>\n","protected":false},"author":2,"featured_media":542396,"comment_status":"closed","ping_status":"closed","sticky":false,"template":"","format":"standard","meta":{"om_disable_all_campaigns":false,"_monsterinsights_skip_tracking":false,"_monsterinsights_sitenote_active":false,"_monsterinsights_sitenote_note":"","_monsterinsights_sitenote_category":0},"categories":[19],"tags":[],"aioseo_notices":[],"gutentor_comment":0,"rttpg_featured_image_url":{"full":["https:\/\/arantv.az\/wp-content\/uploads\/2022\/12\/6d12cb8b29c66be1acbc4082.jpg",620,413,false],"landscape":["https:\/\/arantv.az\/wp-content\/uploads\/2022\/12\/6d12cb8b29c66be1acbc4082.jpg",620,413,false],"portraits":["https:\/\/arantv.az\/wp-content\/uploads\/2022\/12\/6d12cb8b29c66be1acbc4082.jpg",620,413,false],"thumbnail":["https:\/\/arantv.az\/wp-content\/uploads\/2022\/12\/6d12cb8b29c66be1acbc4082-500x280.jpg",500,280,true],"medium":["https:\/\/arantv.az\/wp-content\/uploads\/2022\/12\/6d12cb8b29c66be1acbc4082-548x365.jpg",548,365,true],"large":["https:\/\/arantv.az\/wp-content\/uploads\/2022\/12\/6d12cb8b29c66be1acbc4082.jpg",620,413,false],"1536x1536":["https:\/\/arantv.az\/wp-content\/uploads\/2022\/12\/6d12cb8b29c66be1acbc4082.jpg",620,413,false],"2048x2048":["https:\/\/arantv.az\/wp-content\/uploads\/2022\/12\/6d12cb8b29c66be1acbc4082.jpg",620,413,false],"post-thumbnail":["https:\/\/arantv.az\/wp-content\/uploads\/2022\/12\/6d12cb8b29c66be1acbc4082-240x172.jpg",240,172,true],"advps-thumb-one":["https:\/\/arantv.az\/wp-content\/uploads\/2022\/12\/6d12cb8b29c66be1acbc4082.jpg",620,413,false]},"rttpg_author":{"display_name":"V\u00fcsal Rafiqo\u011flu","author_link":"https:\/\/arantv.az\/?author=2"},"rttpg_comment":0,"rttpg_category":"<a href=\"https:\/\/arantv.az\/?cat=19\" rel=\"category\">G\u00fcnd\u0259m<\/a>","rttpg_excerpt":"Bak\u0131da \u0130qtisadiyyat Nazirliyi v\u0259 D\u00fcnya Bank\u0131n\u0131n birg\u0259 t\u0259\u015f\u0259bb\u00fcs\u00fc \u00e7\u0259r\u00e7iv\u0259sind\u0259 \u201cAz\u0259rbaycan ya\u015f\u0131l inki\u015fafa do\u011fru\u201d hesabat\u0131n t\u0259qdimat\u0131 ke\u00e7irilir. ARANTV.AZ \u00a0x\u0259b\u0259r verir ki, t\u0259dbird\u0259 D\u00fcnya Bank\u0131n\u0131n Az\u0259rbaycan \u00fczr\u0259 meneceri Sara\u00a0Maykl \u00e7\u0131x\u0131\u015f edib. O bildirib ki, Az\u0259rbaycan h\u00f6kum\u0259tinin unikal m\u0259qamdan istifad\u0259 etm\u0259k niyy\u0259tini anlay\u0131rlar: \u201cD\u00fc\u015f\u00fcn\u00fcr\u00fck ki, Az\u0259rbaycan\u0131n g\u0259l\u0259c\u0259yi ya\u015f\u0131l m\u00fchitd\u0259n ke\u00e7ir. \u00d6t\u0259n ay ya\u015f\u0131l ke\u00e7idl\u0259 \u0259laq\u0259dar ilk dialoqlara ba\u015flad\u0131q.&hellip;","_links":{"self":[{"href":"https:\/\/arantv.az\/index.php?rest_route=\/wp\/v2\/posts\/542395"}],"collection":[{"href":"https:\/\/arantv.az\/index.php?rest_route=\/wp\/v2\/posts"}],"about":[{"href":"https:\/\/arantv.az\/index.php?rest_route=\/wp\/v2\/types\/post"}],"author":[{"embeddable":true,"href":"https:\/\/arantv.az\/index.php?rest_route=\/wp\/v2\/users\/2"}],"replies":[{"embeddable":true,"href":"https:\/\/arantv.az\/index.php?rest_route=%2Fwp%2Fv2%2Fcomments&post=542395"}],"version-history":[{"count":0,"href":"https:\/\/arantv.az\/index.php?rest_route=\/wp\/v2\/posts\/542395\/revisions"}],"wp:featuredmedia":[{"embeddable":true,"href":"https:\/\/arantv.az\/index.php?rest_route=\/wp\/v2\/media\/542396"}],"wp:attachment":[{"href":"https:\/\/arantv.az\/index.php?rest_route=%2Fwp%2Fv2%2Fmedia&parent=542395"}],"wp:term":[{"taxonomy":"category","embeddable":true,"href":"https:\/\/arantv.az\/index.php?rest_route=%2Fwp%2Fv2%2Fcategories&post=542395"},{"taxonomy":"post_tag","embeddable":true,"href":"https:\/\/arantv.az\/index.php?rest_route=%2Fwp%2Fv2%2Ftags&post=542395"}],"curies":[{"name":"wp","href":"https:\/\/api.w.org\/{rel}","templated":true}]}}