{"id":542404,"date":"2022-12-07T10:10:42","date_gmt":"2022-12-07T07:10:42","guid":{"rendered":"https:\/\/arantv.az\/?p=542404"},"modified":"2022-12-07T10:10:42","modified_gmt":"2022-12-07T07:10:42","slug":"ilham-%c9%99liyev-akademik-xosb%c9%99xt-yusifzad%c9%99-tankerinin-istismara-verilm%c9%99si-m%c9%99rasimind%c9%99","status":"publish","type":"post","link":"https:\/\/arantv.az\/?p=542404","title":{"rendered":"\u0130lham \u018fliyev \u201cAkademik Xo\u015fb\u0259xt Yusifzad\u0259\u201d tankerinin istismara verilm\u0259si m\u0259rasimind\u0259"},"content":{"rendered":"<p>Dekabr\u0131n 7-d\u0259 Az\u0259rbaycan Respublikas\u0131n\u0131n Prezidenti<strong>\u00a0\u0130lham \u018fliyev<\/strong>\u00a0\u201cAz\u0259rbaycan X\u0259z\u0259r D\u0259niz G\u0259mi\u00e7iliyi\u201d Qapal\u0131 S\u0259hmdar C\u0259miyy\u0259tinin sifari\u015fi il\u0259 Bak\u0131 g\u0259miqay\u0131rma zavodunda in\u015fa olunan \u201cAkademik Xo\u015fb\u0259xt Yusifzad\u0259\u201d tankerinin istismara verilm\u0259si m\u0259rasimind\u0259 i\u015ftirak edib.<\/p>\n<p><a href=\"https:\/\/azertag.az\/xeber\/Akademik_Xosbext_Yusifzade_tankeri_istismara_verilib__Prezident_Ilham_Aliyev_merasimde_istirak_edib_YENILANACAK-2399969\" target=\"_blank\" rel=\"noopener\">AZ\u018fRTAC<\/a>\u00a0x\u0259b\u0259r verir ki, ASCO-nun s\u0259dri Rauf V\u0259liyev d\u00f6vl\u0259timizin ba\u015f\u00e7\u0131s\u0131na yeni n\u0259sil tanker haqq\u0131nda m\u0259lumat verib.<\/p>\n","protected":false},"excerpt":{"rendered":"<p>Dekabr\u0131n 7-d\u0259 Az\u0259rbaycan Respublikas\u0131n\u0131n Prezidenti\u00a0\u0130lham \u018fliyev\u00a0\u201cAz\u0259rbaycan X\u0259z\u0259r D\u0259niz G\u0259mi\u00e7iliyi\u201d Qapal\u0131 S\u0259hmdar C\u0259miyy\u0259tinin sifari\u015fi il\u0259 Bak\u0131 g\u0259miqay\u0131rma zavodunda in\u015fa olunan \u201cAkademik Xo\u015fb\u0259xt Yusifzad\u0259\u201d tankerinin istismara verilm\u0259si m\u0259rasimind\u0259 i\u015ftirak edib. AZ\u018fRTAC\u00a0x\u0259b\u0259r verir ki, ASCO-nun s\u0259dri Rauf V\u0259liyev d\u00f6vl\u0259timizin ba\u015f\u00e7\u0131s\u0131na yeni n\u0259sil tanker haqq\u0131nda m\u0259lumat verib.<\/p>\n","protected":false},"author":2,"featured_media":542405,"comment_status":"closed","ping_status":"closed","sticky":false,"template":"","format":"standard","meta":{"om_disable_all_campaigns":false,"_monsterinsights_skip_tracking":false,"_monsterinsights_sitenote_active":false,"_monsterinsights_sitenote_note":"","_monsterinsights_sitenote_category":0},"categories":[4],"tags":[],"aioseo_notices":[],"gutentor_comment":0,"rttpg_featured_image_url":{"full":["https:\/\/arantv.az\/wp-content\/uploads\/2022\/12\/16017394531712422946_1000x669-1.jpg",620,413,false],"landscape":["https:\/\/arantv.az\/wp-content\/uploads\/2022\/12\/16017394531712422946_1000x669-1.jpg",620,413,false],"portraits":["https:\/\/arantv.az\/wp-content\/uploads\/2022\/12\/16017394531712422946_1000x669-1.jpg",620,413,false],"thumbnail":["https:\/\/arantv.az\/wp-content\/uploads\/2022\/12\/16017394531712422946_1000x669-1-500x280.jpg",500,280,true],"medium":["https:\/\/arantv.az\/wp-content\/uploads\/2022\/12\/16017394531712422946_1000x669-1-548x365.jpg",548,365,true],"large":["https:\/\/arantv.az\/wp-content\/uploads\/2022\/12\/16017394531712422946_1000x669-1.jpg",620,413,false],"1536x1536":["https:\/\/arantv.az\/wp-content\/uploads\/2022\/12\/16017394531712422946_1000x669-1.jpg",620,413,false],"2048x2048":["https:\/\/arantv.az\/wp-content\/uploads\/2022\/12\/16017394531712422946_1000x669-1.jpg",620,413,false],"post-thumbnail":["https:\/\/arantv.az\/wp-content\/uploads\/2022\/12\/16017394531712422946_1000x669-1-240x172.jpg",240,172,true],"advps-thumb-one":["https:\/\/arantv.az\/wp-content\/uploads\/2022\/12\/16017394531712422946_1000x669-1.jpg",620,413,false]},"rttpg_author":{"display_name":"V\u00fcsal Rafiqo\u011flu","author_link":"https:\/\/arantv.az\/?author=2"},"rttpg_comment":0,"rttpg_category":"<a href=\"https:\/\/arantv.az\/?cat=4\" rel=\"category\">Siyas\u0259t<\/a>","rttpg_excerpt":"Dekabr\u0131n 7-d\u0259 Az\u0259rbaycan Respublikas\u0131n\u0131n Prezidenti\u00a0\u0130lham \u018fliyev\u00a0\u201cAz\u0259rbaycan X\u0259z\u0259r D\u0259niz G\u0259mi\u00e7iliyi\u201d Qapal\u0131 S\u0259hmdar C\u0259miyy\u0259tinin sifari\u015fi il\u0259 Bak\u0131 g\u0259miqay\u0131rma zavodunda in\u015fa olunan \u201cAkademik Xo\u015fb\u0259xt Yusifzad\u0259\u201d tankerinin istismara verilm\u0259si m\u0259rasimind\u0259 i\u015ftirak edib. AZ\u018fRTAC\u00a0x\u0259b\u0259r verir ki, ASCO-nun s\u0259dri Rauf V\u0259liyev d\u00f6vl\u0259timizin ba\u015f\u00e7\u0131s\u0131na yeni n\u0259sil tanker haqq\u0131nda m\u0259lumat verib.","_links":{"self":[{"href":"https:\/\/arantv.az\/index.php?rest_route=\/wp\/v2\/posts\/542404"}],"collection":[{"href":"https:\/\/arantv.az\/index.php?rest_route=\/wp\/v2\/posts"}],"about":[{"href":"https:\/\/arantv.az\/index.php?rest_route=\/wp\/v2\/types\/post"}],"author":[{"embeddable":true,"href":"https:\/\/arantv.az\/index.php?rest_route=\/wp\/v2\/users\/2"}],"replies":[{"embeddable":true,"href":"https:\/\/arantv.az\/index.php?rest_route=%2Fwp%2Fv2%2Fcomments&post=542404"}],"version-history":[{"count":0,"href":"https:\/\/arantv.az\/index.php?rest_route=\/wp\/v2\/posts\/542404\/revisions"}],"wp:featuredmedia":[{"embeddable":true,"href":"https:\/\/arantv.az\/index.php?rest_route=\/wp\/v2\/media\/542405"}],"wp:attachment":[{"href":"https:\/\/arantv.az\/index.php?rest_route=%2Fwp%2Fv2%2Fmedia&parent=542404"}],"wp:term":[{"taxonomy":"category","embeddable":true,"href":"https:\/\/arantv.az\/index.php?rest_route=%2Fwp%2Fv2%2Fcategories&post=542404"},{"taxonomy":"post_tag","embeddable":true,"href":"https:\/\/arantv.az\/index.php?rest_route=%2Fwp%2Fv2%2Ftags&post=542404"}],"curies":[{"name":"wp","href":"https:\/\/api.w.org\/{rel}","templated":true}]}}