{"id":542416,"date":"2022-12-07T10:23:22","date_gmt":"2022-12-07T07:23:22","guid":{"rendered":"https:\/\/arantv.az\/?p=542416"},"modified":"2022-12-07T10:23:22","modified_gmt":"2022-12-07T07:23:22","slug":"daha-13-iranli-xank%c9%99ndiy%c9%99-t%c9%99srif-buyurub-siyahi-foto","status":"publish","type":"post","link":"https:\/\/arantv.az\/?p=542416","title":{"rendered":"Daha 13 iranl\u0131 Xank\u0259ndiy\u0259 \u201ct\u0259\u015frif buyurub\u201d &#8211; S\u0130YAHI + FOTO"},"content":{"rendered":"<p>14 n\u0259f\u0259r \u0130ran v\u0259t\u0259nda\u015f\u0131n\u0131n Qaraba\u011fa g\u0259li\u015fi il\u0259 ba\u011fl\u0131 ara\u015fd\u0131rmalar bitm\u0259mi\u015f, Rusiya s\u00fclhm\u0259raml\u0131lar\u0131n\u0131n m\u00fcv\u0259qq\u0259ti n\u0259zar\u0259tind\u0259ki \u0259raziy\u0259 ke\u00e7mi\u015f daha bir iranl\u0131 d\u0259st\u0259 haqda m\u0259lumat \u0259ld\u0259 edilib &#8211; bu d\u0259f\u0259 Qaraba\u011fa \u0130randan 13 n\u0259f\u0259rlik qrupun \u201ct\u0259\u015frif buyurdu\u011fu\u201d m\u0259lum olub.<\/p>\n<p>\u201cQafqazinfo\u201dnun etibarl\u0131 m\u0259nb\u0259d\u0259n ald\u0131\u011f\u0131 x\u0259b\u0259r\u0259 g\u00f6r\u0259, noyabr\u0131n 24-d\u0259 34-QA-444 n\u00f6mr\u0259li \u201cMercedes-Benz\u201d avtomobil il\u0259 Qaraba\u011fa ke\u00e7mi\u015f ilk qrupun g\u0259li\u015find\u0259n c\u0259mi 6 g\u00fcn sonra \u2013 noyabr\u0131n 30-da bura\u00a0n\u00f6vb\u0259ti d\u0259st\u0259 g\u0259tirilib.<\/p>\n<div class=\"AdviadNativeVideo\"><\/div>\n<p>Qaraba\u011fa g\u0259lmi\u015f yeni d\u0259st\u0259 \u00fczvl\u0259rinin adlar\u0131n\u0131 da, pasportlar\u0131n\u0131 da t\u0259qdim edirik:<\/p>\n<p>1. Goodarzi Najmedin Abedin<\/p>\n<p>2. Goodarzi Bahman Zabihollah<\/p>\n<p>3. Goodarzi Mohsen Reza<\/p>\n<p>4. Banaei Mostafa Mohammad<\/p>\n<p>5. Fadaeipordanjani Afrasaib Mahmoud<\/p>\n<p>6. Vaeznezhadi Farshad Dolatali<\/p>\n<p>7. Moradazar Mohsen Zarbali<\/p>\n<p>8. Shafaghghat Aminjan Ramezan Eznolah<\/p>\n<p>9. Boveirian Ghafour Bemouniagha<\/p>\n<p>10. Vae Zadeh Fariborz Madad<\/p>\n<p>11. Fatahi Shakib Majid Alibaba<\/p>\n<p>12. Hakimzadeh Ghanbar Allahmora<\/p>\n<p>13. Abdollahi Gholamreza Ali<\/p>\n<p><img src=\"https:\/\/cdn.oxu.az\/uploads\/W1siZiIsIjIwMjIvMTIvMDcvMTEvMTAvMTEvN2Y3M2YyYTItZWJjYy00NGFlLTg2MmItM2M5MjhlMzJmNDU5L3NvbigyMikuanBnIl0sWyJwIiwiZW5jb2RlIiwianBnIiwiLXF1YWxpdHkgODAiXSxbInAiLCJ0aHVtYiIsIjU5MHg1OTBcdTAwM2UiXV0?sha=308da9ae1a0ce7a3\" alt=\"\" \/><\/p>\n<p>Bel\u0259likl\u0259, \u0130randan Az\u0259rbaycan \u0259razisin\u0259 m\u00fcxt\u0259lif d\u0259st\u0259l\u0259rin ke\u00e7irilm\u0259si art\u0131q k\u00fctl\u0259vi hal al\u0131r. \u00dcmulikd\u0259 6 g\u00fcn \u0259rzind\u0259 &#8211; noyabr\u0131n 24-d\u0259n 30-d\u0259k rusiyal\u0131 s\u00fclhm\u0259raml\u0131lar\u0131n postundan Qaraba\u011f \u0259razisin\u0259 iki qrup hal\u0131nda 27 n\u0259f\u0259r \u0130ran v\u0259t\u0259nda\u015f\u0131 daxil olub. \u00d6z\u00fc d\u0259 bu iki qrupun bir-biri il\u0259 ba\u011fl\u0131 oldu\u011fu v\u0259 eyni missiya il\u0259 g\u0259ldiyi \u015f\u00fcbh\u0259 do\u011furmur. \u00c7\u00fcnki onlar\u0131n h\u0259r ikisi eyni avtomobild\u0259 &#8211; 34-QA-444 n\u00f6mr\u0259li mikroavtobusla g\u0259tirilib. Avtomobili kimin idar\u0259 etdiyi d\u0259 m\u0259lumdur \u2013 s\u00fcr\u00fcc\u00fc Erm\u0259nistan v\u0259t\u0259nda\u015f\u0131 Yura Baqdasaryand\u0131r.<\/p>\n","protected":false},"excerpt":{"rendered":"<p>14 n\u0259f\u0259r \u0130ran v\u0259t\u0259nda\u015f\u0131n\u0131n Qaraba\u011fa g\u0259li\u015fi il\u0259 ba\u011fl\u0131 ara\u015fd\u0131rmalar bitm\u0259mi\u015f, Rusiya s\u00fclhm\u0259raml\u0131lar\u0131n\u0131n m\u00fcv\u0259qq\u0259ti n\u0259zar\u0259tind\u0259ki \u0259raziy\u0259 ke\u00e7mi\u015f daha bir iranl\u0131 d\u0259st\u0259 haqda m\u0259lumat \u0259ld\u0259 edilib &#8211; bu d\u0259f\u0259 Qaraba\u011fa \u0130randan 13 n\u0259f\u0259rlik qrupun \u201ct\u0259\u015frif buyurdu\u011fu\u201d m\u0259lum olub. \u201cQafqazinfo\u201dnun etibarl\u0131 m\u0259nb\u0259d\u0259n ald\u0131\u011f\u0131 x\u0259b\u0259r\u0259 g\u00f6r\u0259, noyabr\u0131n 24-d\u0259 34-QA-444 n\u00f6mr\u0259li \u201cMercedes-Benz\u201d avtomobil il\u0259 Qaraba\u011fa ke\u00e7mi\u015f ilk qrupun g\u0259li\u015find\u0259n c\u0259mi 6 g\u00fcn sonra \u2013 noyabr\u0131n 30-da bura\u00a0n\u00f6vb\u0259ti d\u0259st\u0259 g\u0259tirilib. Qaraba\u011fa g\u0259lmi\u015f yeni d\u0259st\u0259 \u00fczvl\u0259rinin adlar\u0131n\u0131 da, pasportlar\u0131n\u0131 da t\u0259qdim edirik: 1. Goodarzi Najmedin Abedin 2. Goodarzi Bahman Zabihollah 3. Goodarzi Mohsen Reza 4. Banaei Mostafa&hellip;<\/p>\n","protected":false},"author":2,"featured_media":542417,"comment_status":"closed","ping_status":"closed","sticky":false,"template":"","format":"standard","meta":{"om_disable_all_campaigns":false,"_monsterinsights_skip_tracking":false,"_monsterinsights_sitenote_active":false,"_monsterinsights_sitenote_note":"","_monsterinsights_sitenote_category":0},"categories":[4],"tags":[],"aioseo_notices":[],"gutentor_comment":0,"rttpg_featured_image_url":{"full":["https:\/\/arantv.az\/wp-content\/uploads\/2022\/12\/1-1-2.jpg",620,413,false],"landscape":["https:\/\/arantv.az\/wp-content\/uploads\/2022\/12\/1-1-2.jpg",620,413,false],"portraits":["https:\/\/arantv.az\/wp-content\/uploads\/2022\/12\/1-1-2.jpg",620,413,false],"thumbnail":["https:\/\/arantv.az\/wp-content\/uploads\/2022\/12\/1-1-2-500x280.jpg",500,280,true],"medium":["https:\/\/arantv.az\/wp-content\/uploads\/2022\/12\/1-1-2-548x365.jpg",548,365,true],"large":["https:\/\/arantv.az\/wp-content\/uploads\/2022\/12\/1-1-2.jpg",620,413,false],"1536x1536":["https:\/\/arantv.az\/wp-content\/uploads\/2022\/12\/1-1-2.jpg",620,413,false],"2048x2048":["https:\/\/arantv.az\/wp-content\/uploads\/2022\/12\/1-1-2.jpg",620,413,false],"post-thumbnail":["https:\/\/arantv.az\/wp-content\/uploads\/2022\/12\/1-1-2-240x172.jpg",240,172,true],"advps-thumb-one":["https:\/\/arantv.az\/wp-content\/uploads\/2022\/12\/1-1-2.jpg",620,413,false]},"rttpg_author":{"display_name":"V\u00fcsal Rafiqo\u011flu","author_link":"https:\/\/arantv.az\/?author=2"},"rttpg_comment":0,"rttpg_category":"<a href=\"https:\/\/arantv.az\/?cat=4\" rel=\"category\">Siyas\u0259t<\/a>","rttpg_excerpt":"14 n\u0259f\u0259r \u0130ran v\u0259t\u0259nda\u015f\u0131n\u0131n Qaraba\u011fa g\u0259li\u015fi il\u0259 ba\u011fl\u0131 ara\u015fd\u0131rmalar bitm\u0259mi\u015f, Rusiya s\u00fclhm\u0259raml\u0131lar\u0131n\u0131n m\u00fcv\u0259qq\u0259ti n\u0259zar\u0259tind\u0259ki \u0259raziy\u0259 ke\u00e7mi\u015f daha bir iranl\u0131 d\u0259st\u0259 haqda m\u0259lumat \u0259ld\u0259 edilib &#8211; bu d\u0259f\u0259 Qaraba\u011fa \u0130randan 13 n\u0259f\u0259rlik qrupun \u201ct\u0259\u015frif buyurdu\u011fu\u201d m\u0259lum olub. \u201cQafqazinfo\u201dnun etibarl\u0131 m\u0259nb\u0259d\u0259n ald\u0131\u011f\u0131 x\u0259b\u0259r\u0259 g\u00f6r\u0259, noyabr\u0131n 24-d\u0259 34-QA-444 n\u00f6mr\u0259li \u201cMercedes-Benz\u201d avtomobil il\u0259 Qaraba\u011fa ke\u00e7mi\u015f ilk qrupun g\u0259li\u015find\u0259n c\u0259mi&hellip;","_links":{"self":[{"href":"https:\/\/arantv.az\/index.php?rest_route=\/wp\/v2\/posts\/542416"}],"collection":[{"href":"https:\/\/arantv.az\/index.php?rest_route=\/wp\/v2\/posts"}],"about":[{"href":"https:\/\/arantv.az\/index.php?rest_route=\/wp\/v2\/types\/post"}],"author":[{"embeddable":true,"href":"https:\/\/arantv.az\/index.php?rest_route=\/wp\/v2\/users\/2"}],"replies":[{"embeddable":true,"href":"https:\/\/arantv.az\/index.php?rest_route=%2Fwp%2Fv2%2Fcomments&post=542416"}],"version-history":[{"count":0,"href":"https:\/\/arantv.az\/index.php?rest_route=\/wp\/v2\/posts\/542416\/revisions"}],"wp:featuredmedia":[{"embeddable":true,"href":"https:\/\/arantv.az\/index.php?rest_route=\/wp\/v2\/media\/542417"}],"wp:attachment":[{"href":"https:\/\/arantv.az\/index.php?rest_route=%2Fwp%2Fv2%2Fmedia&parent=542416"}],"wp:term":[{"taxonomy":"category","embeddable":true,"href":"https:\/\/arantv.az\/index.php?rest_route=%2Fwp%2Fv2%2Fcategories&post=542416"},{"taxonomy":"post_tag","embeddable":true,"href":"https:\/\/arantv.az\/index.php?rest_route=%2Fwp%2Fv2%2Ftags&post=542416"}],"curies":[{"name":"wp","href":"https:\/\/api.w.org\/{rel}","templated":true}]}}