{"id":544682,"date":"2022-12-12T18:30:49","date_gmt":"2022-12-12T15:30:49","guid":{"rendered":"https:\/\/arantv.az\/?p=544682"},"modified":"2022-12-12T18:30:49","modified_gmt":"2022-12-12T15:30:49","slug":"g%c9%99ncl%c9%99r-t%c9%99skilatlari-milli-surasi-t%c9%99r%c9%99find%c9%99n-ulu-ond%c9%99r-heyd%c9%99r-%c9%99liyevin-anim-gunu-qeyd-olunub-foto","status":"publish","type":"post","link":"https:\/\/arantv.az\/?p=544682","title":{"rendered":"G\u0259ncl\u0259r T\u0259\u015fkilatlar\u0131 Milli \u015euras\u0131 t\u0259r\u0259find\u0259n Ulu \u00d6nd\u0259r Heyd\u0259r \u018fliyevin an\u0131m g\u00fcn\u00fc qeyd olunub &#8211; FOTO"},"content":{"rendered":"<p>Az\u0259rbaycan Respublikas\u0131 G\u0259ncl\u0259r T\u0259\u015fkilatlar\u0131 Milli \u015euras\u0131n\u0131n t\u0259\u015fkilat\u00e7\u0131l\u0131\u011f\u0131 il\u0259 12 dekabr tarixind\u0259\u00a0g\u0259ncl\u0259r t\u0259\u015fkilatlar\u0131n\u0131n r\u0259hb\u0259r v\u0259 n\u00fcmay\u0259nd\u0259l\u0259ri \u00dcmummilli Lider Heyd\u0259r \u018fliyevin an\u0131m g\u00fcn\u00fc il\u0259 ba\u011fl\u0131 olaraq F\u0259xri Xiyabanda Ulu \u00f6nd\u0259rin m\u0259zar\u0131n\u0131 ziyar\u0259t edib, xatir\u0259sini d\u0259rin ehtiramla yad edibl\u0259r.<\/p>\n<p><strong>ARANTV.AZ <\/strong>\u00a0x\u0259b\u0259r verir ki, daha sonra g\u0259ncl\u0259r t\u0259\u015fkilatlar\u0131n\u0131n \u201cSa\u011flam d\u00fc\u015f\u00fcnc\u0259li g\u0259ncliyin formala\u015fmas\u0131nda Ulu \u00f6nd\u0259r Heyd\u0259r \u018fliyevin misilsiz f\u0259aliyy\u0259tl\u0259ri v\u0259 irsinin t\u0259bli\u011fi\u201d m\u00f6vzusunda g\u00f6r\u00fc\u015f ke\u00e7irilib.<\/p>\n<div class=\"AdviadNativeVideo\"><\/div>\n<p>Yeni Az\u0259rbaycan Partiyas\u0131n\u0131n \u0130dar\u0259 Hey\u0259tinin \u00fczv\u00fc Vazeh \u018fsg\u0259rov il\u0259 ke\u00e7iril\u0259n g\u00f6r\u00fc\u015fd\u0259 a\u00e7\u0131l\u0131\u015f nitqi il\u0259 \u00e7\u0131x\u0131\u015f ed\u0259n NAYORA-n\u0131n s\u0259dri Az\u0259r \u018fliyev \u00f6lk\u0259nin m\u00fcst\u0259qil, h\u0259rt\u0259r\u0259fli, dayan\u0131ql\u0131 v\u0259 dinamik inki\u015faf\u0131nda Heyd\u0259r \u018fliyevin \u00e7ox\u015fax\u0259li v\u0259 misilsiz xidm\u0259tl\u0259rini vur\u011fulayaraq, haz\u0131rda onun layiqli siyasi davam\u00e7\u0131s\u0131, Prezident\u00a0<strong>\u0130lham \u018fliyev<\/strong>in r\u0259hb\u0259rliyi il\u0259 Az\u0259rbaycan\u0131n s\u00fcr\u0259tl\u0259 inki\u015faf etdiyini, sosial rifah s\u0259viyy\u0259sinin xeyli y\u00fcks\u0259ldiyini, d\u00fcnyan\u0131n siyasi x\u0259rit\u0259sind\u0259 m\u00f6vqeyinin daha da g\u00fccl\u0259ndiyini v\u0259 tariximizin qalibiyy\u0259tl\u0259rl\u0259 dolu \u015fanl\u0131 s\u0259hif\u0259l\u0259rinin yaz\u0131ld\u0131\u011f\u0131n\u0131 qeyd edib.<\/p>\n<p>Daha sonra g\u00f6r\u00fc\u015f \u00e7\u0259r\u00e7iv\u0259sind\u0259 Vazeh \u018fsg\u0259rov 44 g\u00fcnl\u00fck V\u0259t\u0259n m\u00fcharib\u0259sind\u0259 qazan\u0131lan v\u0259 Az\u0259rbaycan tarixin\u0259 q\u0131z\u0131l h\u0259rfl\u0259rl\u0259 yaz\u0131lan \u015fanl\u0131 Q\u0259l\u0259b\u0259mizd\u0259 m\u0259hz Ulu \u00d6nd\u0259r Heyd\u0259r \u018fliyevin n\u0259sih\u0259tl\u0259ri v\u0259 Prezident \u0130lham \u018fliyevin diqq\u0259t v\u0259 qay\u011f\u0131s\u0131 il\u0259 yeti\u015fmi\u015f g\u0259ncl\u0259rin \u0259sas rol oynad\u0131\u011f\u0131n\u0131 qeyd ed\u0259r\u0259k g\u0259ncl\u0259r siyas\u0259tinin \u0259sas\u0131n\u0131n qoyulmas\u0131nda, g\u0259ncl\u0259r t\u0259\u015fkilatlar\u0131n\u0131n inki\u015faf\u0131nda, h\u0259m\u00e7inin \u00f6lk\u0259nin ictimai-siyasi h\u0259yat\u0131nda g\u0259ncl\u0259rin aktiv i\u015ftirak\u00e7\u0131l\u0131\u011fa c\u0259lb edilm\u0259sind\u0259 \u00dcmummilli Liderin misilsiz xidm\u0259tl\u0259rind\u0259n s\u00f6z a\u00e7\u0131b.<\/p>\n<p>G\u00f6r\u00fc\u015f t\u0259\u015fkilat n\u00fcmay\u0259nd\u0259l\u0259ri t\u0259r\u0259find\u0259n veril\u0259n maraql\u0131 suallar\u0131n cavabland\u0131r\u0131lmas\u0131 v\u0259 m\u00fczakir\u0259l\u0259rl\u0259 yekunla\u015f\u0131b.<\/p>\n<p>&nbsp;<\/p>\n<div class=\"gallery\">\n<div class=\"gallery-i\"><img src=\"https:\/\/cdn.oxu.az\/uploads\/W1siZiIsIjIwMjIvMTIvMTIvMTgvNDAvNTgvZTAyM2IyMWYtYTliNS00NTkzLThiNTYtZjgzZGViMjI0YjJiLzMxODQ3MDcyN181NzAzNjA3MzAzMDUxMjkyXzU1NTI4OTE4MDU2NTE3MDY1NjNfbi5qcGciXSxbInAiLCJlbmNvZGUiLCJqcGciLCItcXVhbGl0eSA4MCJdLFsicCIsInRodW1iIiwiNTkweDU5MFx1MDAzZSJdXQ?sha=7621af4abfcd62e1\" alt=\"\" \/><\/p>\n<div class=\"gallery-i-caption\"><\/div>\n<\/div>\n<div class=\"gallery-i\"><img src=\"https:\/\/cdn.oxu.az\/uploads\/W1siZiIsIjIwMjIvMTIvMTIvMTgvNDAvNTgvYTU3N2YxNzYtZWFiZi00OWIwLThkNTItODUzOGRlMjM3OTVlLzMxODkyOTk0NV81MDYwNDAzMDgyNTUzMzRfMjgxMzc5MjQ3OTkzNDQyMDk4Nl9uLmpwZyJdLFsicCIsImVuY29kZSIsImpwZyIsIi1xdWFsaXR5IDgwIl0sWyJwIiwidGh1bWIiLCI1OTB4NTkwXHUwMDNlIl1d?sha=33c33ac9fbf86937\" alt=\"\" \/><\/p>\n<div class=\"gallery-i-caption\"><\/div>\n<\/div>\n<div class=\"gallery-i\"><img src=\"https:\/\/cdn.oxu.az\/uploads\/W1siZiIsIjIwMjIvMTIvMTIvMTgvNDAvNTgvYTJlMWMyNGItYWQyYy00M2UxLWIxM2QtMjgwZWU3ZDM3MzI2LzMxODIxNjM2OV8xNDQ4NzA0MjM5MzE1MTEyXzI4MzI2MDA1NTU2NTE4NjM2NjJfbi5qcGciXSxbInAiLCJlbmNvZGUiLCJqcGciLCItcXVhbGl0eSA4MCJdLFsicCIsInRodW1iIiwiNTkweDU5MFx1MDAzZSJdXQ?sha=fa87a624a557100e\" alt=\"\" \/><\/p>\n<div class=\"gallery-i-caption\"><\/div>\n<\/div>\n<div class=\"gallery-i\"><img src=\"https:\/\/cdn.oxu.az\/uploads\/W1siZiIsIjIwMjIvMTIvMTIvMTgvNDAvNTgvMWY2OWU4MWQtYWQwNy00MjkwLWI2YTAtN2VmMTc0ZTBmNDlkLzMxNzk1Njc3NV82NTgzMjQ0MzYwODc5NjBfNTcxMTEzNzQwNDYzMzg0MzM3N19uLmpwZyJdLFsicCIsImVuY29kZSIsImpwZyIsIi1xdWFsaXR5IDgwIl0sWyJwIiwidGh1bWIiLCI1OTB4NTkwXHUwMDNlIl1d?sha=70a2fc1f8186012e\" alt=\"\" \/><\/p>\n<div class=\"gallery-i-caption\"><\/div>\n<\/div>\n<div class=\"gallery-i\"><img src=\"https:\/\/cdn.oxu.az\/uploads\/W1siZiIsIjIwMjIvMTIvMTIvMTgvNDAvNTgvMjdjMmU2ZWMtMzIwYy00OWFhLWFiMzUtYzVjMzNmMTJmMWExLzMxNzQ0ODAxOV8zMzE4NjA3NTc1MDI4MjI1XzIxNzc1NDEyODg5MTU3NzQzMDNfbi5qcGciXSxbInAiLCJlbmNvZGUiLCJqcGciLCItcXVhbGl0eSA4MCJdLFsicCIsInRodW1iIiwiNTkweDU5MFx1MDAzZSJdXQ?sha=b12eeb76fbbbfa35\" alt=\"\" \/><\/div>\n<\/div>\n","protected":false},"excerpt":{"rendered":"<p>Az\u0259rbaycan Respublikas\u0131 G\u0259ncl\u0259r T\u0259\u015fkilatlar\u0131 Milli \u015euras\u0131n\u0131n t\u0259\u015fkilat\u00e7\u0131l\u0131\u011f\u0131 il\u0259 12 dekabr tarixind\u0259\u00a0g\u0259ncl\u0259r t\u0259\u015fkilatlar\u0131n\u0131n r\u0259hb\u0259r v\u0259 n\u00fcmay\u0259nd\u0259l\u0259ri \u00dcmummilli Lider Heyd\u0259r \u018fliyevin an\u0131m g\u00fcn\u00fc il\u0259 ba\u011fl\u0131 olaraq F\u0259xri Xiyabanda Ulu \u00f6nd\u0259rin m\u0259zar\u0131n\u0131 ziyar\u0259t edib, xatir\u0259sini d\u0259rin ehtiramla yad edibl\u0259r. ARANTV.AZ \u00a0x\u0259b\u0259r verir ki, daha sonra g\u0259ncl\u0259r t\u0259\u015fkilatlar\u0131n\u0131n \u201cSa\u011flam d\u00fc\u015f\u00fcnc\u0259li g\u0259ncliyin formala\u015fmas\u0131nda Ulu \u00f6nd\u0259r Heyd\u0259r \u018fliyevin misilsiz f\u0259aliyy\u0259tl\u0259ri v\u0259 irsinin t\u0259bli\u011fi\u201d m\u00f6vzusunda g\u00f6r\u00fc\u015f ke\u00e7irilib. Yeni Az\u0259rbaycan Partiyas\u0131n\u0131n \u0130dar\u0259 Hey\u0259tinin \u00fczv\u00fc Vazeh \u018fsg\u0259rov il\u0259 ke\u00e7iril\u0259n g\u00f6r\u00fc\u015fd\u0259 a\u00e7\u0131l\u0131\u015f nitqi il\u0259 \u00e7\u0131x\u0131\u015f ed\u0259n NAYORA-n\u0131n s\u0259dri Az\u0259r \u018fliyev \u00f6lk\u0259nin m\u00fcst\u0259qil, h\u0259rt\u0259r\u0259fli, dayan\u0131ql\u0131 v\u0259 dinamik inki\u015faf\u0131nda Heyd\u0259r \u018fliyevin \u00e7ox\u015fax\u0259li&hellip;<\/p>\n","protected":false},"author":2,"featured_media":544683,"comment_status":"closed","ping_status":"closed","sticky":false,"template":"","format":"standard","meta":{"om_disable_all_campaigns":false,"_monsterinsights_skip_tracking":false,"_monsterinsights_sitenote_active":false,"_monsterinsights_sitenote_note":"","_monsterinsights_sitenote_category":0},"categories":[4],"tags":[],"aioseo_notices":[],"gutentor_comment":0,"rttpg_featured_image_url":{"full":["https:\/\/arantv.az\/wp-content\/uploads\/2022\/12\/FotoJet-2022-12-12T184009.613.jpg",620,413,false],"landscape":["https:\/\/arantv.az\/wp-content\/uploads\/2022\/12\/FotoJet-2022-12-12T184009.613.jpg",620,413,false],"portraits":["https:\/\/arantv.az\/wp-content\/uploads\/2022\/12\/FotoJet-2022-12-12T184009.613.jpg",620,413,false],"thumbnail":["https:\/\/arantv.az\/wp-content\/uploads\/2022\/12\/FotoJet-2022-12-12T184009.613-500x280.jpg",500,280,true],"medium":["https:\/\/arantv.az\/wp-content\/uploads\/2022\/12\/FotoJet-2022-12-12T184009.613-548x365.jpg",548,365,true],"large":["https:\/\/arantv.az\/wp-content\/uploads\/2022\/12\/FotoJet-2022-12-12T184009.613.jpg",620,413,false],"1536x1536":["https:\/\/arantv.az\/wp-content\/uploads\/2022\/12\/FotoJet-2022-12-12T184009.613.jpg",620,413,false],"2048x2048":["https:\/\/arantv.az\/wp-content\/uploads\/2022\/12\/FotoJet-2022-12-12T184009.613.jpg",620,413,false],"post-thumbnail":["https:\/\/arantv.az\/wp-content\/uploads\/2022\/12\/FotoJet-2022-12-12T184009.613-240x172.jpg",240,172,true],"advps-thumb-one":["https:\/\/arantv.az\/wp-content\/uploads\/2022\/12\/FotoJet-2022-12-12T184009.613.jpg",620,413,false]},"rttpg_author":{"display_name":"V\u00fcsal Rafiqo\u011flu","author_link":"https:\/\/arantv.az\/?author=2"},"rttpg_comment":0,"rttpg_category":"<a href=\"https:\/\/arantv.az\/?cat=4\" rel=\"category\">Siyas\u0259t<\/a>","rttpg_excerpt":"Az\u0259rbaycan Respublikas\u0131 G\u0259ncl\u0259r T\u0259\u015fkilatlar\u0131 Milli \u015euras\u0131n\u0131n t\u0259\u015fkilat\u00e7\u0131l\u0131\u011f\u0131 il\u0259 12 dekabr tarixind\u0259\u00a0g\u0259ncl\u0259r t\u0259\u015fkilatlar\u0131n\u0131n r\u0259hb\u0259r v\u0259 n\u00fcmay\u0259nd\u0259l\u0259ri \u00dcmummilli Lider Heyd\u0259r \u018fliyevin an\u0131m g\u00fcn\u00fc il\u0259 ba\u011fl\u0131 olaraq F\u0259xri Xiyabanda Ulu \u00f6nd\u0259rin m\u0259zar\u0131n\u0131 ziyar\u0259t edib, xatir\u0259sini d\u0259rin ehtiramla yad edibl\u0259r. ARANTV.AZ \u00a0x\u0259b\u0259r verir ki, daha sonra g\u0259ncl\u0259r t\u0259\u015fkilatlar\u0131n\u0131n \u201cSa\u011flam d\u00fc\u015f\u00fcnc\u0259li g\u0259ncliyin formala\u015fmas\u0131nda Ulu \u00f6nd\u0259r Heyd\u0259r \u018fliyevin misilsiz f\u0259aliyy\u0259tl\u0259ri v\u0259&hellip;","_links":{"self":[{"href":"https:\/\/arantv.az\/index.php?rest_route=\/wp\/v2\/posts\/544682"}],"collection":[{"href":"https:\/\/arantv.az\/index.php?rest_route=\/wp\/v2\/posts"}],"about":[{"href":"https:\/\/arantv.az\/index.php?rest_route=\/wp\/v2\/types\/post"}],"author":[{"embeddable":true,"href":"https:\/\/arantv.az\/index.php?rest_route=\/wp\/v2\/users\/2"}],"replies":[{"embeddable":true,"href":"https:\/\/arantv.az\/index.php?rest_route=%2Fwp%2Fv2%2Fcomments&post=544682"}],"version-history":[{"count":0,"href":"https:\/\/arantv.az\/index.php?rest_route=\/wp\/v2\/posts\/544682\/revisions"}],"wp:featuredmedia":[{"embeddable":true,"href":"https:\/\/arantv.az\/index.php?rest_route=\/wp\/v2\/media\/544683"}],"wp:attachment":[{"href":"https:\/\/arantv.az\/index.php?rest_route=%2Fwp%2Fv2%2Fmedia&parent=544682"}],"wp:term":[{"taxonomy":"category","embeddable":true,"href":"https:\/\/arantv.az\/index.php?rest_route=%2Fwp%2Fv2%2Fcategories&post=544682"},{"taxonomy":"post_tag","embeddable":true,"href":"https:\/\/arantv.az\/index.php?rest_route=%2Fwp%2Fv2%2Ftags&post=544682"}],"curies":[{"name":"wp","href":"https:\/\/api.w.org\/{rel}","templated":true}]}}