{"id":544686,"date":"2022-12-12T18:32:14","date_gmt":"2022-12-12T15:32:14","guid":{"rendered":"https:\/\/arantv.az\/?p=544686"},"modified":"2022-12-12T18:32:14","modified_gmt":"2022-12-12T15:32:14","slug":"general-mayor-elbrus-orucov-n%c9%99cm%c9%99ddin-sadikov-satqindir-video","status":"publish","type":"post","link":"https:\/\/arantv.az\/?p=544686","title":{"rendered":"General-mayor Elbrus Orucov: \u201cN\u0259cm\u0259ddin Sad\u0131kov satq\u0131nd\u0131r\u201d &#8211; V\u0130DEO"},"content":{"rendered":"<article class=\"news\">\n<div class=\"news-inner\">\n<p>Az\u0259rbaycan m\u00fcdafi\u0259 nazirinin sabiq m\u00fcavini, M\u00fcdafi\u0259 Nazirliyinin Ba\u015f \u018fm\u0259liyyat \u0130dar\u0259sinin sabiq r\u0259isi, general-mayor Elbrus Orucov az\u0259rbaycanl\u0131 jurnalist Eynulla F\u0259tullayev\u0259 m\u00fcsahib\u0259 verib.<\/p>\n<p>Rusiyan\u0131n Ba\u015f K\u0259\u015ffiyyat \u0130dar\u0259si \u00f6z agentl\u0259rini Az\u0259rbaycan M\u00fcdafi\u0259 Nazirliyinin r\u0259hb\u0259rliyin\u0259 daxil ed\u0259 bildimi? Generallar N\u0259cm\u0259ddin Sad\u0131kov, \u015eahin Musayev v\u0259 el\u0259 Elbrus Orucovun \u00f6z\u00fc\u00a0niy\u0259 Rusiya k\u0259\u015ffiyyat\u0131 il\u0259 \u0259laq\u0259d\u0259 ittiham olunublar? Ba\u015f Q\u0259rargah r\u0259isi N\u0259cm\u0259ddin Sad\u0131kovla m\u00fcdafi\u0259 naziri S\u0259f\u0259r \u018fbiyev aras\u0131nda maraq m\u00fcharib\u0259si hans\u0131 s\u0259b\u0259bd\u0259n ba\u015f verdi? T\u00fcrkiy\u0259li t\u0259limat\u00e7\u0131lar\u0131\u00a0Az\u0259rbaycan Ordusundan kim \u00e7\u0131xar\u0131b? B\u0259s Erm\u0259nistan\u0131n\u00a0h\u0259rbi r\u0259hb\u0259rl\u0259ri Az\u0259rbaycan M\u00fcdafi\u0259 Nazirliyinin h\u0259rbi x\u0259rit\u0259l\u0259rini nec\u0259 \u0259ld\u0259 edibl\u0259r?<\/p>\n<p>\u018ftrafl\u0131 s\u00fcjetd\u0259:<\/p>\n<div><iframe loading=\"lazy\" title=\"YouTube video player\" src=\"https:\/\/www.youtube.com\/embed\/DuoWdBjM67c\" width=\"560\" height=\"315\" frameborder=\"0\" allowfullscreen=\"allowfullscreen\" data-mce-fragment=\"1\"><\/iframe><\/div>\n<\/div>\n<\/article>\n","protected":false},"excerpt":{"rendered":"<p>Az\u0259rbaycan m\u00fcdafi\u0259 nazirinin sabiq m\u00fcavini, M\u00fcdafi\u0259 Nazirliyinin Ba\u015f \u018fm\u0259liyyat \u0130dar\u0259sinin sabiq r\u0259isi, general-mayor Elbrus Orucov az\u0259rbaycanl\u0131 jurnalist Eynulla F\u0259tullayev\u0259 m\u00fcsahib\u0259 verib. Rusiyan\u0131n Ba\u015f K\u0259\u015ffiyyat \u0130dar\u0259si \u00f6z agentl\u0259rini Az\u0259rbaycan M\u00fcdafi\u0259 Nazirliyinin r\u0259hb\u0259rliyin\u0259 daxil ed\u0259 bildimi? Generallar N\u0259cm\u0259ddin Sad\u0131kov, \u015eahin Musayev v\u0259 el\u0259 Elbrus Orucovun \u00f6z\u00fc\u00a0niy\u0259 Rusiya k\u0259\u015ffiyyat\u0131 il\u0259 \u0259laq\u0259d\u0259 ittiham olunublar? Ba\u015f Q\u0259rargah r\u0259isi N\u0259cm\u0259ddin Sad\u0131kovla m\u00fcdafi\u0259 naziri S\u0259f\u0259r \u018fbiyev aras\u0131nda maraq m\u00fcharib\u0259si hans\u0131 s\u0259b\u0259bd\u0259n ba\u015f verdi? T\u00fcrkiy\u0259li t\u0259limat\u00e7\u0131lar\u0131\u00a0Az\u0259rbaycan Ordusundan kim \u00e7\u0131xar\u0131b? B\u0259s Erm\u0259nistan\u0131n\u00a0h\u0259rbi r\u0259hb\u0259rl\u0259ri Az\u0259rbaycan M\u00fcdafi\u0259 Nazirliyinin h\u0259rbi x\u0259rit\u0259l\u0259rini nec\u0259 \u0259ld\u0259 edibl\u0259r? \u018ftrafl\u0131 s\u00fcjetd\u0259:<\/p>\n","protected":false},"author":2,"featured_media":544687,"comment_status":"closed","ping_status":"closed","sticky":false,"template":"","format":"standard","meta":{"om_disable_all_campaigns":false,"_monsterinsights_skip_tracking":false,"_monsterinsights_sitenote_active":false,"_monsterinsights_sitenote_note":"","_monsterinsights_sitenote_category":0},"categories":[1],"tags":[],"aioseo_notices":[],"gutentor_comment":0,"rttpg_featured_image_url":{"full":["https:\/\/arantv.az\/wp-content\/uploads\/2022\/12\/page-5.jpg",620,413,false],"landscape":["https:\/\/arantv.az\/wp-content\/uploads\/2022\/12\/page-5.jpg",620,413,false],"portraits":["https:\/\/arantv.az\/wp-content\/uploads\/2022\/12\/page-5.jpg",620,413,false],"thumbnail":["https:\/\/arantv.az\/wp-content\/uploads\/2022\/12\/page-5-500x280.jpg",500,280,true],"medium":["https:\/\/arantv.az\/wp-content\/uploads\/2022\/12\/page-5-548x365.jpg",548,365,true],"large":["https:\/\/arantv.az\/wp-content\/uploads\/2022\/12\/page-5.jpg",620,413,false],"1536x1536":["https:\/\/arantv.az\/wp-content\/uploads\/2022\/12\/page-5.jpg",620,413,false],"2048x2048":["https:\/\/arantv.az\/wp-content\/uploads\/2022\/12\/page-5.jpg",620,413,false],"post-thumbnail":["https:\/\/arantv.az\/wp-content\/uploads\/2022\/12\/page-5-240x172.jpg",240,172,true],"advps-thumb-one":["https:\/\/arantv.az\/wp-content\/uploads\/2022\/12\/page-5.jpg",620,413,false]},"rttpg_author":{"display_name":"V\u00fcsal Rafiqo\u011flu","author_link":"https:\/\/arantv.az\/?author=2"},"rttpg_comment":0,"rttpg_category":"<a href=\"https:\/\/arantv.az\/?cat=1\" rel=\"category\">C\u0259miyy\u0259t<\/a>","rttpg_excerpt":"Az\u0259rbaycan m\u00fcdafi\u0259 nazirinin sabiq m\u00fcavini, M\u00fcdafi\u0259 Nazirliyinin Ba\u015f \u018fm\u0259liyyat \u0130dar\u0259sinin sabiq r\u0259isi, general-mayor Elbrus Orucov az\u0259rbaycanl\u0131 jurnalist Eynulla F\u0259tullayev\u0259 m\u00fcsahib\u0259 verib. Rusiyan\u0131n Ba\u015f K\u0259\u015ffiyyat \u0130dar\u0259si \u00f6z agentl\u0259rini Az\u0259rbaycan M\u00fcdafi\u0259 Nazirliyinin r\u0259hb\u0259rliyin\u0259 daxil ed\u0259 bildimi? Generallar N\u0259cm\u0259ddin Sad\u0131kov, \u015eahin Musayev v\u0259 el\u0259 Elbrus Orucovun \u00f6z\u00fc\u00a0niy\u0259 Rusiya k\u0259\u015ffiyyat\u0131 il\u0259 \u0259laq\u0259d\u0259 ittiham olunublar? Ba\u015f Q\u0259rargah r\u0259isi N\u0259cm\u0259ddin Sad\u0131kovla&hellip;","_links":{"self":[{"href":"https:\/\/arantv.az\/index.php?rest_route=\/wp\/v2\/posts\/544686"}],"collection":[{"href":"https:\/\/arantv.az\/index.php?rest_route=\/wp\/v2\/posts"}],"about":[{"href":"https:\/\/arantv.az\/index.php?rest_route=\/wp\/v2\/types\/post"}],"author":[{"embeddable":true,"href":"https:\/\/arantv.az\/index.php?rest_route=\/wp\/v2\/users\/2"}],"replies":[{"embeddable":true,"href":"https:\/\/arantv.az\/index.php?rest_route=%2Fwp%2Fv2%2Fcomments&post=544686"}],"version-history":[{"count":0,"href":"https:\/\/arantv.az\/index.php?rest_route=\/wp\/v2\/posts\/544686\/revisions"}],"wp:featuredmedia":[{"embeddable":true,"href":"https:\/\/arantv.az\/index.php?rest_route=\/wp\/v2\/media\/544687"}],"wp:attachment":[{"href":"https:\/\/arantv.az\/index.php?rest_route=%2Fwp%2Fv2%2Fmedia&parent=544686"}],"wp:term":[{"taxonomy":"category","embeddable":true,"href":"https:\/\/arantv.az\/index.php?rest_route=%2Fwp%2Fv2%2Fcategories&post=544686"},{"taxonomy":"post_tag","embeddable":true,"href":"https:\/\/arantv.az\/index.php?rest_route=%2Fwp%2Fv2%2Ftags&post=544686"}],"curies":[{"name":"wp","href":"https:\/\/api.w.org\/{rel}","templated":true}]}}