{"id":544695,"date":"2022-12-12T19:16:09","date_gmt":"2022-12-12T16:16:09","guid":{"rendered":"https:\/\/arantv.az\/?p=544695"},"modified":"2022-12-12T19:16:09","modified_gmt":"2022-12-12T16:16:09","slug":"iqtisadiyyat-nazirliyind%c9%99-heyd%c9%99r-%c9%99liyevin-anim-gunu-il%c9%99-bagli-t%c9%99dbirl%c9%99r-kecirilib-foto","status":"publish","type":"post","link":"https:\/\/arantv.az\/?p=544695","title":{"rendered":"\u0130qtisadiyyat Nazirliyind\u0259 Heyd\u0259r \u018fliyevin an\u0131m g\u00fcn\u00fc il\u0259 ba\u011fl\u0131 t\u0259dbirl\u0259r ke\u00e7irilib &#8211; FOTO"},"content":{"rendered":"<p>\u0130qtisadiyyat Nazirliyind\u0259, el\u0259c\u0259 d\u0259 strukturuna daxil olan v\u0259 tabeliyind\u0259ki qurumlarda Ulu \u00d6nd\u0259r Heyd\u0259r \u018fliyevin an\u0131m g\u00fcn\u00fc il\u0259 ba\u011fl\u0131 t\u0259dbirl\u0259r ke\u00e7irilib.<\/p>\n<p>Nazirlikd\u0259n veril\u0259n m\u0259lumata g\u00f6r\u0259, nazirliyin kollektivi F\u0259xri Xiyabanda olub, \u00fcmummilli liderin abid\u0259si \u00f6n\u00fcn\u0259 g\u00fcl d\u0259st\u0259l\u0259ri qoyub.<\/p>\n<div class=\"AdviadNativeVideo\"><\/div>\n<p>Nazirliyin \u0259m\u0259kda\u015flar\u0131, h\u0259m\u00e7inin Heyd\u0259r \u018fliyev M\u0259rk\u0259zind\u0259 Ulu \u00d6nd\u0259rin \u015f\u0259r\u0259fli \u00f6m\u00fcr yolunu, \u00f6lk\u0259mizin t\u0259r\u0259qqisi \u00fc\u00e7\u00fcn misilsiz xidm\u0259tl\u0259rini \u0259ks etdir\u0259n eksponatlar, foto\u015f\u0259kill\u0259r v\u0259 kitablarla tan\u0131\u015f olublar.<\/p>\n<p>\u0130qtisadiyyat Nazirliyind\u0259 t\u0259\u015fkil olunan an\u0131m t\u0259dbiri is\u0259 Heyd\u0259r \u018fliyevin \u0259ziz xatir\u0259sinin bir d\u0259qiq\u0259lik s\u00fckutla yad edilm\u0259si il\u0259 ba\u015flay\u0131b.<\/p>\n<p>T\u0259dbird\u0259 \u00fcmummilli liderin h\u0259yat v\u0259 f\u0259aliyy\u0259tind\u0259n b\u0259hs ed\u0259n video\u00e7arx, Bak\u0131 Kamera Orkestri t\u0259r\u0259find\u0259n haz\u0131rlanan b\u0259dii kompozisiya n\u00fcmayi\u015f olunub.<\/p>\n<p>&nbsp;<\/p>\n<div class=\"gallery\">\n<div class=\"gallery-i\"><img src=\"https:\/\/cdn.oxu.az\/uploads\/W1siZiIsIjIwMjIvMTIvMTIvMjAvMDMvNDIvZjY1OGYwNjMtNTgwYi00MDhhLWExNzYtOWQyZTBkZTUzNTlkL0tHWkttNTI3ZFFsNWFTbzllNzVrTjNyTU5vc2c3eWxSc1dLVVNZVWkuanBnIl0sWyJwIiwiZW5jb2RlIiwianBnIiwiLXF1YWxpdHkgODAiXSxbInAiLCJ0aHVtYiIsIjU5MHg1OTBcdTAwM2UiXV0?sha=4f5f6ae822ab5b2d\" \/><\/p>\n<div class=\"gallery-i-caption\"><\/div>\n<\/div>\n<div class=\"gallery-i\"><img src=\"https:\/\/cdn.oxu.az\/uploads\/W1siZiIsIjIwMjIvMTIvMTIvMjAvMDMvNDIvZTBiMWM0NzAtNzk1Ny00ZTExLThhOGEtZDc5ZTM3NDRjYjc2L0V2NFBieUltYmlDeTNpc1FtZWFQczZXV3BhZFRFWWhMS21lRnV0VkouanBnIl0sWyJwIiwiZW5jb2RlIiwianBnIiwiLXF1YWxpdHkgODAiXSxbInAiLCJ0aHVtYiIsIjU5MHg1OTBcdTAwM2UiXV0?sha=c1ffd161ffa08c37\" \/><\/p>\n<div class=\"gallery-i-caption\"><\/div>\n<\/div>\n<div class=\"gallery-i\"><img src=\"https:\/\/cdn.oxu.az\/uploads\/W1siZiIsIjIwMjIvMTIvMTIvMjAvMDMvNDIvYjVlMzExYmEtZTA2ZC00ZGM2LWFmZDAtMDdhZDhlOTZjNjZjL3U0aUNPaFZZNHdEYVBFeTlaR2ZQbWdhRHE4V0RzVlNtSExyb0E4RXAuanBnIl0sWyJwIiwiZW5jb2RlIiwianBnIiwiLXF1YWxpdHkgODAiXSxbInAiLCJ0aHVtYiIsIjU5MHg1OTBcdTAwM2UiXV0?sha=0f3caad8978fe175\" \/><\/p>\n<div class=\"gallery-i-caption\"><\/div>\n<\/div>\n<div class=\"gallery-i\"><img src=\"https:\/\/cdn.oxu.az\/uploads\/W1siZiIsIjIwMjIvMTIvMTIvMjAvMDMvNDIvYWNiOWY3NmEtZWNjMi00ZGQyLTk0ZGEtNmIwNjE1Y2ZmNWZmLzgxbGY3dUN4OUJ6eWVYUXIzN3RIMk1GbnEwcll6VThaQW9LRmR2ZGQuanBnIl0sWyJwIiwiZW5jb2RlIiwianBnIiwiLXF1YWxpdHkgODAiXSxbInAiLCJ0aHVtYiIsIjU5MHg1OTBcdTAwM2UiXV0?sha=4f1bbd08079334df\" \/><\/p>\n<div class=\"gallery-i-caption\"><\/div>\n<\/div>\n<div class=\"gallery-i\"><img src=\"https:\/\/cdn.oxu.az\/uploads\/W1siZiIsIjIwMjIvMTIvMTIvMjAvMDMvNDIvYjJhNmU3MDMtNTY0Zi00MGM1LWJhMWItYjBlMzE0NWMxOTc4L1NJd2kwTUNoM1piMFNKckxOTmRmamxyTU81bGNFaU1JUzhXbWQ1V3MuanBnIl0sWyJwIiwiZW5jb2RlIiwianBnIiwiLXF1YWxpdHkgODAiXSxbInAiLCJ0aHVtYiIsIjU5MHg1OTBcdTAwM2UiXV0?sha=dfb1b4eac4afaa38\" \/><\/p>\n<div class=\"gallery-i-caption\"><\/div>\n<\/div>\n<div class=\"gallery-i\"><img src=\"https:\/\/cdn.oxu.az\/uploads\/W1siZiIsIjIwMjIvMTIvMTIvMjAvMDMvNDMvOWQ2OWE2ZDctMTJhNy00ZTViLWEzNTEtMjZjYWMxMGZkYWI1L0o2aVpYVzh1dWxLeUlnZG5DZkpIV1FwMGNFc3NNbUVCZG1JQ0NNcWcuanBnIl0sWyJwIiwiZW5jb2RlIiwianBnIiwiLXF1YWxpdHkgODAiXSxbInAiLCJ0aHVtYiIsIjU5MHg1OTBcdTAwM2UiXV0?sha=2feda2ef33f215c8\" \/><\/p>\n<div class=\"gallery-i-caption\"><\/div>\n<\/div>\n<div class=\"gallery-i\"><img src=\"https:\/\/cdn.oxu.az\/uploads\/W1siZiIsIjIwMjIvMTIvMTIvMjAvMDMvNDMvNzVjZDA3MzQtYThmYi00NjI4LTkxOGMtNzUwYTAwZjIyOGJmL1pPYVptRWg5VjFDWVZ6YUsxbTM0UFBmVUNGZmRlVURYUzZWMEx5Q00uanBnIl0sWyJwIiwiZW5jb2RlIiwianBnIiwiLXF1YWxpdHkgODAiXSxbInAiLCJ0aHVtYiIsIjU5MHg1OTBcdTAwM2UiXV0?sha=8a01d348d0eff4d2\" \/><\/div>\n<\/div>\n","protected":false},"excerpt":{"rendered":"<p>\u0130qtisadiyyat Nazirliyind\u0259, el\u0259c\u0259 d\u0259 strukturuna daxil olan v\u0259 tabeliyind\u0259ki qurumlarda Ulu \u00d6nd\u0259r Heyd\u0259r \u018fliyevin an\u0131m g\u00fcn\u00fc il\u0259 ba\u011fl\u0131 t\u0259dbirl\u0259r ke\u00e7irilib. Nazirlikd\u0259n veril\u0259n m\u0259lumata g\u00f6r\u0259, nazirliyin kollektivi F\u0259xri Xiyabanda olub, \u00fcmummilli liderin abid\u0259si \u00f6n\u00fcn\u0259 g\u00fcl d\u0259st\u0259l\u0259ri qoyub. Nazirliyin \u0259m\u0259kda\u015flar\u0131, h\u0259m\u00e7inin Heyd\u0259r \u018fliyev M\u0259rk\u0259zind\u0259 Ulu \u00d6nd\u0259rin \u015f\u0259r\u0259fli \u00f6m\u00fcr yolunu, \u00f6lk\u0259mizin t\u0259r\u0259qqisi \u00fc\u00e7\u00fcn misilsiz xidm\u0259tl\u0259rini \u0259ks etdir\u0259n eksponatlar, foto\u015f\u0259kill\u0259r v\u0259 kitablarla tan\u0131\u015f olublar. \u0130qtisadiyyat Nazirliyind\u0259 t\u0259\u015fkil olunan an\u0131m t\u0259dbiri is\u0259 Heyd\u0259r \u018fliyevin \u0259ziz xatir\u0259sinin bir d\u0259qiq\u0259lik s\u00fckutla yad edilm\u0259si il\u0259 ba\u015flay\u0131b. T\u0259dbird\u0259 \u00fcmummilli liderin h\u0259yat v\u0259 f\u0259aliyy\u0259tind\u0259n b\u0259hs ed\u0259n video\u00e7arx, Bak\u0131 Kamera Orkestri&hellip;<\/p>\n","protected":false},"author":2,"featured_media":544696,"comment_status":"closed","ping_status":"closed","sticky":false,"template":"","format":"standard","meta":{"om_disable_all_campaigns":false,"_monsterinsights_skip_tracking":false,"_monsterinsights_sitenote_active":false,"_monsterinsights_sitenote_note":"","_monsterinsights_sitenote_category":0},"categories":[4],"tags":[],"aioseo_notices":[],"gutentor_comment":0,"rttpg_featured_image_url":{"full":["https:\/\/arantv.az\/wp-content\/uploads\/2022\/12\/FotoJet-2022-12-12T200017.663.jpg",620,413,false],"landscape":["https:\/\/arantv.az\/wp-content\/uploads\/2022\/12\/FotoJet-2022-12-12T200017.663.jpg",620,413,false],"portraits":["https:\/\/arantv.az\/wp-content\/uploads\/2022\/12\/FotoJet-2022-12-12T200017.663.jpg",620,413,false],"thumbnail":["https:\/\/arantv.az\/wp-content\/uploads\/2022\/12\/FotoJet-2022-12-12T200017.663-500x280.jpg",500,280,true],"medium":["https:\/\/arantv.az\/wp-content\/uploads\/2022\/12\/FotoJet-2022-12-12T200017.663-548x365.jpg",548,365,true],"large":["https:\/\/arantv.az\/wp-content\/uploads\/2022\/12\/FotoJet-2022-12-12T200017.663.jpg",620,413,false],"1536x1536":["https:\/\/arantv.az\/wp-content\/uploads\/2022\/12\/FotoJet-2022-12-12T200017.663.jpg",620,413,false],"2048x2048":["https:\/\/arantv.az\/wp-content\/uploads\/2022\/12\/FotoJet-2022-12-12T200017.663.jpg",620,413,false],"post-thumbnail":["https:\/\/arantv.az\/wp-content\/uploads\/2022\/12\/FotoJet-2022-12-12T200017.663-240x172.jpg",240,172,true],"advps-thumb-one":["https:\/\/arantv.az\/wp-content\/uploads\/2022\/12\/FotoJet-2022-12-12T200017.663.jpg",620,413,false]},"rttpg_author":{"display_name":"V\u00fcsal Rafiqo\u011flu","author_link":"https:\/\/arantv.az\/?author=2"},"rttpg_comment":0,"rttpg_category":"<a href=\"https:\/\/arantv.az\/?cat=4\" rel=\"category\">Siyas\u0259t<\/a>","rttpg_excerpt":"\u0130qtisadiyyat Nazirliyind\u0259, el\u0259c\u0259 d\u0259 strukturuna daxil olan v\u0259 tabeliyind\u0259ki qurumlarda Ulu \u00d6nd\u0259r Heyd\u0259r \u018fliyevin an\u0131m g\u00fcn\u00fc il\u0259 ba\u011fl\u0131 t\u0259dbirl\u0259r ke\u00e7irilib. Nazirlikd\u0259n veril\u0259n m\u0259lumata g\u00f6r\u0259, nazirliyin kollektivi F\u0259xri Xiyabanda olub, \u00fcmummilli liderin abid\u0259si \u00f6n\u00fcn\u0259 g\u00fcl d\u0259st\u0259l\u0259ri qoyub. Nazirliyin \u0259m\u0259kda\u015flar\u0131, h\u0259m\u00e7inin Heyd\u0259r \u018fliyev M\u0259rk\u0259zind\u0259 Ulu \u00d6nd\u0259rin \u015f\u0259r\u0259fli \u00f6m\u00fcr yolunu, \u00f6lk\u0259mizin t\u0259r\u0259qqisi \u00fc\u00e7\u00fcn misilsiz xidm\u0259tl\u0259rini \u0259ks etdir\u0259n eksponatlar,&hellip;","_links":{"self":[{"href":"https:\/\/arantv.az\/index.php?rest_route=\/wp\/v2\/posts\/544695"}],"collection":[{"href":"https:\/\/arantv.az\/index.php?rest_route=\/wp\/v2\/posts"}],"about":[{"href":"https:\/\/arantv.az\/index.php?rest_route=\/wp\/v2\/types\/post"}],"author":[{"embeddable":true,"href":"https:\/\/arantv.az\/index.php?rest_route=\/wp\/v2\/users\/2"}],"replies":[{"embeddable":true,"href":"https:\/\/arantv.az\/index.php?rest_route=%2Fwp%2Fv2%2Fcomments&post=544695"}],"version-history":[{"count":0,"href":"https:\/\/arantv.az\/index.php?rest_route=\/wp\/v2\/posts\/544695\/revisions"}],"wp:featuredmedia":[{"embeddable":true,"href":"https:\/\/arantv.az\/index.php?rest_route=\/wp\/v2\/media\/544696"}],"wp:attachment":[{"href":"https:\/\/arantv.az\/index.php?rest_route=%2Fwp%2Fv2%2Fmedia&parent=544695"}],"wp:term":[{"taxonomy":"category","embeddable":true,"href":"https:\/\/arantv.az\/index.php?rest_route=%2Fwp%2Fv2%2Fcategories&post=544695"},{"taxonomy":"post_tag","embeddable":true,"href":"https:\/\/arantv.az\/index.php?rest_route=%2Fwp%2Fv2%2Ftags&post=544695"}],"curies":[{"name":"wp","href":"https:\/\/api.w.org\/{rel}","templated":true}]}}