{"id":544752,"date":"2022-12-13T07:17:48","date_gmt":"2022-12-13T04:17:48","guid":{"rendered":"https:\/\/arantv.az\/?p=544752"},"modified":"2022-12-13T07:17:48","modified_gmt":"2022-12-13T04:17:48","slug":"bu-ada-d%c9%99niz-quldurlarina-m%c9%99xsusdur","status":"publish","type":"post","link":"https:\/\/arantv.az\/?p=544752","title":{"rendered":"Bu ada d\u0259niz quldurlar\u0131na m\u0259xsusdur&#8230;"},"content":{"rendered":"<p>D\u00fcnyada\u00a0 \u0259n az \u0259halisi olan \u00f6lk\u0259l\u0259r d\u0259 m\u00f6vcuddur. Onlar\u0131 tan\u0131maq sizl\u0259r\u0259 d\u0259 maraql\u0131 olacaq.<\/p>\n<p><strong>Nauru<\/strong><\/p>\n<p>Avstraliyan\u0131n \u015fimal-\u015f\u0259rqind\u0259 yerl\u0259\u015f\u0259n bu \u00a0\u00f6lk\u0259nin 11 min \u0259halisi var. Bu \u00f6lk\u0259nin \u00a0bir \u00e7ox g\u00f6z\u0259l m\u0259kanlar\u0131 olsa da, oran\u0131n \u00a0turistik yer oldu\u011funu s\u00f6yl\u0259m\u0259k \u00e7ox da do\u011fru olmaz. \u00c7\u00fcnki \u00f6lk\u0259d\u0259 ciddi \u00a0n\u0259qliyyat problemi m\u00f6vcuddur.<\/p>\n<p><strong>Montserrat<\/strong><\/p>\n<p>\u201cDik da\u011f\u201d kimi t\u0259rc\u00fcm\u0259 olunan vulkanlar \u00f6lk\u0259si\u00a0 Monserrat\u0131n \u0259halisinin say\u0131 5000-6000 aras\u0131nda d\u0259yi\u015fir. \u018fhalisinin say\u0131n\u0131n tez-tez d\u0259yi\u015fm\u0259si m\u0259hz bu s\u0259b\u0259bd\u0259ndir. Qeyd ed\u0259k ki, bu torpaqlar\u0131 1792-ci ild\u0259 m\u0259\u015fhur s\u0259yyah Xristofor Kolumb k\u0259\u015ff edib.<\/p>\n<p><strong>M\u00fcq\u0259dd\u0259s Yelena<\/strong><\/p>\n<p>Atlantik okean\u0131n c\u0259nubunda yerl\u0259\u015f\u0259n bu vulkanik d\u00f6\u015f\u0259m\u0259li ada B\u00f6y\u00fck Britaniyan\u0131n n\u0259zar\u0259tind\u0259dir. \u0130lk d\u0259f\u0259 1502-ci ild\u0259 d\u0259niz\u00e7il\u0259r t\u0259r\u0259find\u0259n k\u0259\u015ff edil\u0259nd\u0259 M\u00fcq\u0259dd\u0259s Yelenada h\u0259yat \u0259lam\u0259tl\u0259ri olmasa da, 2008-ci ilin say\u0131mlar\u0131na g\u00f6r\u0259 \u00f6lk\u0259d\u0259 7543 n\u0259f\u0259r ya\u015fay\u0131r. \u018fsrl\u0259r boyunca d\u0259niz\u00e7il\u0259r\u0259 b\u00f6y\u00fck k\u00f6m\u0259k\u00e7i olan bu adaya \u00a0s\u00fcrg\u00fcn olanlar g\u00f6nd\u0259rilib. Adaya s\u00fcrg\u00fcn edil\u0259nl\u0259rd\u0259n \u00a0biri d\u0259 \u00a0Napaleon Bonapart olub.<\/p>\n<p><strong>Folkl\u0259nd adalar\u0131<\/strong><\/p>\n<p>Bu adalar\u00a0Argentina\u00a0il\u0259\u00a0B\u00f6y\u00fck Britaniya\u00a0aras\u0131nda\u00a0Atlantik okean\u0131n\u0131n\u00a0c\u0259nub-q\u0259rb hiss\u0259sind\u0259 yerl\u0259\u015f\u0259n m\u00fcbahis\u0259li \u0259razidir. \u0130ki b\u00f6y\u00fck adalardan &#8211; \u015e\u0259rqi Folklend (Soledad) v\u0259 Q\u0259rbi Folklend (Qrand-Malkina) v\u0259 200-\u0259 yax\u0131n ki\u00e7ik adalardan ibar\u0259tdir. Onun sah\u0259si 12,1 min km2\u00a0, \u0259halisi -3 min n\u0259f\u0259rdir. Burada insanlar \u0259sas\u0259n \u00a0maldarl\u0131q v\u0259 bal\u0131q\u00e7\u0131l\u0131qla\u00a0 m\u0259\u015f\u011fuldurlar. \u0130lk d\u0259f\u0259 1600-c\u00fc ill\u0259rd\u0259 holland \u0259silli Sebald de Viirt t\u0259r\u0259find\u0259n k\u0259\u015ff edildiyi bildirilir.<\/p>\n<p><strong>Niue<\/strong><\/p>\n<p>Sakit okean\u0131nda yerl\u0259\u015f\u0259n ada d\u00f6vl\u0259tidir.\u00a0Yeni Zelandiyadan 2,400\u00a0km \u015fimal-\u015f\u0259rqd\u0259 yerl\u0259\u015fir. Quru sah\u0259si 260 kv.km-dir. 2016-c\u0131 ilin noyabr\u0131na olan m\u0259lumata \u0259sas\u0259n, \u0259ks\u0259riyy\u0259ti\u00a0Polineziyada olmaqla t\u0259qrib\u0259n 1,612 n\u0259f\u0259r \u0259halisi var.<\/p>\n<p>Niuenin paytaxt\u0131 Alofi k\u0259ndidir. Niue \u0259halisi Yeni Zelandiya v\u0259t\u0259nda\u015f\u0131 70%-i Niue dilind\u0259 dan\u0131\u015f\u0131r. Ada 19-cu \u0259srd\u0259 k\u0259\u015ff edilib.<\/p>\n<p><strong>Tokelau<\/strong><\/p>\n<p>1411 n\u0259f\u0259rlik \u0259halisi olan \u00a0Tokelau Sakit okeanda Yeni Zelandiyan\u0131n as\u0131l\u0131l\u0131\u011f\u0131nda olan \u00f6lk\u0259dir.\u00a0\u00dcmumi sah\u0259si c\u0259mi 10,1\u00a0km\u00b2 olan arxipelaq \u00fc\u00e7 ki\u00e7ik adadan ibar\u0259tdir: Atafu, Nukunonu v\u0259 Fakaofo.<\/p>\n<p>Qeyd ed\u0259k ki, bu \u00f6lk\u0259 1948-ci ild\u0259 qurulan monarxiya sistemi il\u0259 idar\u0259 olunur.<\/p>\n<p><strong>Vatikan<\/strong><\/p>\n<p>Vatikan \u2013 d\u00fcnyan\u0131n \u0259n ki\u00e7ik, eyni zamanda, m\u00fcst\u0259qil v\u0259 suveren \u00f6lk\u0259sidir. \u00d6lk\u0259 44 hektar \u0259raziy\u0259 v\u0259 mind\u0259n \u00e7ox \u0259haliy\u0259 sahibdir. Roma Papas\u0131 t\u0259r\u0259find\u0259n idar\u0259 edil\u0259n teokratik monarxiya 11 fevral 1929-cu il tarixind\u0259 Roma katolik kils\u0259si v\u0259 \u0130taliya r\u0259hb\u0259rliyi aras\u0131nda L\u00fcteran sazi\u015fi \u0259sas\u0131nda yarad\u0131l\u0131b.<\/p>\n<p><strong>Pitkairn adalar\u0131<\/strong><\/p>\n<p>Pitkairn adalar\u0131 Sakit okeanda \u00a0yerl\u0259\u015f\u0259n ki\u00e7ik bir topluluqdan ibar\u0259tdir. \u00a0Adada \u0259n q\u0259dim m\u0259skunla\u015fma izl\u0259ri 11-ci \u0259sr\u0259 aiddir. Pitkairn adalar\u0131nda 2018-ci ild\u0259 c\u0259mi 51 n\u0259f\u0259r insan ya\u015fay\u0131rd\u0131. 2020-ci il\u0259 olan m\u0259lumatlara g\u00f6r\u0259 is\u0259 50 n\u0259f\u0259r ya\u015fay\u0131r. Adada sad\u0259c\u0259 d\u0259niz quldurlar\u0131 m\u0259skunla\u015f\u0131b. 1808-ci ild\u0259 balina ov\u00e7ular\u0131 t\u0259r\u0259find\u0259n k\u0259\u015ff olunan ada daha sonra limana \u00e7evrilib.<\/p>\n<p><strong>Sil\u0259nd<\/strong><\/p>\n<p>\u015eimal d\u0259nizind\u0259 yerl\u0259\u015f\u0259n\u00a0virtual d\u00f6vl\u0259tdir. Dem\u0259k olar ki, bura\u00a0 d\u00fcnyan\u0131n \u0259n ki\u00e7ik tan\u0131nmayan \u00f6lk\u0259sidir.\u00a0 \u018fhalisinin say\u0131 \u00a0t\u0259xmin\u0259n 27 n\u0259f\u0259rdir. Sil\u0259nd II D\u00fcnya m\u00fcharib\u0259si zaman\u0131 alman t\u0259yyar\u0259l\u0259rinin qar\u015f\u0131s\u0131n\u0131 almaq \u00fc\u00e7\u00fcn \u0130ngilt\u0259r\u0259 t\u0259r\u0259find\u0259n d\u0259niz qalas\u0131 kimi in\u015fa edilib.<\/p>\n","protected":false},"excerpt":{"rendered":"<p>D\u00fcnyada\u00a0 \u0259n az \u0259halisi olan \u00f6lk\u0259l\u0259r d\u0259 m\u00f6vcuddur. Onlar\u0131 tan\u0131maq sizl\u0259r\u0259 d\u0259 maraql\u0131 olacaq. Nauru Avstraliyan\u0131n \u015fimal-\u015f\u0259rqind\u0259 yerl\u0259\u015f\u0259n bu \u00a0\u00f6lk\u0259nin 11 min \u0259halisi var. Bu \u00f6lk\u0259nin \u00a0bir \u00e7ox g\u00f6z\u0259l m\u0259kanlar\u0131 olsa da, oran\u0131n \u00a0turistik yer oldu\u011funu s\u00f6yl\u0259m\u0259k \u00e7ox da do\u011fru olmaz. \u00c7\u00fcnki \u00f6lk\u0259d\u0259 ciddi \u00a0n\u0259qliyyat problemi m\u00f6vcuddur. Montserrat \u201cDik da\u011f\u201d kimi t\u0259rc\u00fcm\u0259 olunan vulkanlar \u00f6lk\u0259si\u00a0 Monserrat\u0131n \u0259halisinin say\u0131 5000-6000 aras\u0131nda d\u0259yi\u015fir. \u018fhalisinin say\u0131n\u0131n tez-tez d\u0259yi\u015fm\u0259si m\u0259hz bu s\u0259b\u0259bd\u0259ndir. Qeyd ed\u0259k ki, bu torpaqlar\u0131 1792-ci ild\u0259 m\u0259\u015fhur s\u0259yyah Xristofor Kolumb k\u0259\u015ff edib. M\u00fcq\u0259dd\u0259s Yelena Atlantik okean\u0131n c\u0259nubunda yerl\u0259\u015f\u0259n bu vulkanik d\u00f6\u015f\u0259m\u0259li&hellip;<\/p>\n","protected":false},"author":2,"featured_media":544753,"comment_status":"closed","ping_status":"closed","sticky":false,"template":"","format":"standard","meta":{"om_disable_all_campaigns":false,"_monsterinsights_skip_tracking":false,"_monsterinsights_sitenote_active":false,"_monsterinsights_sitenote_note":"","_monsterinsights_sitenote_category":0},"categories":[24],"tags":[],"aioseo_notices":[],"gutentor_comment":0,"rttpg_featured_image_url":{"full":["https:\/\/arantv.az\/wp-content\/uploads\/2022\/12\/919d2356167085255739472736510786414.jpg",975,540,false],"landscape":["https:\/\/arantv.az\/wp-content\/uploads\/2022\/12\/919d2356167085255739472736510786414.jpg",975,540,false],"portraits":["https:\/\/arantv.az\/wp-content\/uploads\/2022\/12\/919d2356167085255739472736510786414.jpg",975,540,false],"thumbnail":["https:\/\/arantv.az\/wp-content\/uploads\/2022\/12\/919d2356167085255739472736510786414-500x280.jpg",500,280,true],"medium":["https:\/\/arantv.az\/wp-content\/uploads\/2022\/12\/919d2356167085255739472736510786414-660x365.jpg",660,365,true],"large":["https:\/\/arantv.az\/wp-content\/uploads\/2022\/12\/919d2356167085255739472736510786414-840x465.jpg",640,354,true],"1536x1536":["https:\/\/arantv.az\/wp-content\/uploads\/2022\/12\/919d2356167085255739472736510786414.jpg",975,540,false],"2048x2048":["https:\/\/arantv.az\/wp-content\/uploads\/2022\/12\/919d2356167085255739472736510786414.jpg",975,540,false],"post-thumbnail":["https:\/\/arantv.az\/wp-content\/uploads\/2022\/12\/919d2356167085255739472736510786414-240x172.jpg",240,172,true],"advps-thumb-one":["https:\/\/arantv.az\/wp-content\/uploads\/2022\/12\/919d2356167085255739472736510786414.jpg",975,540,false]},"rttpg_author":{"display_name":"V\u00fcsal Rafiqo\u011flu","author_link":"https:\/\/arantv.az\/?author=2"},"rttpg_comment":0,"rttpg_category":"<a href=\"https:\/\/arantv.az\/?cat=24\" rel=\"category\">Maraql\u0131<\/a>","rttpg_excerpt":"D\u00fcnyada\u00a0 \u0259n az \u0259halisi olan \u00f6lk\u0259l\u0259r d\u0259 m\u00f6vcuddur. Onlar\u0131 tan\u0131maq sizl\u0259r\u0259 d\u0259 maraql\u0131 olacaq. Nauru Avstraliyan\u0131n \u015fimal-\u015f\u0259rqind\u0259 yerl\u0259\u015f\u0259n bu \u00a0\u00f6lk\u0259nin 11 min \u0259halisi var. Bu \u00f6lk\u0259nin \u00a0bir \u00e7ox g\u00f6z\u0259l m\u0259kanlar\u0131 olsa da, oran\u0131n \u00a0turistik yer oldu\u011funu s\u00f6yl\u0259m\u0259k \u00e7ox da do\u011fru olmaz. \u00c7\u00fcnki \u00f6lk\u0259d\u0259 ciddi \u00a0n\u0259qliyyat problemi m\u00f6vcuddur. Montserrat \u201cDik da\u011f\u201d kimi t\u0259rc\u00fcm\u0259 olunan vulkanlar \u00f6lk\u0259si\u00a0&hellip;","_links":{"self":[{"href":"https:\/\/arantv.az\/index.php?rest_route=\/wp\/v2\/posts\/544752"}],"collection":[{"href":"https:\/\/arantv.az\/index.php?rest_route=\/wp\/v2\/posts"}],"about":[{"href":"https:\/\/arantv.az\/index.php?rest_route=\/wp\/v2\/types\/post"}],"author":[{"embeddable":true,"href":"https:\/\/arantv.az\/index.php?rest_route=\/wp\/v2\/users\/2"}],"replies":[{"embeddable":true,"href":"https:\/\/arantv.az\/index.php?rest_route=%2Fwp%2Fv2%2Fcomments&post=544752"}],"version-history":[{"count":0,"href":"https:\/\/arantv.az\/index.php?rest_route=\/wp\/v2\/posts\/544752\/revisions"}],"wp:featuredmedia":[{"embeddable":true,"href":"https:\/\/arantv.az\/index.php?rest_route=\/wp\/v2\/media\/544753"}],"wp:attachment":[{"href":"https:\/\/arantv.az\/index.php?rest_route=%2Fwp%2Fv2%2Fmedia&parent=544752"}],"wp:term":[{"taxonomy":"category","embeddable":true,"href":"https:\/\/arantv.az\/index.php?rest_route=%2Fwp%2Fv2%2Fcategories&post=544752"},{"taxonomy":"post_tag","embeddable":true,"href":"https:\/\/arantv.az\/index.php?rest_route=%2Fwp%2Fv2%2Ftags&post=544752"}],"curies":[{"name":"wp","href":"https:\/\/api.w.org\/{rel}","templated":true}]}}