{"id":544758,"date":"2022-12-13T07:19:20","date_gmt":"2022-12-13T04:19:20","guid":{"rendered":"https:\/\/arantv.az\/?p=544758"},"modified":"2022-12-13T07:19:20","modified_gmt":"2022-12-13T04:19:20","slug":"ulu-ond%c9%99rin-%c9%99n-cox-sevdiyi-abid%c9%99l%c9%99r-m%c9%99kani","status":"publish","type":"post","link":"https:\/\/arantv.az\/?p=544758","title":{"rendered":"Ulu \u00d6nd\u0259rin \u0259n \u00e7ox sevdiyi abid\u0259l\u0259r m\u0259kan\u0131"},"content":{"rendered":"<p><em><strong>2023-c\u00fc ilin\u00a0 \u00abHeyd\u0259r \u018fliyev \u0130li\u00bb elan olunmas\u0131 il\u0259 \u015eu\u015fa \u015f\u0259h\u0259rinin \u00abT\u00fcrk d\u00fcnyas\u0131n\u0131n m\u0259d\u0259niyy\u0259t paytaxt\u0131\u00bb\u00a0se\u00e7ilm\u0259sinin eyni d\u00f6vr\u0259 t\u0259sad\u00fcf etm\u0259si t\u00fcrk d\u00f6vl\u0259tl\u0259rinin h\u0259mr\u0259ylik n\u00fcmun\u0259si olmaqla Ulu \u00d6nd\u0259rin \u0259n \u00e7ox sevdiyi bu q\u0259dim diyarla ba\u011fl\u0131 ist\u0259kl\u0259rinin ger\u00e7\u0259kl\u0259\u015fm\u0259sidir<\/strong><\/em><\/p>\n<p>\u00d6lk\u0259y\u0259 r\u0259hb\u0259rliyinin h\u0259r iki d\u00f6n\u0259mind\u0259\u00a0 daxili siyas\u0259tin \u0259sas prioritetl\u0259ri olan d\u00f6vl\u0259tin m\u0259nefeyini qorumaq, iqtisadi v\u0259 sosial islahatlar\u0131 paralel aparmaqla\u00a0 xalq\u0131n\u00a0 firavan ya\u015fay\u0131\u015f\u0131n\u0131 t\u0259min etm\u0259k, insan amilini f\u0259alla\u015fd\u0131rmaq,\u00a0 v\u0259t\u0259nda\u015f m\u0259mnuniyy\u0259tini y\u00fcks\u0259ltm\u0259k \u00fc\u00e7\u00fcn sa\u011flam c\u0259miyy\u0259t formala\u015fd\u0131rmaq bacar\u0131\u011f\u0131 ulu \u00f6nd\u0259r Heyd\u0259r \u018fliyevin liderlik f\u0259ls\u0259f\u0259sinin, t\u0259cr\u00fcb\u0259 m\u0259kt\u0259binin \u0259sas prinsipl\u0259rind\u0259n idi. M\u00fcasirl\u0259ri aras\u0131nda b\u00f6y\u00fck n\u00fcfuza malik olan, \u00a0\u00a0d\u00fcnyas\u0131n\u0131 d\u0259yi\u015fdikd\u0259n sonra bel\u0259 \u00a0tarixi\u00a0 \u015f\u0259xsiyy\u0259t kimi ya\u015famaq haqq\u0131 qazanan, ard\u0131c\u0131llar\u0131na z\u0259ngin miras qoyan \u00e7ox az d\u00f6vl\u0259t xadimi olub. Az\u0259rbaycana bir \u00a0q\u0259rin\u0259d\u0259n art\u0131q r\u0259hb\u0259rlik ed\u0259n,\u00a0 m\u00fcst\u0259qilliyimizin \u0259b\u0259diliyi namin\u0259 h\u0259yat\u0131n\u0131 V\u0259t\u0259nin\u0259, xalq\u0131na h\u0259sr ed\u0259n \u00fcmummilli lider Heyd\u0259r \u018fliyev m\u00fc\u0259llifi oldu\u011fu m\u00fcasir m\u00fcst\u0259qil Az\u0259rbaycan\u0131n suverenliyini \u00a0qorumaqla liderlik missiyas\u0131n\u0131 layiqinc\u0259\u00a0 yerin\u0259 yetirdi. \u00d6lk\u0259mizin d\u00fcnya birliyind\u0259 m\u00f6hk\u0259ml\u0259n\u0259n \u00a0m\u00f6vqeyini apard\u0131\u011f\u0131 demokratik islahatlarla\u00a0 t\u0259min etdi, d\u00f6vl\u0259ti etibarl\u0131 \u0259ll\u0259r\u0259 tap\u015f\u0131rd\u0131. D\u00fcnya siyas\u0259tind\u0259 c\u0259r\u0259yan ed\u0259n prosesl\u0259ri d\u00fc\u015f\u00fcn\u00fclm\u00fc\u015f m\u0259ntiqinin g\u00fcc\u00fc il\u0259 t\u0259hlil ed\u0259n, s\u00f6z\u00fc,\u00a0\u00a0 sanbal\u0131 il\u0259 se\u00e7il\u0259n ulu \u00f6nd\u0259r Heyd\u0259r \u018fliyev b\u00fct\u00fcn d\u00f6vrl\u0259rd\u0259 xalq\u0131m\u0131z\u0131n \u0259b\u0259di ya\u015far lideri ad\u0131n\u0131 tarixi xidm\u0259tl\u0259ri il\u0259 qazand\u0131 v\u0259 do\u011frultdu. \u00dcmumxalq m\u0259h\u0259bb\u0259ti qazanm\u0131\u015f m\u00fcdrik \u015f\u0259xsiyy\u0259t, bitib-t\u00fck\u0259nm\u0259y\u0259n enerjisi il\u0259\u00a0 xalq\u0131n\u0131 inki\u015faf yolu il\u0259 ir\u0259liy\u0259 aparan fenomen lider \u00a0\u00a0d\u00fcnya siyas\u0259t\u00e7il\u0259ri aras\u0131nda \u00f6nd\u0259rliyini\u00a0 z\u0259kas\u0131, siyasi t\u0259cr\u00fcb\u0259si il\u0259 t\u0259sdiql\u0259m\u0259kl\u0259 \u00e7oxlar\u0131na n\u00fcmun\u0259 oldu.<\/p>\n<p>Daim\u00a0 xalq\u0131 il\u0259 bir olan ulu \u00f6nd\u0259r Heyd\u0259r \u018fliyev bir \u00e7ox siyasi xadimin \u00f6hd\u0259sind\u0259n \u00a0g\u0259l\u0259 bilm\u0259diyi \u00a0v\u0259 h\u0259ll ed\u0259 bilm\u0259y\u0259c\u0259yi m\u00fc\u015fk\u00fcl m\u0259s\u0259l\u0259l\u0259ri z\u0259kas\u0131n\u0131n q\u00fcdr\u0259ti il\u0259 h\u0259ll etdi. M\u00fcasir d\u00fcnyan\u0131n \u0259n aktual \u00e7a\u011f\u0131r\u0131\u015flar\u0131na cavab verm\u0259k bacar\u0131\u011f\u0131 il\u0259 XX v\u0259 XXI \u0259srl\u0259rin tan\u0131nm\u0131\u015f siyasi xadiml\u0259ri s\u0131ras\u0131nda liderlik ad\u0131n\u0131 sa\u011fl\u0131\u011f\u0131nda qazand\u0131. Xalq\u0131m\u0131z\u0131n yeti\u015fdirdiyi nadir d\u00f6vl\u0259t xadiml\u0259rind\u0259n olan, h\u0259r zaman insanlar\u0131, V\u0259t\u0259nini d\u00fc\u015f\u00fcn\u0259n, Az\u0259rbaycan\u0131n beyn\u0259lxalq al\u0259md\u0259 \u00f6z\u00fcn\u0259m\u0259xsus yet tutmas\u0131,\u00a0 s\u00f6z sahibi olmas\u0131 \u00fc\u00e7\u00fcn z\u0259ngin d\u00f6vl\u0259t\u00e7ilik\u00a0 t\u0259cr\u00fcb\u0259sind\u0259n istifad\u0259 ed\u0259n ulu \u00f6nd\u0259r Heyd\u0259r \u018fliyev \u00fc\u00e7\u00fcn \u0259n b\u00f6y\u00fck m\u00fckafat Az\u0259rbaycan\u0131n suverenliyi, xalq\u0131n\u0131n sevgisi v\u0259 inam\u0131 idi.<\/p>\n<p>Sa\u011fl\u0131\u011f\u0131nda \u0259fsan\u0259y\u0259 \u00e7evril\u0259n, Kremld\u0259 \u00e7al\u0131\u015fd\u0131\u011f\u0131 ill\u0259rd\u0259 bel\u0259\u00a0 z\u0259kas\u0131, hadis\u0259l\u0259r\u0259 yana\u015fmas\u0131,\u00a0 qiym\u0259t verm\u0259si bax\u0131m\u0131ndan \u00e7oxlar\u0131n\u0131 t\u0259\u0259cc\u00fcbl\u0259ndir\u0259n,\u00a0 fenomen \u015f\u0259xsiyy\u0259t kimi\u00a0 b\u00f6y\u00fck n\u00fcfuz qazanan, z\u0259ngin h\u0259yat t\u0259cr\u00fcb\u0259si olan Heyd\u0259r \u018fliyev birinci\u00a0 hakimiyy\u0259ti d\u00f6vr\u00fcnd\u0259\u00a0 Az\u0259rbaycan\u0131 iqtisadi\u00a0 t\u0259n\u0259zz\u00fcld\u0259n xilas etdi.<\/p>\n<p>1993-c\u00fc ild\u0259 yenid\u0259n \u00a0hakimiyy\u0259t\u0259 qay\u0131tmaqla \u00a0siyasi bacar\u0131\u011f\u0131, m\u00fcdrikliyi il\u0259 \u00f6lk\u0259ni v\u0259t\u0259nda\u015f m\u00fcharib\u0259si t\u0259hl\u00fck\u0259sind\u0259n, ictimai-siyasi p\u0259rak\u0259nd\u0259likd\u0259n xilas ed\u0259n, insanlarda \u00a0milli t\u0259f\u0259kk\u00fcr\u00fc, \u00a0az\u0259rbaycan\u00e7\u0131l\u0131q m\u0259fkur\u0259sini \u00a0formala\u015fd\u0131ran bu g\u00fccl\u00fc \u015f\u0259xsiyy\u0259t xalq\u0131n\u0131 vahid\u00a0 m\u0259qs\u0259d \u0259traf\u0131nda birl\u0259\u015fdir\u0259r\u0259k sabaha inam hissini art\u0131rd\u0131. Dan\u0131lmaz h\u0259qiq\u0259tdir ki, \u00f6lk\u0259mizin bug\u00fcnk\u00fc t\u0259r\u0259qqisi Ulu \u00d6nd\u0259rin \u00a0d\u00fc\u015f\u00fcn\u00fclm\u00fc\u015f siyas\u0259tinin, tarixi hadis\u0259l\u0259rin gedi\u015fini ir\u0259lic\u0259d\u0259n m\u00fc\u0259yy\u0259n etm\u0259k bacar\u0131\u011f\u0131n\u0131n n\u0259tic\u0259sidir. \u00abD\u00fczg\u00fcn adam h\u0259qiq\u0259ti\u00a0 h\u0259r yerd\u0259 deyir, a\u011f\u0131ll\u0131 adam is\u0259\u00a0 h\u0259qiq\u0259ti\u00a0 laz\u0131m oldu\u011fu zamanda s\u00f6yl\u0259yir\u00bb m\u00fcdrik k\u0259lam\u0131 Ulu \u00d6nd\u0259rin \u015f\u0259xsiyy\u0259tind\u0259\u00a0 \u0259ksini tap\u0131rd\u0131.<\/p>\n<p>M\u00fcdrik \u015f\u0259xsiyy\u0259t \u00a0Heyd\u0259r \u018fliyevin\u00a0 hakimiyy\u0259t\u0259 qay\u0131d\u0131\u015f\u0131 il\u0259 \u00f6lk\u0259nin ictimai-siyasi, sosial, iqtisadi, elmi-m\u0259d\u0259ni h\u0259yat\u0131nda, beyn\u0259lxalq \u0259laq\u0259l\u0259rd\u0259 d\u00f6n\u00fc\u015f yarand\u0131, elmi \u0259saslara, beyn\u0259lxalq norma v\u0259 prinsipl\u0259r\u0259 uy\u011fun m\u00fcst\u0259qil d\u00f6vl\u0259t quruculu\u011fu prosesi ba\u015flad\u0131.\u00a0 V\u0259t\u0259nda\u015f m\u00fcharib\u0259sin\u0259 son qoyuldu, qanunsuz silahl\u0131 birl\u0259\u015fm\u0259l\u0259r t\u0259rksilah edildi. Az\u0259rbaycanda qayda-qanun yarad\u0131ld\u0131 v\u0259 \u00f6lk\u0259 inki\u015faf d\u00f6vr\u00fcn\u0259 q\u0259d\u0259m qoydu. O d\u00f6vrd\u0259 h\u0259yati m\u0259s\u0259l\u0259 olan Milli Ordumuzun yarad\u0131lmas\u0131 \u00f6lk\u0259mizin m\u00fcdafi\u0259 q\u00fcdr\u0259tinin m\u00f6hk\u0259ml\u0259ndirilm\u0259si bax\u0131m\u0131ndan daha b\u00f6y\u00fck diqq\u0259t t\u0259l\u0259b edirdi.\u00a0 Onun uzaqg\u00f6r\u0259n siyas\u0259ti n\u0259tic\u0259sind\u0259 \u00a0Az\u0259rbaycan\u0131n milli m\u0259nafel\u0259rini qoruma\u011fa qadir nizami silahl\u0131 q\u00fcvv\u0259l\u0259r\u00a0formala\u015fd\u0131r\u0131ld\u0131.<\/p>\n<p>Respublikada yaranan nisbi sabitlikd\u0259n v\u0259 beyn\u0259lxalq al\u0259md\u0259 \u00f6lk\u0259miz\u0259 artan inam v\u0259 maraqdan istifad\u0259 ed\u0259r\u0259k m\u00fc\u0259llifi oldu\u011fu, eyni zamanda,\u00a0 \u00f6lk\u0259mizin inki\u015faf konsepsiyas\u0131n\u0131 t\u0259\u015fkil ed\u0259n \u00a0neft strategiyas\u0131n\u0131 haz\u0131rlamaqla,\u00a0 \u00ab\u018fsrin m\u00fcqavil\u0259si\u00bb kimi qlobal\u00a0 layih\u0259nin imzalanmas\u0131na nail olmaqla d\u00fcnyan\u0131n \u0259n iri neft \u015firk\u0259tl\u0259ri il\u0259 \u0259m\u0259kda\u015fl\u0131\u011f\u0131n \u0259sas\u0131n\u0131 qoydu. Az\u0259rbaycan\u0131n qar\u015f\u0131dak\u0131 onill\u0259r \u00fc\u00e7\u00fcn \u00a0inki\u015faf konsepsiyas\u0131n\u0131 m\u00fc\u0259yy\u0259nl\u0259\u015fdir\u0259n, \u00a0\u00fcmumb\u0259\u015f\u0259ri d\u0259y\u0259rl\u0259rin xalq\u0131m\u0131z, milli mentalitetimiz, m\u0259n\u0259viyyat\u0131m\u0131z \u00fc\u00e7\u00fcn uy\u011fun c\u0259h\u0259tl\u0259rini t\u0259tbiq ed\u0259n,\u00a0 milli s\u0259rv\u0259tl\u0259rimizin t\u0259bli\u011fin\u0259 geni\u015f diqq\u0259t yetir\u0259n \u00fcmummilli lider Heyd\u0259r \u018fliyev\u00a0Az\u0259rbaycan\u0131n demokratiya yolu il\u0259 inki\u015faf\u0131n\u0131 g\u0259l\u0259c\u0259k \u00fc\u00e7\u00fcn t\u0259minat hesab ed\u0259r\u0259k f\u0259aliyy\u0259tinin b\u00fct\u00fcn d\u00f6vrl\u0259rind\u0259\u00a0 \u0259sas daya\u011f\u0131 kimi xalqa arxalan\u0131rd\u0131. Fenomen d\u00f6vl\u0259t xadimi Heyd\u0259r \u018fliyevin\u00a0 n\u00fcfuzu, \u00a0m\u00fcdrikliyi say\u0259sind\u0259 Az\u0259rbaycan\u0131n m\u00fcst\u0259qilliyin\u0259 t\u0259hl\u00fck\u0259 olan p\u0259rd\u0259arxas\u0131 oyunlara, siyasi anarxiya v\u0259 ekstremizm hallar\u0131na\u00a0 son qoyulmu\u015f, \u00f6lk\u0259d\u0259 cinay\u0259tkarl\u0131\u011f\u0131n qar\u015f\u0131s\u0131 tamamil\u0259 al\u0131nd\u0131, b\u00fct\u00fcn qanunsuz silahl\u0131 d\u0259st\u0259l\u0259r l\u0259\u011fv olundu.,\u00a0 b\u00fct\u00f6vl\u00fckd\u0259 Az\u0259rbaycanda d\u00f6vl\u0259t quruculu\u011fu prosesinin u\u011furla apar\u0131lmas\u0131 \u00fc\u00e7\u00fcn \u015f\u0259rait yaranm\u0131\u015fd\u0131. Az\u0259rbaycan d\u00f6vl\u0259t\u00e7iliyinin m\u00f6vcudlu\u011funa b\u00f6y\u00fck t\u0259hl\u00fck\u0259 olan 1994-c\u00fc ilin oktyabr v\u0259 1995-ci ilin mart d\u00f6vl\u0259t \u00e7evrili\u015fl\u0259rin\u0259\u00a0c\u0259hdl\u0259rin qar\u015f\u0131s\u0131 ulu \u00f6nd\u0259r Heyd\u0259r \u018fliyevin q\u0259tiyy\u0259ti say\u0259sind\u0259 al\u0131nd\u0131, d\u00f6vl\u0259t m\u00fcst\u0259qilliyi qorunub saxlan\u0131ld\u0131.<\/p>\n<p>Ulu \u00d6nd\u0259rin \u0259n b\u00f6y\u00fck arzusu Az\u0259rbaycan\u0131n \u0259razi b\u00fct\u00f6vl\u00fcy\u00fcn\u00fcn t\u0259min olunmas\u0131, Erm\u0259nistan\u0131n i\u015f\u011fal\u0131 alt\u0131nda qalan torpaqlar\u0131m\u0131z\u0131n azad edilm\u0259si idi. M\u00fcdrik \u015f\u0259xsiyy\u0259tin Heyd\u0259r \u018fliyevin Az\u0259rbaycan\u0131 etibar etdiyi \u00a0layiqli davam\u00e7\u0131s\u0131\u00a0 Prezident \u0130lham \u018fliyev\u00a0 Ulu \u00d6nd\u0259rin bu arzusunu yerin\u0259 yetirdi. \u00a0\u015eu\u015fan\u0131n Az\u0259rbaycan \u00fc\u00e7\u00fcn m\u00fcst\u0259sna \u0259h\u0259miyy\u0259t da\u015f\u0131d\u0131\u011f\u0131n\u0131 bildir\u0259n, \u015f\u0259h\u0259rin ilkin simas\u0131n\u0131n b\u0259rpas\u0131 \u00fc\u00e7\u00fcn at\u0131lan add\u0131mlar\u0131n h\u0259r biri Ulu \u00d6nd\u0259rin ist\u0259kl\u0259rin\u0259 h\u00f6rm\u0259t ifad\u0259sidir. \u00a0\u00a0Az\u0259rbaycan m\u0259d\u0259niyy\u0259tinin paytaxt\u0131 olan \u015eu\u015fan\u0131n b\u0259rpas\u0131na\u00a0 diqq\u0259tini\u00a0 \u00ab\u015eu\u015fa \u015f\u0259h\u0259ri buna layiqdir. Hesab edir\u0259m ki, n\u0259inki Az\u0259rbaycan\u0131n, b\u00f6lg\u0259nin m\u0259d\u0259ni paytaxt\u0131 say\u0131la bil\u0259r. \u015eu\u015fan\u0131n m\u0259d\u0259ni h\u0259yat\u0131 z\u0259ngin olmal\u0131d\u0131r\u00bb s\u00f6yl\u0259y\u0259n d\u00f6vl\u0259t ba\u015f\u00e7\u0131s\u0131 Prezident \u00a0\u0130lham \u018fliyev \u00fcmummilli lider Heyd\u0259r \u018fliyev m\u0259kt\u0259binin layiqli davam\u00e7\u0131s\u0131 \u00a0oldu\u011funu \u00abXar\u0131b\u00fclb\u00fcl\u00bb, Vaqif Poeziya G\u00fcnl\u0259rinin ke\u00e7irilm\u0259si il\u0259 t\u0259sdiql\u0259di.\u00a0 Bu \u015f\u0259h\u0259r\u0259 y\u00fcks\u0259k d\u0259y\u0259r ver\u0259n \u00a0\u00fcmummilli lider Heyd\u0259r \u018fliyev \u015eu\u015fan\u0131n Az\u0259rbaycan \u00fc\u00e7\u00fcn n\u0259 d\u0259r\u0259c\u0259d\u0259 \u0259h\u0259miyy\u0259tli oldu\u011funu bu s\u00f6zl\u0259ri il\u0259 ifad\u0259 edib: \u00ab&#8230;\u015eu\u015fa Az\u0259rbaycan\u0131n \u0259n \u0259ziz v\u0259 b\u00f6y\u00fck tarixi olan bir gu\u015f\u0259sidir. \u015eu\u015fan\u0131 yaradanlar, \u015eu\u015fa \u015f\u0259h\u0259rini quranlar, \u015eu\u015fa qalas\u0131n\u0131 tik\u0259nl\u0259r Az\u0259rbaycan torpa\u011f\u0131n\u0131n sahibl\u0259ri olublar v\u0259 Qaraba\u011fda Az\u0259rbaycan torpa\u011f\u0131n\u0131n daim qorunmas\u0131, saxlanmas\u0131 \u00fc\u00e7\u00fcn \u015eu\u015fa \u015f\u0259h\u0259rini, qalas\u0131n\u0131 yarad\u0131blar. Bu, Az\u0259rbaycan xalq\u0131n\u0131n, \u0259cdadlar\u0131m\u0131z\u0131n yaratd\u0131\u011f\u0131 b\u00f6y\u00fck abid\u0259dir, t\u0259kc\u0259 \u015f\u0259h\u0259r deyil, b\u00f6y\u00fck bir tarixi abid\u0259dir. Bu \u015f\u0259h\u0259rd\u0259, onun \u0259traf\u0131nda Az\u0259rbaycan xalq\u0131n\u0131n bir ne\u00e7\u0259 \u0259srlik tarix\u0259 malik b\u00f6y\u00fck m\u0259d\u0259niyy\u0259ti, m\u0259d\u0259ni irsi, q\u0259hr\u0259manl\u0131q n\u00fcmun\u0259l\u0259ri yaran\u0131bd\u0131r. \u015eu\u015fa t\u0259kc\u0259 \u015fu\u015fal\u0131lar \u00fc\u00e7\u00fcn yox, b\u00fct\u00fcn az\u0259rbaycanl\u0131lar \u00fc\u00e7\u00fcn, v\u0259t\u0259nini, mill\u0259tini sev\u0259n h\u0259r bir v\u0259t\u0259nda\u015f\u0131m\u0131z \u00fc\u00e7\u00fcn \u0259ziz bir \u015f\u0259h\u0259rdir, \u0259ziz bir torpaqd\u0131r, \u0259ziz bir qalad\u0131r, \u0259ziz bir abid\u0259dir.\u00bb<\/p>\n<p>\u00abKi\u00e7ik Paris\u00bb, \u00abQafqaz\u0131n s\u0259n\u0259t m\u0259b\u0259di\u00bb, \u00abAz\u0259rbaycan musiqisinin be\u015fiyi\u00bb, \u00ab\u015e\u0259rqin konservatoriyas\u0131\u00bb adland\u0131r\u0131lan \u00a0bu \u015f\u0259h\u0259r Erm\u0259nistan\u0131n i\u015f\u011fal\u0131ndan azad edildikd\u0259n sonra \u0259vv\u0259lki g\u00f6rk\u0259min\u0259 qaytar\u0131l\u0131r.<\/p>\n<p>Prezident \u0130lham \u018fliyevin S\u0259r\u0259ncam\u0131 il\u0259 2023-c\u00fc il \u00abHeyd\u0259r \u018fliyev \u0130li\u00bb elan olunub. T\u00dcRKSOY-un Daimi \u015euras\u0131n\u0131n T\u00fcrkiy\u0259nin \u00a0Bursa \u015f\u0259h\u0259rind\u0259 ke\u00e7iril\u0259n iclas\u0131nda Az\u0259rbaycan\u0131n m\u0259d\u0259niyy\u0259t paytaxt\u0131 \u015eu\u015fa \u015f\u0259h\u0259ri 2023-c\u00fc il \u00fc\u00e7\u00fcn &#8220;T\u00fcrk d\u00fcnyas\u0131n\u0131n m\u0259d\u0259niyy\u0259t paytaxt\u0131&#8221;\u00a0elan edilib. H\u0259r iki m\u00fch\u00fcm hadis\u0259nin eyni il\u0259 t\u0259sad\u00fcf etm\u0259si haqq\u0131nda\u00a0 q\u0259rarlar\u0131n q\u0259bulu t\u00fcrk d\u00fcnyas\u0131n\u0131n yenilm\u0259zliyinin, h\u0259mr\u0259yliyinin\u00a0 n\u00fcmun\u0259si olmaqla Ulu \u00d6nd\u0259rin \u015eu\u015fa il\u0259 ba\u011fl\u0131 ist\u0259kl\u0259rinin realla\u015fmas\u0131 dem\u0259kdir.<\/p>\n","protected":false},"excerpt":{"rendered":"<p>2023-c\u00fc ilin\u00a0 \u00abHeyd\u0259r \u018fliyev \u0130li\u00bb elan olunmas\u0131 il\u0259 \u015eu\u015fa \u015f\u0259h\u0259rinin \u00abT\u00fcrk d\u00fcnyas\u0131n\u0131n m\u0259d\u0259niyy\u0259t paytaxt\u0131\u00bb\u00a0se\u00e7ilm\u0259sinin eyni d\u00f6vr\u0259 t\u0259sad\u00fcf etm\u0259si t\u00fcrk d\u00f6vl\u0259tl\u0259rinin h\u0259mr\u0259ylik n\u00fcmun\u0259si olmaqla Ulu \u00d6nd\u0259rin \u0259n \u00e7ox sevdiyi bu q\u0259dim diyarla ba\u011fl\u0131 ist\u0259kl\u0259rinin ger\u00e7\u0259kl\u0259\u015fm\u0259sidir \u00d6lk\u0259y\u0259 r\u0259hb\u0259rliyinin h\u0259r iki d\u00f6n\u0259mind\u0259\u00a0 daxili siyas\u0259tin \u0259sas prioritetl\u0259ri olan d\u00f6vl\u0259tin m\u0259nefeyini qorumaq, iqtisadi v\u0259 sosial islahatlar\u0131 paralel aparmaqla\u00a0 xalq\u0131n\u00a0 firavan ya\u015fay\u0131\u015f\u0131n\u0131 t\u0259min etm\u0259k, insan amilini f\u0259alla\u015fd\u0131rmaq,\u00a0 v\u0259t\u0259nda\u015f m\u0259mnuniyy\u0259tini y\u00fcks\u0259ltm\u0259k \u00fc\u00e7\u00fcn sa\u011flam c\u0259miyy\u0259t formala\u015fd\u0131rmaq bacar\u0131\u011f\u0131 ulu \u00f6nd\u0259r Heyd\u0259r \u018fliyevin liderlik f\u0259ls\u0259f\u0259sinin, t\u0259cr\u00fcb\u0259 m\u0259kt\u0259binin \u0259sas prinsipl\u0259rind\u0259n idi. M\u00fcasirl\u0259ri aras\u0131nda b\u00f6y\u00fck n\u00fcfuza malik olan, \u00a0\u00a0d\u00fcnyas\u0131n\u0131 d\u0259yi\u015fdikd\u0259n sonra bel\u0259&hellip;<\/p>\n","protected":false},"author":2,"featured_media":544759,"comment_status":"closed","ping_status":"closed","sticky":false,"template":"","format":"standard","meta":{"om_disable_all_campaigns":false,"_monsterinsights_skip_tracking":false,"_monsterinsights_sitenote_active":false,"_monsterinsights_sitenote_note":"","_monsterinsights_sitenote_category":0},"categories":[19],"tags":[],"aioseo_notices":[],"gutentor_comment":0,"rttpg_featured_image_url":{"full":["https:\/\/arantv.az\/wp-content\/uploads\/2022\/12\/7f5fc754167085716659348285410738136.jpg",975,540,false],"landscape":["https:\/\/arantv.az\/wp-content\/uploads\/2022\/12\/7f5fc754167085716659348285410738136.jpg",975,540,false],"portraits":["https:\/\/arantv.az\/wp-content\/uploads\/2022\/12\/7f5fc754167085716659348285410738136.jpg",975,540,false],"thumbnail":["https:\/\/arantv.az\/wp-content\/uploads\/2022\/12\/7f5fc754167085716659348285410738136-500x280.jpg",500,280,true],"medium":["https:\/\/arantv.az\/wp-content\/uploads\/2022\/12\/7f5fc754167085716659348285410738136-660x365.jpg",660,365,true],"large":["https:\/\/arantv.az\/wp-content\/uploads\/2022\/12\/7f5fc754167085716659348285410738136-840x465.jpg",640,354,true],"1536x1536":["https:\/\/arantv.az\/wp-content\/uploads\/2022\/12\/7f5fc754167085716659348285410738136.jpg",975,540,false],"2048x2048":["https:\/\/arantv.az\/wp-content\/uploads\/2022\/12\/7f5fc754167085716659348285410738136.jpg",975,540,false],"post-thumbnail":["https:\/\/arantv.az\/wp-content\/uploads\/2022\/12\/7f5fc754167085716659348285410738136-240x172.jpg",240,172,true],"advps-thumb-one":["https:\/\/arantv.az\/wp-content\/uploads\/2022\/12\/7f5fc754167085716659348285410738136.jpg",975,540,false]},"rttpg_author":{"display_name":"V\u00fcsal Rafiqo\u011flu","author_link":"https:\/\/arantv.az\/?author=2"},"rttpg_comment":0,"rttpg_category":"<a href=\"https:\/\/arantv.az\/?cat=19\" rel=\"category\">G\u00fcnd\u0259m<\/a>","rttpg_excerpt":"2023-c\u00fc ilin\u00a0 \u00abHeyd\u0259r \u018fliyev \u0130li\u00bb elan olunmas\u0131 il\u0259 \u015eu\u015fa \u015f\u0259h\u0259rinin \u00abT\u00fcrk d\u00fcnyas\u0131n\u0131n m\u0259d\u0259niyy\u0259t paytaxt\u0131\u00bb\u00a0se\u00e7ilm\u0259sinin eyni d\u00f6vr\u0259 t\u0259sad\u00fcf etm\u0259si t\u00fcrk d\u00f6vl\u0259tl\u0259rinin h\u0259mr\u0259ylik n\u00fcmun\u0259si olmaqla Ulu \u00d6nd\u0259rin \u0259n \u00e7ox sevdiyi bu q\u0259dim diyarla ba\u011fl\u0131 ist\u0259kl\u0259rinin ger\u00e7\u0259kl\u0259\u015fm\u0259sidir \u00d6lk\u0259y\u0259 r\u0259hb\u0259rliyinin h\u0259r iki d\u00f6n\u0259mind\u0259\u00a0 daxili siyas\u0259tin \u0259sas prioritetl\u0259ri olan d\u00f6vl\u0259tin m\u0259nefeyini qorumaq, iqtisadi v\u0259 sosial islahatlar\u0131 paralel aparmaqla\u00a0 xalq\u0131n\u00a0 firavan&hellip;","_links":{"self":[{"href":"https:\/\/arantv.az\/index.php?rest_route=\/wp\/v2\/posts\/544758"}],"collection":[{"href":"https:\/\/arantv.az\/index.php?rest_route=\/wp\/v2\/posts"}],"about":[{"href":"https:\/\/arantv.az\/index.php?rest_route=\/wp\/v2\/types\/post"}],"author":[{"embeddable":true,"href":"https:\/\/arantv.az\/index.php?rest_route=\/wp\/v2\/users\/2"}],"replies":[{"embeddable":true,"href":"https:\/\/arantv.az\/index.php?rest_route=%2Fwp%2Fv2%2Fcomments&post=544758"}],"version-history":[{"count":0,"href":"https:\/\/arantv.az\/index.php?rest_route=\/wp\/v2\/posts\/544758\/revisions"}],"wp:featuredmedia":[{"embeddable":true,"href":"https:\/\/arantv.az\/index.php?rest_route=\/wp\/v2\/media\/544759"}],"wp:attachment":[{"href":"https:\/\/arantv.az\/index.php?rest_route=%2Fwp%2Fv2%2Fmedia&parent=544758"}],"wp:term":[{"taxonomy":"category","embeddable":true,"href":"https:\/\/arantv.az\/index.php?rest_route=%2Fwp%2Fv2%2Fcategories&post=544758"},{"taxonomy":"post_tag","embeddable":true,"href":"https:\/\/arantv.az\/index.php?rest_route=%2Fwp%2Fv2%2Ftags&post=544758"}],"curies":[{"name":"wp","href":"https:\/\/api.w.org\/{rel}","templated":true}]}}